{"id":13939,"date":"2014-08-08T04:54:24","date_gmt":"2014-08-08T07:54:24","guid":{"rendered":"https:\/\/blogs.gazetaesportiva.com\/planeta-octogono\/?p=13939"},"modified":"2014-08-08T04:54:24","modified_gmt":"2014-08-08T07:54:24","slug":"feliz-com-renovacao-felipe-sertanejo-aguarda-ufc-para-voltar-lutar-quero-e-estar-no-octogono","status":"publish","type":"post","link":"https:\/\/blogs.gazetaesportiva.com\/planeta-octogono\/2014\/08\/08\/feliz-com-renovacao-felipe-sertanejo-aguarda-ufc-para-voltar-lutar-quero-e-estar-no-octogono\/","title":{"rendered":"Feliz com renova\u00e7\u00e3o, Felipe Sertanejo aguarda UFC para voltar lutar: Quero \u00e9 estar no octogono!"},"content":{"rendered":"<figure id=\"attachment_13940\" aria-describedby=\"caption-attachment-13940\" style=\"width: 500px\" class=\"wp-caption aligncenter\"><a href=\"https:\/\/blogs.gazetaesportiva.com\/planeta-octogono\/files\/2014\/08\/tmp_14901-hdr_1407484326051-1864577743.jpg\"><img loading=\"lazy\" decoding=\"async\" src=\"https:\/\/blogs.gazetaesportiva.com\/planeta-octogono\/files\/2014\/08\/tmp_14901-hdr_1407484326051-1864577743.jpg\" alt=\"Lutador aguarda decis\u00e3o do UFC para voltar a lutar - Divulga\u00e7\u00e3o\" width=\"500\" height=\"334\" class=\"size-full wp-image-13940\" \/><\/a><figcaption id=\"caption-attachment-13940\" class=\"wp-caption-text\">Lutador aguarda decis\u00e3o do UFC para voltar a lutar &#8211; Divulga\u00e7\u00e3o<\/figcaption><\/figure>\n<p>Com contrato renovado com o UFC, em meados de mar\u00e7o, e totalmente recuperado das les\u00f5es, Felipe Sertanejo n\u00e3o esconde a ansiedade de voltar a entrar no oct\u00f3gono e mostrar trabalho. O atleta paulistano lutou pela \u00faltima vez em fevereiro deste ano, quando derrotou o venezuelano Maximo Blanco, por decis\u00e3o un\u00e2nime dos ju\u00edzes, no UFC Fight Night 36, em Jaragu\u00e1 do Sul, e por isso n\u00e3o aponta nem sequer um card preferido para voltar.<\/p>\n<p>Ap\u00f3s o triunfo, foram cerca e dois meses e meio se recuperando de problemas no joelho e na m\u00e3o, mas o trabalho continuou forte. Treinando na Chute Boxe de Diego Lima, em S\u00e3o Paulo, Sertanejo recebeu a not\u00edcia e o novo contrato com o Ultimate, como recompensa pelo desempenho no oct\u00f3gono.<\/p>\n<p>&#8220;Foi boa demais essa renova\u00e7\u00e3o, porque voc\u00ea sempre vive a expectativa de n\u00e3o saber se vai renovar. Sempre tem a press\u00e3o de demiss\u00e3o e ent\u00e3o quando renova \u00e9 um sinal de que o trabalho est\u00e1 sendo bem feito&#8221;, comemora, mostrando-se confiante para futuras extens\u00f5es de contrato: &#8220;Se Deus quiser ainda ter\u00e1 muitas renova\u00e7\u00f5es e espero subir ainda mais na categoria&#8221;.<\/p>\n<figure id=\"attachment_13941\" aria-describedby=\"caption-attachment-13941\" style=\"width: 960px\" class=\"wp-caption aligncenter\"><a href=\"https:\/\/blogs.gazetaesportiva.com\/planeta-octogono\/files\/2014\/08\/tmp_14901-IMG_3476903844652-567188700.jpeg\"><img loading=\"lazy\" decoding=\"async\" src=\"https:\/\/blogs.gazetaesportiva.com\/planeta-octogono\/files\/2014\/08\/tmp_14901-IMG_3476903844652-567188700.jpeg\" alt=\"Lutador n\u00e3o escolhe advers\u00e1rio para pr\u00f3ximo combate - Ana Carolina\/Gazeta Press\" width=\"690\" height=\"450\" class=\"size-full wp-image-13941\" \/><\/a><figcaption id=\"caption-attachment-13941\" class=\"wp-caption-text\">Lutador n\u00e3o escolhe advers\u00e1rio para pr\u00f3ximo combate &#8211; Ana Carolina\/Gazeta Press<\/figcaption><\/figure>\n<p>Em vias de ter uma nova luta anunciada e empolgado com o novo v\u00ednculo, al\u00e9m de estar recuperando o auge da forma f\u00edsica, o lutador peso pena (at\u00e9 66,2kg), que soma 16 vit\u00f3rias no MMA &#8211; s\u00e3o apenas seis derrotas &#8211; n\u00e3o quer escolher advers\u00e1rio ou local para seu novo embate pela organiza\u00e7\u00e3o e aceita o que lhe for imposto.<\/p>\n<p>&#8220;N\u00e3o escolho nenhum card espec\u00edfico. Lutando l\u00e1 fora ou no Brasil, a \u00fanica coisa que quero \u00e9 estar no oct\u00f3gono. Estou ansioso para isso, recuperado das les\u00f5es e quero lutar&#8221;, comenta.<\/p>\n<p>Apesar disso, Felipe Sertanejo v\u00ea algumas vantagens de lutar fora do Brasil e longe da torcida. Em seis lutas pelo UFC, o atleta nunca lutou no exterior pela organiza\u00e7\u00e3o. &#8220;Se tiver algum card nos Estados Unidos, acho que seria bom, por nunca ter lutado pelo o UFC fora e tamb\u00e9m porque aproveito para fazer umas compras por l\u00e1 depois da luta (risos). De prefer\u00eancia depois da vit\u00f3ria (risos)&#8221;, brinca.<\/p>\n","protected":false},"excerpt":{"rendered":"<p>Com contrato renovado com o UFC, em meados de mar\u00e7o, e totalmente recuperado das les\u00f5es, Felipe Sertanejo n\u00e3o esconde a ansiedade de voltar a entrar <a class=\"read-more\" href=\"https:\/\/blogs.gazetaesportiva.com\/planeta-octogono\/2014\/08\/08\/feliz-com-renovacao-felipe-sertanejo-aguarda-ufc-para-voltar-lutar-quero-e-estar-no-octogono\/\">leia mais<\/a><\/p>\n","protected":false},"author":33,"featured_media":13941,"comment_status":"open","ping_status":"open","sticky":false,"template":"","format":"standard","meta":{"jetpack_post_was_ever_published":false,"_jetpack_newsletter_access":"","_jetpack_dont_email_post_to_subs":false,"_jetpack_newsletter_tier_id":0,"_jetpack_memberships_contains_paywalled_content":false,"_jetpack_memberships_contains_paid_content":false,"footnotes":"","jetpack_publicize_message":"","jetpack_publicize_feature_enabled":true,"jetpack_social_post_already_shared":false,"jetpack_social_options":{"image_generator_settings":{"template":"highway","default_image_id":0,"font":"","enabled":false},"version":2}},"categories":[1],"tags":[],"class_list":["post-13939","post","type-post","status-publish","format-standard","has-post-thumbnail","hentry","category-principal"],"jetpack_publicize_connections":[],"jetpack_featured_media_url":"https:\/\/blogs.gazetaesportiva.com\/planeta-octogono\/files\/2014\/08\/tmp_14901-IMG_3476903844652-567188700.jpeg","jetpack_sharing_enabled":true,"jetpack_shortlink":"https:\/\/wp.me\/p6rqUQ-3CP","_links":{"self":[{"href":"https:\/\/blogs.gazetaesportiva.com\/planeta-octogono\/wp-json\/wp\/v2\/posts\/13939","targetHints":{"allow":["GET"]}}],"collection":[{"href":"https:\/\/blogs.gazetaesportiva.com\/planeta-octogono\/wp-json\/wp\/v2\/posts"}],"about":[{"href":"https:\/\/blogs.gazetaesportiva.com\/planeta-octogono\/wp-json\/wp\/v2\/types\/post"}],"author":[{"embeddable":true,"href":"https:\/\/blogs.gazetaesportiva.com\/planeta-octogono\/wp-json\/wp\/v2\/users\/33"}],"replies":[{"embeddable":true,"href":"https:\/\/blogs.gazetaesportiva.com\/planeta-octogono\/wp-json\/wp\/v2\/comments?post=13939"}],"version-history":[{"count":0,"href":"https:\/\/blogs.gazetaesportiva.com\/planeta-octogono\/wp-json\/wp\/v2\/posts\/13939\/revisions"}],"wp:featuredmedia":[{"embeddable":true,"href":"https:\/\/blogs.gazetaesportiva.com\/planeta-octogono\/wp-json\/wp\/v2\/media\/13941"}],"wp:attachment":[{"href":"https:\/\/blogs.gazetaesportiva.com\/planeta-octogono\/wp-json\/wp\/v2\/media?parent=13939"}],"wp:term":[{"taxonomy":"category","embeddable":true,"href":"https:\/\/blogs.gazetaesportiva.com\/planeta-octogono\/wp-json\/wp\/v2\/categories?post=13939"},{"taxonomy":"post_tag","embeddable":true,"href":"https:\/\/blogs.gazetaesportiva.com\/planeta-octogono\/wp-json\/wp\/v2\/tags?post=13939"}],"curies":[{"name":"wp","href":"https:\/\/api.w.org\/{rel}","templated":true}]}}