{"id":13935,"date":"2014-08-08T04:37:42","date_gmt":"2014-08-08T07:37:42","guid":{"rendered":"https:\/\/blogs.gazetaesportiva.com\/planeta-octogono\/?p=13935"},"modified":"2014-08-08T04:38:33","modified_gmt":"2014-08-08T07:38:33","slug":"nitrix-faz-treino-aberto-e-afc-realiza-pesagem-aberta-ao-publico-nesta-sexta-feira-em-sp-e-santa-catarina","status":"publish","type":"post","link":"https:\/\/blogs.gazetaesportiva.com\/planeta-octogono\/2014\/08\/08\/nitrix-faz-treino-aberto-e-afc-realiza-pesagem-aberta-ao-publico-nesta-sexta-feira-em-sp-e-santa-catarina\/","title":{"rendered":"Nitrix faz treino aberto e AFC realiza pesagem em shopping nesta sexta feira em SP e Santa Catarina"},"content":{"rendered":"<figure id=\"attachment_13599\" aria-describedby=\"caption-attachment-13599\" style=\"width: 648px\" class=\"wp-caption aligncenter\"><a href=\"https:\/\/blogs.gazetaesportiva.com\/planeta-octogono\/files\/2014\/07\/tmp_12381-received_m_mid_1405720014724_2d7d51fce1cc2b7680_0149232220.jpeg\"><img loading=\"lazy\" decoding=\"async\" src=\"https:\/\/blogs.gazetaesportiva.com\/planeta-octogono\/files\/2014\/07\/tmp_12381-received_m_mid_1405720014724_2d7d51fce1cc2b7680_0149232220.jpeg\" alt=\"Evento realiza segunda edi\u00e7\u00e3o em Mogi das Cruzes - Divulga\u00e7\u00e3o AFC\" width=\"448\" height=\"690\" class=\"size-full wp-image-13599\" \/><\/a><figcaption id=\"caption-attachment-13599\" class=\"wp-caption-text\">Evento realiza segunda edi\u00e7\u00e3o em Mogi das Cruzes &#8211; Divulga\u00e7\u00e3o AFC<\/figcaption><\/figure>\n<p>Dois grandes eventos nacionais v\u00e3o realizar eventos abertos ao<br \/>\np\u00fablico amante do MMA.<\/p>\n<p>Principal evento de mixed martial arts (MMA) da Regi\u00e3o do Alto Tiet\u00ea acontece neste s\u00e1bado, em Mogi das Cruzes, com nove combates profissionais. A pesagem oficial dos 18 lutadores profissionais que estar\u00e3o em a\u00e7\u00e3o no AFC #02 acontece nesta sexta-feira (08\/08), \u00e0s 17 horas, no Mogi Shopping, com entrada gratuita.<\/p>\n<p>As informa\u00e7\u00f5es foram divulgadas pela diretoria do Americas Fighting Championship (AFC) na tarde desta ter\u00e7a-feira (05\/08), em entrevista coletiva no Hotel IBIS. O AFC 2, principal evento de mixed martial arts (MMA) da Regi\u00e3o do Alto Tiet\u00ea, ser\u00e1 realizado neste s\u00e1bado (09\/08), a partir das 18 horas, com nove lutas no gin\u00e1sio do Clube N\u00e1utico Mogiano, em Mogi das Cruzes, na Grande S\u00e3o Paulo.<br \/>\nDestaque na pesagem desta sexta-feira (08\/08) para os personagens do combate principal do AFC 2: Bruno \u2018Beirute\u2019 (Bronx\u2019s Gold Team\/Chris Gold Team) e Samuel Paiva (Drag\u00f5es Negros Team) \u2013 categoria at\u00e9 66 quilos.<\/p>\n<p>\u2018Beirute\u2019, que estreou com vit\u00f3ria no AFC 01, est\u00e1 a uma vit\u00f3ria de ter a chance de disputar o cintur\u00e3o dos 66 quilos. Ele treina junto com o atleta Charles do Bronx\u2019s, do UFC, que tamb\u00e9m estar\u00e1 presente no evento. Ele soma na carreira um total de cinco triunfos e uma \u00fanica derrota, quando estreou no MMA, em 2011. Desde ent\u00e3o n\u00e3o sabe mais o que \u00e9 perder. J\u00e1 Samuel Paiva \u00e9 o \u00fanico atleta do AFC 02 de fora do Estado de S\u00e3o Paulo. O lutador do Par\u00e1 estreou no MMA em 2011 e contabiliza quatro vit\u00f3rias e apenas uma derrota.<\/p>\n<p>\u201cSer\u00e1 uma batalha \u00e9pica. De um lado Beirute ir\u00e1 atr\u00e1s da vit\u00f3ria para ter a chance de disputar o cintur\u00e3o de sua categoria no AFC. De outro, Paiva quer acabar com a sequ\u00eancia de vit\u00f3rias de Beirute. O estado do Par\u00e1 estar\u00e1 na torcida pelo atleta\u201d, destacou o presidente do AFC, Andrews Henrique.<\/p>\n<p>O card sofreu tr\u00eas altera\u00e7\u00f5es nos \u00faltimos dias por conta de contus\u00f5es.<br \/>\nRafael Ferreira (M\u00e3o de Broca) sofreu uma les\u00e3o e deu lugar para Kevyn Furlan (Raptor Khan), que ir\u00e1 enfrentar Lucas Kramer (Calasans BJJ\/Hardkick) na categoria 70 quilos. Elder \u2018Beb\u00ea Monstro\u2019 (Peso Pesado Gold Team) sofreu les\u00e3o e ter\u00e1 Danilo Rodrigues (STT) como substituto. Ele sobe ao oct\u00f3gono para encarar Wilson Fonseca (WFT) nos 70 quilos. Quem tamb\u00e9m ficou de fora por contus\u00e3o foi Felipe Cuscianna \u2018Felipinho\u2019 (Lotus Club). Guido Santos (Lotus Club) fica com a vaga para o duelo diante de Eduardo \u2018Duka\u2019 Souza (Team Furia) nos 65 quilos.<\/p>\n<p>\u201cNo evento profissional teremos presen\u00e7a de celebridades j\u00e1 confirmadas,como musas, atrizes e comediantes\u201d, adiantou Luiz Quintino, vice-presidente do AFC, ao lembrar que no \u00faltimo final de semana aconteceu um treino aberto no Suzano Shopping.<\/p>\n<figure id=\"attachment_13936\" aria-describedby=\"caption-attachment-13936\" style=\"width: 700px\" class=\"wp-caption aligncenter\"><a href=\"https:\/\/blogs.gazetaesportiva.com\/planeta-octogono\/files\/2014\/08\/tmp_14901-Treino-aberto-1102509544.jpg\"><img loading=\"lazy\" decoding=\"async\" src=\"https:\/\/blogs.gazetaesportiva.com\/planeta-octogono\/files\/2014\/08\/tmp_14901-Treino-aberto-1102509544.jpg\" alt=\"Evento catarinense realiza treino aberto em Joinville - Divulga\u00e7\u00e3o\" width=\"400\" height=\"600\" class=\"size-full wp-image-13936\" \/><\/a><figcaption id=\"caption-attachment-13936\" class=\"wp-caption-text\">Evento catarinense realiza treino aberto em Joinville &#8211; Divulga\u00e7\u00e3o<\/figcaption><\/figure>\n<p>Em Santa Catarina, o maior evento do Estado, o Nitrix Champion Fight, vai realizar um treino aberto ao p\u00fablico.<\/p>\n<p>Nesta sexta-feira, dia 8 de agosto, o Treino Aberto, nos moldes do UFC, para a edi\u00e7\u00e3o de n\u00famero 22 do evento que acontece neste domingo, em Joinville, Santa Catarina.<\/p>\n<p>O Treino Aberto acontece no Shopping Joinville Garten, e ter\u00e1 in\u00edcio \u00e1s 18 horas.<\/p>\n<p>Os atletas confirmados s\u00e3o: Rony Silva, Joriedson Fein, Geraldo &#8220;Coc\u00e3o&#8221;, Diogo Bebez\u00e3o, Anderson &#8220;Big Bones&#8221;, Diego Barbosa e Rodrigo Praxedes.<\/p>\n<p>O evento tem dois atletas da equipe de MMA do Corinthians, Alex Canguru disputando o cintur\u00e3o do evento e Ary Farias na edi\u00e7\u00e3o.<\/p>\n","protected":false},"excerpt":{"rendered":"<p>Dois grandes eventos nacionais v\u00e3o realizar eventos abertos ao p\u00fablico amante do MMA. Principal evento de mixed martial arts (MMA) da Regi\u00e3o do Alto Tiet\u00ea <a class=\"read-more\" href=\"https:\/\/blogs.gazetaesportiva.com\/planeta-octogono\/2014\/08\/08\/nitrix-faz-treino-aberto-e-afc-realiza-pesagem-aberta-ao-publico-nesta-sexta-feira-em-sp-e-santa-catarina\/\">leia mais<\/a><\/p>\n","protected":false},"author":33,"featured_media":13936,"comment_status":"open","ping_status":"open","sticky":false,"template":"","format":"standard","meta":{"jetpack_post_was_ever_published":false,"_jetpack_newsletter_access":"","_jetpack_dont_email_post_to_subs":false,"_jetpack_newsletter_tier_id":0,"_jetpack_memberships_contains_paywalled_content":false,"_jetpack_memberships_contains_paid_content":false,"footnotes":"","jetpack_publicize_message":"","jetpack_publicize_feature_enabled":true,"jetpack_social_post_already_shared":false,"jetpack_social_options":{"image_generator_settings":{"template":"highway","default_image_id":0,"font":"","enabled":false},"version":2}},"categories":[1],"tags":[],"class_list":["post-13935","post","type-post","status-publish","format-standard","has-post-thumbnail","hentry","category-principal"],"jetpack_publicize_connections":[],"jetpack_featured_media_url":"https:\/\/blogs.gazetaesportiva.com\/planeta-octogono\/files\/2014\/08\/tmp_14901-Treino-aberto-1102509544.jpg","jetpack_sharing_enabled":true,"jetpack_shortlink":"https:\/\/wp.me\/p6rqUQ-3CL","_links":{"self":[{"href":"https:\/\/blogs.gazetaesportiva.com\/planeta-octogono\/wp-json\/wp\/v2\/posts\/13935","targetHints":{"allow":["GET"]}}],"collection":[{"href":"https:\/\/blogs.gazetaesportiva.com\/planeta-octogono\/wp-json\/wp\/v2\/posts"}],"about":[{"href":"https:\/\/blogs.gazetaesportiva.com\/planeta-octogono\/wp-json\/wp\/v2\/types\/post"}],"author":[{"embeddable":true,"href":"https:\/\/blogs.gazetaesportiva.com\/planeta-octogono\/wp-json\/wp\/v2\/users\/33"}],"replies":[{"embeddable":true,"href":"https:\/\/blogs.gazetaesportiva.com\/planeta-octogono\/wp-json\/wp\/v2\/comments?post=13935"}],"version-history":[{"count":0,"href":"https:\/\/blogs.gazetaesportiva.com\/planeta-octogono\/wp-json\/wp\/v2\/posts\/13935\/revisions"}],"wp:featuredmedia":[{"embeddable":true,"href":"https:\/\/blogs.gazetaesportiva.com\/planeta-octogono\/wp-json\/wp\/v2\/media\/13936"}],"wp:attachment":[{"href":"https:\/\/blogs.gazetaesportiva.com\/planeta-octogono\/wp-json\/wp\/v2\/media?parent=13935"}],"wp:term":[{"taxonomy":"category","embeddable":true,"href":"https:\/\/blogs.gazetaesportiva.com\/planeta-octogono\/wp-json\/wp\/v2\/categories?post=13935"},{"taxonomy":"post_tag","embeddable":true,"href":"https:\/\/blogs.gazetaesportiva.com\/planeta-octogono\/wp-json\/wp\/v2\/tags?post=13935"}],"curies":[{"name":"wp","href":"https:\/\/api.w.org\/{rel}","templated":true}]}}