{"id":13930,"date":"2014-08-08T04:19:03","date_gmt":"2014-08-08T07:19:03","guid":{"rendered":"https:\/\/blogs.gazetaesportiva.com\/planeta-octogono\/?p=13930"},"modified":"2014-08-08T04:19:03","modified_gmt":"2014-08-08T07:19:03","slug":"apos-sucesso-em-seminario-na-cidade-de-sp-paulo-thiago-realiza-evento-em-salvador","status":"publish","type":"post","link":"https:\/\/blogs.gazetaesportiva.com\/planeta-octogono\/2014\/08\/08\/apos-sucesso-em-seminario-na-cidade-de-sp-paulo-thiago-realiza-evento-em-salvador\/","title":{"rendered":"Ap\u00f3s sucesso em semin\u00e1rio na cidade de SP, Paulo Thiago realiza evento em Salvador"},"content":{"rendered":"<figure id=\"attachment_13931\" aria-describedby=\"caption-attachment-13931\" style=\"width: 600px\" class=\"wp-caption aligncenter\"><a href=\"https:\/\/blogs.gazetaesportiva.com\/planeta-octogono\/files\/2014\/08\/tmp_6772-64569_502758699853612_7516859545288692146_n1037274472.jpg\"><img loading=\"lazy\" decoding=\"async\" src=\"https:\/\/blogs.gazetaesportiva.com\/planeta-octogono\/files\/2014\/08\/tmp_6772-64569_502758699853612_7516859545288692146_n1037274472.jpg\" alt=\"Paulo Thiago realiza semin\u00e1rio na Bahia - Divulga\u00e7\u00e3o\" width=\"400\" height=\"600\" class=\"size-full wp-image-13931\" \/><\/a><figcaption id=\"caption-attachment-13931\" class=\"wp-caption-text\">Paulo Thiago realiza semin\u00e1rio na Bahia &#8211; Divulga\u00e7\u00e3o<\/figcaption><\/figure>\n<p>O lutador Paulo Thiago que realizou um semin\u00e1rio de MMA na cidade de S\u00e3o Paulo, novamente volta a ensinar o esporte para quem deseja aprender.<\/p>\n<p>O lutador \u00e9 veterano das artes marciais e estreou no UFC em 2009. Na organiza\u00e7\u00e3o j\u00e1 fez 12 lutas, e ganhou os desejados pr\u00eamios de nocaute, finaliza\u00e7\u00e3o e luta da noite, mostrando sua versatilidade. O atleta da X-Gym mostra que aos 33 anos a evolu\u00e7\u00e3o n\u00e3o para. No primeiro UFC realizado no Brasil , Paulo Thiago virou hist\u00f3ria quando entrou com a m\u00fasica Tropa de Elite em refer\u00eancia ao seu trabalho no BOPE.<\/p>\n<p>O aul\u00e3o na cidade de Salvador, na Bahia, ser\u00e1 aberto para todos os interessados, n\u00e3o sendo necess\u00e1ria gradua\u00e7\u00e3o em nenhuma arte marcial para participar. Paulo Thiago apresentar\u00e1 t\u00e9cnicas de Jiu-Jitsu, Defesa Pessoal e Muay-Thai, aplicadas dentro do oct\u00f3gono. Ser\u00e3o tr\u00eas horas de aprendizado com o policial do BOPE, ao maior estilo tropa de elite.<\/p>\n<p>Semin\u00e1rio s\u00e1bado 09\/08 a partir das 14:00.<\/p>\n<p>Valores<\/p>\n<p>&#8211; R$130,00 com certificado e camiseta<\/p>\n<p>&#8211; R$100,00 com certificado<\/p>\n<p>Informa\u00e7\u00f5es e inscri\u00e7\u00f5es ou<\/p>\n<p>seminarios@fightpress.com.br e 11 94111-6767<\/p>\n","protected":false},"excerpt":{"rendered":"<p>O lutador Paulo Thiago que realizou um semin\u00e1rio de MMA na cidade de S\u00e3o Paulo, novamente volta a ensinar o esporte para quem deseja aprender. <a class=\"read-more\" href=\"https:\/\/blogs.gazetaesportiva.com\/planeta-octogono\/2014\/08\/08\/apos-sucesso-em-seminario-na-cidade-de-sp-paulo-thiago-realiza-evento-em-salvador\/\">leia mais<\/a><\/p>\n","protected":false},"author":33,"featured_media":13931,"comment_status":"open","ping_status":"open","sticky":false,"template":"","format":"standard","meta":{"jetpack_post_was_ever_published":false,"_jetpack_newsletter_access":"","_jetpack_dont_email_post_to_subs":false,"_jetpack_newsletter_tier_id":0,"_jetpack_memberships_contains_paywalled_content":false,"_jetpack_memberships_contains_paid_content":false,"footnotes":"","jetpack_publicize_message":"","jetpack_publicize_feature_enabled":true,"jetpack_social_post_already_shared":false,"jetpack_social_options":{"image_generator_settings":{"template":"highway","default_image_id":0,"font":"","enabled":false},"version":2}},"categories":[1],"tags":[],"class_list":["post-13930","post","type-post","status-publish","format-standard","has-post-thumbnail","hentry","category-principal"],"jetpack_publicize_connections":[],"jetpack_featured_media_url":"https:\/\/blogs.gazetaesportiva.com\/planeta-octogono\/files\/2014\/08\/tmp_6772-64569_502758699853612_7516859545288692146_n1037274472.jpg","jetpack_sharing_enabled":true,"jetpack_shortlink":"https:\/\/wp.me\/p6rqUQ-3CG","_links":{"self":[{"href":"https:\/\/blogs.gazetaesportiva.com\/planeta-octogono\/wp-json\/wp\/v2\/posts\/13930","targetHints":{"allow":["GET"]}}],"collection":[{"href":"https:\/\/blogs.gazetaesportiva.com\/planeta-octogono\/wp-json\/wp\/v2\/posts"}],"about":[{"href":"https:\/\/blogs.gazetaesportiva.com\/planeta-octogono\/wp-json\/wp\/v2\/types\/post"}],"author":[{"embeddable":true,"href":"https:\/\/blogs.gazetaesportiva.com\/planeta-octogono\/wp-json\/wp\/v2\/users\/33"}],"replies":[{"embeddable":true,"href":"https:\/\/blogs.gazetaesportiva.com\/planeta-octogono\/wp-json\/wp\/v2\/comments?post=13930"}],"version-history":[{"count":0,"href":"https:\/\/blogs.gazetaesportiva.com\/planeta-octogono\/wp-json\/wp\/v2\/posts\/13930\/revisions"}],"wp:featuredmedia":[{"embeddable":true,"href":"https:\/\/blogs.gazetaesportiva.com\/planeta-octogono\/wp-json\/wp\/v2\/media\/13931"}],"wp:attachment":[{"href":"https:\/\/blogs.gazetaesportiva.com\/planeta-octogono\/wp-json\/wp\/v2\/media?parent=13930"}],"wp:term":[{"taxonomy":"category","embeddable":true,"href":"https:\/\/blogs.gazetaesportiva.com\/planeta-octogono\/wp-json\/wp\/v2\/categories?post=13930"},{"taxonomy":"post_tag","embeddable":true,"href":"https:\/\/blogs.gazetaesportiva.com\/planeta-octogono\/wp-json\/wp\/v2\/tags?post=13930"}],"curies":[{"name":"wp","href":"https:\/\/api.w.org\/{rel}","templated":true}]}}