{"id":13353,"date":"2014-07-05T05:47:40","date_gmt":"2014-07-05T08:47:40","guid":{"rendered":"https:\/\/blogs.gazetaesportiva.com\/planeta-octogono\/?p=13353"},"modified":"2014-07-05T05:47:40","modified_gmt":"2014-07-05T08:47:40","slug":"com-grande-publico-presente-ufc-realiza-pesagem-de-edicao-175-com-cinco-brasileiros-em-las-vegas","status":"publish","type":"post","link":"https:\/\/blogs.gazetaesportiva.com\/planeta-octogono\/2014\/07\/05\/com-grande-publico-presente-ufc-realiza-pesagem-de-edicao-175-com-cinco-brasileiros-em-las-vegas\/","title":{"rendered":"Com grande p\u00fablico presente, UFC realiza pesagem de edi\u00e7\u00e3o 175 com cinco brasileiros em Las Vegas"},"content":{"rendered":"<figure id=\"attachment_13354\" aria-describedby=\"caption-attachment-13354\" style=\"width: 695px\" class=\"wp-caption aligncenter\"><a href=\"https:\/\/blogs.gazetaesportiva.com\/planeta-octogono\/files\/2014\/07\/1800056_10152505254291276_7043208979731792161_o.jpg\"><img loading=\"lazy\" decoding=\"async\" class=\" wp-image-13354 \" alt=\"Chris Weidman enfrenta Lyoto Machida em segunda defesa de t\u00edtulo neste s\u00e1bado - Divulga\u00e7\u00e3o UFC\/Josh Hedges\" src=\"https:\/\/blogs.gazetaesportiva.com\/planeta-octogono\/files\/2014\/07\/1800056_10152505254291276_7043208979731792161_o.jpg\" width=\"695\" height=\"455\" \/><\/a><figcaption id=\"caption-attachment-13354\" class=\"wp-caption-text\"><strong><em>Chris Weidman enfrenta Lyoto Machida em segunda defesa de t\u00edtulo neste s\u00e1bado &#8211; Divulga\u00e7\u00e3o UFC\/Josh Hedges<\/em><\/strong><\/figcaption><\/figure>\n<p>&nbsp;<\/p>\n<figure id=\"attachment_13361\" aria-describedby=\"caption-attachment-13361\" style=\"width: 216px\" class=\"wp-caption alignleft\"><a href=\"https:\/\/blogs.gazetaesportiva.com\/planeta-octogono\/files\/2014\/07\/10478664_10152505254196276_1515118859066068067_n.jpg\"><img loading=\"lazy\" decoding=\"async\" class=\" wp-image-13361   \" alt=\"Arianny Celeste est\u00e1 presente em pesagem - Divulga\u00e7\u00e3o UFC\/Josh Hedges\" src=\"https:\/\/blogs.gazetaesportiva.com\/planeta-octogono\/files\/2014\/07\/10478664_10152505254196276_1515118859066068067_n.jpg\" width=\"216\" height=\"322\" \/><\/a><figcaption id=\"caption-attachment-13361\" class=\"wp-caption-text\"><strong><em>Arianny Celeste est\u00e1 presente em pesagem &#8211; Divulga\u00e7\u00e3o UFC\/Josh Hedges<\/em><\/strong><\/figcaption><\/figure>\n<p>O UFC realizou nesta sexta feira, a pesagem oficial da edi\u00e7\u00e3o 175 que acontece neste s\u00e1bado.<\/p>\n<p>Com cinco brasileiros na edi\u00e7\u00e3o, o lutador Lyoto Machida desafia o campe\u00e3o Chris Weidman na luta principal do evento que vale o cintur\u00e3o peso m\u00e9dio da organiza\u00e7\u00e3o.<\/p>\n<p>Ap\u00f3s descer de peso, o ex campe\u00e3o meio pesado n\u00e3o sabe o que \u00e9 perder nesta categoria, vindo de duas vit\u00f3rias sobre Mark Munoz e Gegard Mousasi.<\/p>\n<p>J\u00e1 Weidman enfrenta o terceiro brasileiro, ap\u00f3s vencer o paulista Demian Maia e Anderson Silva duas vezes.<\/p>\n<p>Ambos motivados, os lutadores prometem uma grande luta e Lyoto aproveitou para mandar uma promessa para os f\u00e3s.<\/p>\n<p>&#8220;Vai ser uma grande luta e amanh\u00e3 vou trazer este cintur\u00e3o para o Brasil. Estou pronto.&#8221; disse Lyoto em entrevista a Joe Rogan na pesagem.<\/p>\n<p>&nbsp;<\/p>\n<p style=\"text-align: center\">[yframe url=&#8217;http:\/\/www.youtube.com\/watch?v=kEPWoXrJeE4&#8242;]<\/p>\n<p style=\"text-align: center\">[yframe url=&#8217;http:\/\/www.youtube.com\/watch?v=10_cmiSzTZY&#8217;]<\/p>\n<p style=\"text-align: center\">[yframe url=&#8217;http:\/\/www.youtube.com\/watch?v=gamu0GEBNpg&#8217;]<\/p>\n<p style=\"text-align: center\">\n<p style=\"text-align: left\">Fazendo a primeira disputa de cintur\u00e3o da noite, a musa americana Ronda Rousey enfrenta a compatriota Alexis Davis.<\/p>\n<p style=\"text-align: left\">Disposta a provar novamente que \u00e9 a melhor peso galo do mundo, Ronda confessou que est\u00e1 na melhor forma de sua vida.<\/p>\n<p style=\"text-align: left\">Alexis que \u00e9 casada com um treinador brasileiro de Jiu Jitsu, sabe que n\u00e3o \u00e9 favorita para este combate mas espera se provar nesta noite de s\u00e1bado se tornando a nova campe\u00e3 do UFC.<\/p>\n<p style=\"text-align: left\">\n<figure id=\"attachment_13355\" aria-describedby=\"caption-attachment-13355\" style=\"width: 695px\" class=\"wp-caption aligncenter\"><a href=\"https:\/\/blogs.gazetaesportiva.com\/planeta-octogono\/files\/2014\/07\/10511671_10152505203911276_6607181411210495665_o.jpg\"><img loading=\"lazy\" decoding=\"async\" class=\" wp-image-13355 \" alt=\"Ronda e Alexis se encaram - Divulga\u00e7\u00e3o UFC\" src=\"https:\/\/blogs.gazetaesportiva.com\/planeta-octogono\/files\/2014\/07\/10511671_10152505203911276_6607181411210495665_o.jpg\" width=\"695\" height=\"455\" \/><\/a><figcaption id=\"caption-attachment-13355\" class=\"wp-caption-text\"><strong><em>Ronda e Alexis se encaram &#8211; Divulga\u00e7\u00e3o UFC<\/em><\/strong><\/figcaption><\/figure>\n<p>&nbsp;<\/p>\n<p style=\"text-align: center\">[yframe url=&#8217;http:\/\/www.youtube.com\/watch?v=eM2E3oWBNWk&#8217;]<\/p>\n<p style=\"text-align: center\">[yframe url=&#8217;http:\/\/www.youtube.com\/watch?v=lF5lU3_3fGw&#8217;]<\/p>\n<p style=\"text-align: center\">[yframe url=&#8217;http:\/\/www.youtube.com\/watch?v=kVey4Q65YZs&#8217;]<\/p>\n<p style=\"text-align: center\">[yframe url=&#8217;http:\/\/www.youtube.com\/watch?v=AoUQzclhzrs&#8217;]<\/p>\n<p style=\"text-align: center\">\n<p style=\"text-align: left\">Al\u00e9m de Machida, mais quatro brasileiros participam desta edi\u00e7\u00e3o.<\/p>\n<p style=\"text-align: left\">Thiago Marreta enfrenta Uriah Hall, Ildemar Maraj\u00f3 encara Kenny Robertson, Bruno Carioca enfrenta Chris Camozzi e Gulherme Bomba estr\u00e9ia no UFC contra Luke Zachrich.<\/p>\n<p style=\"text-align: left\">\n<figure id=\"attachment_13356\" aria-describedby=\"caption-attachment-13356\" style=\"width: 695px\" class=\"wp-caption aligncenter\"><a href=\"https:\/\/blogs.gazetaesportiva.com\/planeta-octogono\/files\/2014\/07\/10446028_10152505267051276_6462408057917024995_o.jpg\"><img loading=\"lazy\" decoding=\"async\" class=\" wp-image-13356  \" alt=\"Guilherme Bomba (direita) estr\u00e9ia contra Luke Zachrich - Divulga\u00e7\u00e3o UFC\/Josh Hedges\" src=\"https:\/\/blogs.gazetaesportiva.com\/planeta-octogono\/files\/2014\/07\/10446028_10152505267051276_6462408057917024995_o.jpg\" width=\"695\" height=\"455\" \/><\/a><figcaption id=\"caption-attachment-13356\" class=\"wp-caption-text\"><strong><em>Guilherme Bomba (direita) estr\u00e9ia contra Luke Zachrich &#8211; Divulga\u00e7\u00e3o UFC\/Josh Hedges<\/em><\/strong><\/figcaption><\/figure>\n<p style=\"text-align: left\">\n<figure id=\"attachment_13357\" aria-describedby=\"caption-attachment-13357\" style=\"width: 695px\" class=\"wp-caption aligncenter\"><a href=\"https:\/\/blogs.gazetaesportiva.com\/planeta-octogono\/files\/2014\/07\/10505057_10152505283606276_1467635321846967267_o.jpg\"><img loading=\"lazy\" decoding=\"async\" class=\" wp-image-13357 \" alt=\"Bruno Carioca (direita) encara Camozzi - Divulga\u00e7\u00e3o UFC\/Josh Hedges\" src=\"https:\/\/blogs.gazetaesportiva.com\/planeta-octogono\/files\/2014\/07\/10505057_10152505283606276_1467635321846967267_o.jpg\" width=\"695\" height=\"455\" \/><\/a><figcaption id=\"caption-attachment-13357\" class=\"wp-caption-text\"><strong><em>Bruno Carioca (direita) encara Camozzi &#8211; Divulga\u00e7\u00e3o UFC\/Josh Hedges<\/em><\/strong><\/figcaption><\/figure>\n<p>&nbsp;<\/p>\n<figure id=\"attachment_13358\" aria-describedby=\"caption-attachment-13358\" style=\"width: 695px\" class=\"wp-caption aligncenter\"><a href=\"https:\/\/blogs.gazetaesportiva.com\/planeta-octogono\/files\/2014\/07\/10522430_10152505254461276_5069889174294617511_o.jpg\"><img loading=\"lazy\" decoding=\"async\" class=\" wp-image-13358 \" alt=\"Ildemar Maraj\u00f3 (direita) retorna ao UFC - - Divulga\u00e7\u00e3o UFC\/Josh Hedges\" src=\"https:\/\/blogs.gazetaesportiva.com\/planeta-octogono\/files\/2014\/07\/10522430_10152505254461276_5069889174294617511_o.jpg\" width=\"695\" height=\"455\" \/><\/a><figcaption id=\"caption-attachment-13358\" class=\"wp-caption-text\"><strong><em>Ildemar Maraj\u00f3 (direita) retorna ao UFC &#8211; &#8211; Divulga\u00e7\u00e3o UFC\/Josh Hedges<\/em><\/strong><\/figcaption><\/figure>\n<p>&nbsp;<\/p>\n<figure id=\"attachment_13359\" aria-describedby=\"caption-attachment-13359\" style=\"width: 695px\" class=\"wp-caption aligncenter\"><a href=\"https:\/\/blogs.gazetaesportiva.com\/planeta-octogono\/files\/2014\/07\/10532397_10152505203376276_835427602244927655_o.jpg\"><img loading=\"lazy\" decoding=\"async\" class=\" wp-image-13359 \" alt=\"Uriah Hall encara Thiago Marreta - Divulga\u00e7\u00e3o UFC\" src=\"https:\/\/blogs.gazetaesportiva.com\/planeta-octogono\/files\/2014\/07\/10532397_10152505203376276_835427602244927655_o.jpg\" width=\"695\" height=\"455\" \/><\/a><figcaption id=\"caption-attachment-13359\" class=\"wp-caption-text\"><strong><em>Uriah Hall encara Thiago Marreta &#8211; Divulga\u00e7\u00e3o UFC<\/em><\/strong><\/figcaption><\/figure>\n<p>&nbsp;<\/p>\n<figure id=\"attachment_13360\" aria-describedby=\"caption-attachment-13360\" style=\"width: 695px\" class=\"wp-caption aligncenter\"><a href=\"https:\/\/blogs.gazetaesportiva.com\/planeta-octogono\/files\/2014\/07\/10452964_10152505202541276_5354078395828143570_o.jpg\"><img loading=\"lazy\" decoding=\"async\" class=\" wp-image-13360 \" alt=\"P\u00fablico em peso agita pesagem do UFC - Divulga\u00e7\u00e3o UFC\" src=\"https:\/\/blogs.gazetaesportiva.com\/planeta-octogono\/files\/2014\/07\/10452964_10152505202541276_5354078395828143570_o.jpg\" width=\"695\" height=\"455\" \/><\/a><figcaption id=\"caption-attachment-13360\" class=\"wp-caption-text\"><strong><em>P\u00fablico em peso agita pesagem do UFC &#8211; Divulga\u00e7\u00e3o UFC<\/em><\/strong><\/figcaption><\/figure>\n<p>&nbsp;<\/p>\n<p style=\"text-align: center\"><strong><em>Veja o card completo do evento:<\/em><\/strong><\/p>\n<p style=\"text-align: center\"><strong><em>UFC 175<\/em><\/strong><br \/>\n<strong><em>Las Vegas, Estados Unidos<\/em><\/strong><br \/>\n<strong><em>S\u00e1bado, 5 de julho de 2014<\/em><\/strong><\/p>\n<p style=\"text-align: center\"><strong><em>Card principal<\/em><\/strong><br \/>\n<strong><em>Chris Weidman x\u00a0Lyoto Machida<\/em><\/strong><br \/>\n<strong><em>Ronda Rousey x Alexis Davis<\/em><\/strong><br \/>\n<strong><em>Stefan Struve x Matt Mitrione<\/em><\/strong><br \/>\n<strong><em>Uriah Hall x\u00a0Thiago Marreta<\/em><\/strong><br \/>\n<strong><em>Russell Doane x Marcus Brimage<\/em><\/strong><\/p>\n<p style=\"text-align: center\"><strong><em>Card preliminar<\/em><\/strong><br \/>\n<strong><em>Urijah Faber x Alex Caceres<\/em><\/strong><br \/>\n<strong><em>Ildemar Maraj\u00f3\u00a0x Kenny Robertson<\/em><\/strong><br \/>\n<strong><em>Chris Camozzi x\u00a0Bruno Carioca<\/em><\/strong><br \/>\n<strong><em>Rob Font x George Roop<\/em><\/strong><br \/>\n<strong><em>Luke Zachrich x\u00a0Guilherme Bomba<\/em><\/strong><br \/>\n<strong><em>Kevin Casey x Bubba Rush<\/em><\/strong><\/p>\n<p>&nbsp;<\/p>\n<p style=\"text-align: center\"><strong><em>Assista a pesagem na \u00edntegra:<\/em><\/strong><\/p>\n<p style=\"text-align: center\"><strong><em>[yframe url=&#8217;http:\/\/www.youtube.com\/watch?v=UA2uMM5BLYs&#8217;]<\/em><\/strong><\/p>\n<p style=\"text-align: center\">\n<p style=\"text-align: center\"><strong><em>Veja os melhores momentos da pesagem:<\/em><\/strong><\/p>\n<p style=\"text-align: center\"><strong><em>[yframe url=&#8217;http:\/\/www.youtube.com\/watch?v=yqh7dJVpOic&#8217;]<\/em><\/strong><\/p>\n<p>&nbsp;<\/p>\n","protected":false},"excerpt":{"rendered":"<p>&nbsp; O UFC realizou nesta sexta feira, a pesagem oficial da edi\u00e7\u00e3o 175 que acontece neste s\u00e1bado. Com cinco brasileiros na edi\u00e7\u00e3o, o lutador Lyoto <a class=\"read-more\" href=\"https:\/\/blogs.gazetaesportiva.com\/planeta-octogono\/2014\/07\/05\/com-grande-publico-presente-ufc-realiza-pesagem-de-edicao-175-com-cinco-brasileiros-em-las-vegas\/\">leia mais<\/a><\/p>\n","protected":false},"author":33,"featured_media":13361,"comment_status":"open","ping_status":"open","sticky":false,"template":"","format":"standard","meta":{"jetpack_post_was_ever_published":false,"_jetpack_newsletter_access":"","_jetpack_dont_email_post_to_subs":false,"_jetpack_newsletter_tier_id":0,"_jetpack_memberships_contains_paywalled_content":false,"_jetpack_memberships_contains_paid_content":false,"footnotes":"","jetpack_publicize_message":"","jetpack_publicize_feature_enabled":true,"jetpack_social_post_already_shared":false,"jetpack_social_options":{"image_generator_settings":{"template":"highway","default_image_id":0,"font":"","enabled":false},"version":2}},"categories":[1],"tags":[],"class_list":["post-13353","post","type-post","status-publish","format-standard","has-post-thumbnail","hentry","category-principal"],"jetpack_publicize_connections":[],"jetpack_featured_media_url":"https:\/\/blogs.gazetaesportiva.com\/planeta-octogono\/files\/2014\/07\/10478664_10152505254196276_1515118859066068067_n.jpg","jetpack_sharing_enabled":true,"jetpack_shortlink":"https:\/\/wp.me\/p6rqUQ-3tn","_links":{"self":[{"href":"https:\/\/blogs.gazetaesportiva.com\/planeta-octogono\/wp-json\/wp\/v2\/posts\/13353","targetHints":{"allow":["GET"]}}],"collection":[{"href":"https:\/\/blogs.gazetaesportiva.com\/planeta-octogono\/wp-json\/wp\/v2\/posts"}],"about":[{"href":"https:\/\/blogs.gazetaesportiva.com\/planeta-octogono\/wp-json\/wp\/v2\/types\/post"}],"author":[{"embeddable":true,"href":"https:\/\/blogs.gazetaesportiva.com\/planeta-octogono\/wp-json\/wp\/v2\/users\/33"}],"replies":[{"embeddable":true,"href":"https:\/\/blogs.gazetaesportiva.com\/planeta-octogono\/wp-json\/wp\/v2\/comments?post=13353"}],"version-history":[{"count":0,"href":"https:\/\/blogs.gazetaesportiva.com\/planeta-octogono\/wp-json\/wp\/v2\/posts\/13353\/revisions"}],"wp:featuredmedia":[{"embeddable":true,"href":"https:\/\/blogs.gazetaesportiva.com\/planeta-octogono\/wp-json\/wp\/v2\/media\/13361"}],"wp:attachment":[{"href":"https:\/\/blogs.gazetaesportiva.com\/planeta-octogono\/wp-json\/wp\/v2\/media?parent=13353"}],"wp:term":[{"taxonomy":"category","embeddable":true,"href":"https:\/\/blogs.gazetaesportiva.com\/planeta-octogono\/wp-json\/wp\/v2\/categories?post=13353"},{"taxonomy":"post_tag","embeddable":true,"href":"https:\/\/blogs.gazetaesportiva.com\/planeta-octogono\/wp-json\/wp\/v2\/tags?post=13353"}],"curies":[{"name":"wp","href":"https:\/\/api.w.org\/{rel}","templated":true}]}}