{"id":13340,"date":"2014-07-04T19:52:03","date_gmt":"2014-07-04T22:52:03","guid":{"rendered":"https:\/\/blogs.gazetaesportiva.com\/planeta-octogono\/?p=13340"},"modified":"2014-07-05T05:23:50","modified_gmt":"2014-07-05T08:23:50","slug":"visando-competitividade-e-ajudar-atletas-brasileiros-wgp-kickboxing-anuncia-mudancas-em-estrutura","status":"publish","type":"post","link":"https:\/\/blogs.gazetaesportiva.com\/planeta-octogono\/2014\/07\/04\/visando-competitividade-e-ajudar-atletas-brasileiros-wgp-kickboxing-anuncia-mudancas-em-estrutura\/","title":{"rendered":"Visando competitividade e ajudar atletas brasileiros, WGP Kickboxing anuncia mudan\u00e7as em estrutura"},"content":{"rendered":"<figure id=\"attachment_13341\" aria-describedby=\"caption-attachment-13341\" style=\"width: 695px\" class=\"wp-caption aligncenter\"><a href=\"https:\/\/blogs.gazetaesportiva.com\/planeta-octogono\/files\/2014\/07\/wgpkickboxing21julho2014.jpg\"><img loading=\"lazy\" decoding=\"async\" class=\" wp-image-13341  \" alt=\"Evento retorna no dia 21 de julho - Divulga\u00e7\u00e3o WGP Kickboxing\" src=\"https:\/\/blogs.gazetaesportiva.com\/planeta-octogono\/files\/2014\/07\/wgpkickboxing21julho2014.jpg\" width=\"695\" height=\"242\" \/><\/a><figcaption id=\"caption-attachment-13341\" class=\"wp-caption-text\"><strong><em>Evento retorna no dia 21 de julho &#8211; Divulga\u00e7\u00e3o WGP Kickboxing<\/em><\/strong><\/figcaption><\/figure>\n<p>&nbsp;<\/p>\n<p>O WGP Kickboxing, atrav\u00e9s da Confedera\u00e7\u00e3o Brasileira de Kickboxing (CBKB), anunciou uma mudan\u00e7a na estrutura de divis\u00e3o por pesos da organiza\u00e7\u00e3o. A partir de sua 21<sup>a<\/sup>\u00a0edi\u00e7\u00e3o, a ser realizada no dia 26 de julho, o WGP Kickboxing ter\u00e1 apenas 7 divis\u00f5es: 60 kg, 64,5 kg, 70 kg, 78 kg, 85 kg, 94 kg e +94 kg.<\/p>\n<p>Com a nova estrutura, a organiza\u00e7\u00e3o do evento ir\u00e1 realizar GP`s em suas pr\u00f3ximas edi\u00e7\u00f5es para definir os primeiros atletas detentores do cintur\u00e3o do WGP Kickboxing em cada uma das novas divis\u00f5es de peso.<\/p>\n<p>\u201cEsta mudan\u00e7a \u00e9 muito importante para o WGP, pois trar\u00e1 muito mais competitividade a todas as divis\u00f5es de peso da organiza\u00e7\u00e3o. Isso \u00e9 positivo para os atletas e, principalmente, para os f\u00e3s da luta em p\u00e9\u201d, afirmou Paulo Laurini, diretor executivo do WGP Kickboxing.<\/p>\n<p>Esta nova estrutura, por\u00e9m, s\u00f3 \u00e9 v\u00e1lida para as disputas dos cintur\u00f5es da organiza\u00e7\u00e3o. O WGP Kickboxing continuar\u00e1 a promover em seus eventos todas as categorias da modalidade v\u00e1lidas pela CBKB e WAKO, respeitando nestes duelos a divis\u00e3o de peso definidas por estas entidades<\/p>\n<p style=\"text-align: center\"><strong>Sobre o WGP Kickboxing<\/strong><\/p>\n<p>Criado pela Confedera\u00e7\u00e3o Brasileira de Kickboxing (CBKB) em 2011 para incentivar a modalidade, o WGP Kickboxing \u00e9 o maior evento de luta em p\u00e9 da Am\u00e9rica Latina. Com combates din\u00e2micos e atrativos, o WGP Kickboxing ganha cada vez mais espa\u00e7o nos principais mercados de artes marciais do mundo, aumentando a visibilidade internacional da organiza\u00e7\u00e3o e de seus atletas.<\/p>\n<p style=\"text-align: center\">[yframe url=&#8217;http:\/\/www.youtube.com\/watch?v=HUltl_zD8k8&#8242;]<\/p>\n<p style=\"text-align: center\">[yframe url=&#8217;http:\/\/www.youtube.com\/watch?v=MnbcZ1NsCxA&#8217;]<\/p>\n","protected":false},"excerpt":{"rendered":"<p>&nbsp; O WGP Kickboxing, atrav\u00e9s da Confedera\u00e7\u00e3o Brasileira de Kickboxing (CBKB), anunciou uma mudan\u00e7a na estrutura de divis\u00e3o por pesos da organiza\u00e7\u00e3o. A partir de <a class=\"read-more\" href=\"https:\/\/blogs.gazetaesportiva.com\/planeta-octogono\/2014\/07\/04\/visando-competitividade-e-ajudar-atletas-brasileiros-wgp-kickboxing-anuncia-mudancas-em-estrutura\/\">leia mais<\/a><\/p>\n","protected":false},"author":33,"featured_media":13341,"comment_status":"open","ping_status":"open","sticky":false,"template":"","format":"standard","meta":{"jetpack_post_was_ever_published":false,"_jetpack_newsletter_access":"","_jetpack_dont_email_post_to_subs":false,"_jetpack_newsletter_tier_id":0,"_jetpack_memberships_contains_paywalled_content":false,"_jetpack_memberships_contains_paid_content":false,"footnotes":"","jetpack_publicize_message":"","jetpack_publicize_feature_enabled":true,"jetpack_social_post_already_shared":false,"jetpack_social_options":{"image_generator_settings":{"template":"highway","default_image_id":0,"font":"","enabled":false},"version":2}},"categories":[1],"tags":[],"class_list":["post-13340","post","type-post","status-publish","format-standard","has-post-thumbnail","hentry","category-principal"],"jetpack_publicize_connections":[],"jetpack_featured_media_url":"https:\/\/blogs.gazetaesportiva.com\/planeta-octogono\/files\/2014\/07\/wgpkickboxing21julho2014.jpg","jetpack_sharing_enabled":true,"jetpack_shortlink":"https:\/\/wp.me\/p6rqUQ-3ta","_links":{"self":[{"href":"https:\/\/blogs.gazetaesportiva.com\/planeta-octogono\/wp-json\/wp\/v2\/posts\/13340","targetHints":{"allow":["GET"]}}],"collection":[{"href":"https:\/\/blogs.gazetaesportiva.com\/planeta-octogono\/wp-json\/wp\/v2\/posts"}],"about":[{"href":"https:\/\/blogs.gazetaesportiva.com\/planeta-octogono\/wp-json\/wp\/v2\/types\/post"}],"author":[{"embeddable":true,"href":"https:\/\/blogs.gazetaesportiva.com\/planeta-octogono\/wp-json\/wp\/v2\/users\/33"}],"replies":[{"embeddable":true,"href":"https:\/\/blogs.gazetaesportiva.com\/planeta-octogono\/wp-json\/wp\/v2\/comments?post=13340"}],"version-history":[{"count":0,"href":"https:\/\/blogs.gazetaesportiva.com\/planeta-octogono\/wp-json\/wp\/v2\/posts\/13340\/revisions"}],"wp:featuredmedia":[{"embeddable":true,"href":"https:\/\/blogs.gazetaesportiva.com\/planeta-octogono\/wp-json\/wp\/v2\/media\/13341"}],"wp:attachment":[{"href":"https:\/\/blogs.gazetaesportiva.com\/planeta-octogono\/wp-json\/wp\/v2\/media?parent=13340"}],"wp:term":[{"taxonomy":"category","embeddable":true,"href":"https:\/\/blogs.gazetaesportiva.com\/planeta-octogono\/wp-json\/wp\/v2\/categories?post=13340"},{"taxonomy":"post_tag","embeddable":true,"href":"https:\/\/blogs.gazetaesportiva.com\/planeta-octogono\/wp-json\/wp\/v2\/tags?post=13340"}],"curies":[{"name":"wp","href":"https:\/\/api.w.org\/{rel}","templated":true}]}}