{"id":13335,"date":"2014-07-04T18:34:09","date_gmt":"2014-07-04T21:34:09","guid":{"rendered":"https:\/\/blogs.gazetaesportiva.com\/planeta-octogono\/?p=13335"},"modified":"2014-07-05T05:23:40","modified_gmt":"2014-07-05T08:23:40","slug":"lutador-do-ufc-policial-do-bope-paulo-thiago-realiza-seminario-em-sao-paulo-no-mes-de-agosto","status":"publish","type":"post","link":"https:\/\/blogs.gazetaesportiva.com\/planeta-octogono\/2014\/07\/04\/lutador-do-ufc-policial-do-bope-paulo-thiago-realiza-seminario-em-sao-paulo-no-mes-de-agosto\/","title":{"rendered":"Lutador do UFC, Policial do BOPE, Paulo Thiago realiza semin\u00e1rio em S\u00e3o Paulo no m\u00eas de agosto"},"content":{"rendered":"<figure id=\"attachment_13336\" aria-describedby=\"caption-attachment-13336\" style=\"width: 420px\" class=\"wp-caption aligncenter\"><a href=\"https:\/\/blogs.gazetaesportiva.com\/planeta-octogono\/files\/2014\/07\/paulothiagoseminario.jpg\"><img loading=\"lazy\" decoding=\"async\" class=\" wp-image-13336 \" alt=\"Lutador do UFC realiza semin\u00e1rio em agosto - Divulga\u00e7\u00e3o\" src=\"https:\/\/blogs.gazetaesportiva.com\/planeta-octogono\/files\/2014\/07\/paulothiagoseminario.jpg\" width=\"420\" height=\"630\" \/><\/a><figcaption id=\"caption-attachment-13336\" class=\"wp-caption-text\"><strong><em>Lutador do UFC realiza semin\u00e1rio em agosto &#8211; Divulga\u00e7\u00e3o<\/em><\/strong><\/figcaption><\/figure>\n<p>&nbsp;<\/p>\n<p>O lutador do UFC, Paulo Thiago vai realizar um semin\u00e1rio de MMA no m\u00eas de agosto na capital paulista.<\/p>\n<p>O brasileiro que \u00e9 veterano das artes marciais e estreou no\u00a0UFC\u00a0em 2009. Na organiza\u00e7\u00e3o j\u00e1 fez 12 lutas, e ganhou os desejados pr\u00eamios de nocaute, finaliza\u00e7\u00e3o e luta da noite, mostrando sua versatilidade.<\/p>\n<p>O atleta da X-Gym mostra que aos 33 anos a evolu\u00e7\u00e3o n\u00e3o para. No primeiro\u00a0UFC\u00a0realizado no Brasil , Paulo Thiago fez hist\u00f3ria quando entrou com a m\u00fasica Tropa de Elite em refer\u00eancia ao seu trabalho no\u00a0BOPE.<\/p>\n<p style=\"text-align: center\"><strong><em>[yframe url=&#8217;http:\/\/www.youtube.com\/watch?v=lwUyCb-Qnrs&#8217;]<\/em><\/strong><\/p>\n<p style=\"text-align: left\" align=\"center\">O aul\u00e3o ser\u00e1 aberto para todos os interessados, n\u00e3o sendo necess\u00e1ria gradua\u00e7\u00e3o em nenhuma arte marcial para participar.<strong>\u00a0<\/strong>Paulo Thiago\u00a0apresentar\u00e1 t\u00e9cnicas de Jiu-Jitsu, Defesa Pessoal e Muay-Thai, aplicadas dentro do oct\u00f3gono. Ser\u00e3o tr\u00eas horas de aprendizado com o policial do\u00a0BOPE, ao maior estilo tropa de elite.<\/p>\n<p style=\"text-align: center\" align=\"center\"><strong><em>Mais informa\u00e7\u00f5es e inscri\u00e7\u00f5es:\u00a0<\/em><\/strong><br \/>\n<strong><em><a href=\"mailto:seminarios@fightpress.com.br\" target=\"_blank\">seminarios@fightpress.com.br<\/a>\u00a0e 11 94111-6767<\/em><\/strong><\/p>\n<figure id=\"attachment_13337\" aria-describedby=\"caption-attachment-13337\" style=\"width: 695px\" class=\"wp-caption aligncenter\"><a href=\"https:\/\/blogs.gazetaesportiva.com\/planeta-octogono\/files\/2014\/07\/923380_616538438374075_1556956436_n.jpg\"><img loading=\"lazy\" decoding=\"async\" class=\" wp-image-13337 \" alt=\"Paulo Thiago j\u00e1 realizou alguns combates pelo UFC - Ana Carolina\/Gazeta Press\" src=\"https:\/\/blogs.gazetaesportiva.com\/planeta-octogono\/files\/2014\/07\/923380_616538438374075_1556956436_n.jpg\" width=\"695\" height=\"455\" \/><\/a><figcaption id=\"caption-attachment-13337\" class=\"wp-caption-text\"><strong><em>Paulo Thiago j\u00e1 realizou alguns combates pelo UFC &#8211; Ana Carolina\/Gazeta Press<\/em><\/strong><\/figcaption><\/figure>\n<p style=\"text-align: center\" align=\"center\"><strong><em>Conhe\u00e7a o lutador Paulo Thiago:<\/em><\/strong><\/p>\n<p style=\"text-align: center\" align=\"center\"><strong><em>[yframe url=&#8217;http:\/\/www.youtube.com\/watch?v=orvGXZPdeMg&#8217;]<\/em><\/strong><\/p>\n<p style=\"text-align: center\" align=\"center\"><strong><em>[yframe url=&#8217;http:\/\/www.youtube.com\/watch?v=QTP2RR708oE&#8217;]<\/em><\/strong><\/p>\n","protected":false},"excerpt":{"rendered":"<p>&nbsp; O lutador do UFC, Paulo Thiago vai realizar um semin\u00e1rio de MMA no m\u00eas de agosto na capital paulista. O brasileiro que \u00e9 veterano <a class=\"read-more\" href=\"https:\/\/blogs.gazetaesportiva.com\/planeta-octogono\/2014\/07\/04\/lutador-do-ufc-policial-do-bope-paulo-thiago-realiza-seminario-em-sao-paulo-no-mes-de-agosto\/\">leia mais<\/a><\/p>\n","protected":false},"author":33,"featured_media":13337,"comment_status":"open","ping_status":"open","sticky":false,"template":"","format":"standard","meta":{"jetpack_post_was_ever_published":false,"_jetpack_newsletter_access":"","_jetpack_dont_email_post_to_subs":false,"_jetpack_newsletter_tier_id":0,"_jetpack_memberships_contains_paywalled_content":false,"_jetpack_memberships_contains_paid_content":false,"footnotes":"","jetpack_publicize_message":"","jetpack_publicize_feature_enabled":true,"jetpack_social_post_already_shared":false,"jetpack_social_options":{"image_generator_settings":{"template":"highway","default_image_id":0,"font":"","enabled":false},"version":2}},"categories":[1],"tags":[],"class_list":["post-13335","post","type-post","status-publish","format-standard","has-post-thumbnail","hentry","category-principal"],"jetpack_publicize_connections":[],"jetpack_featured_media_url":"https:\/\/blogs.gazetaesportiva.com\/planeta-octogono\/files\/2014\/07\/923380_616538438374075_1556956436_n.jpg","jetpack_sharing_enabled":true,"jetpack_shortlink":"https:\/\/wp.me\/p6rqUQ-3t5","_links":{"self":[{"href":"https:\/\/blogs.gazetaesportiva.com\/planeta-octogono\/wp-json\/wp\/v2\/posts\/13335","targetHints":{"allow":["GET"]}}],"collection":[{"href":"https:\/\/blogs.gazetaesportiva.com\/planeta-octogono\/wp-json\/wp\/v2\/posts"}],"about":[{"href":"https:\/\/blogs.gazetaesportiva.com\/planeta-octogono\/wp-json\/wp\/v2\/types\/post"}],"author":[{"embeddable":true,"href":"https:\/\/blogs.gazetaesportiva.com\/planeta-octogono\/wp-json\/wp\/v2\/users\/33"}],"replies":[{"embeddable":true,"href":"https:\/\/blogs.gazetaesportiva.com\/planeta-octogono\/wp-json\/wp\/v2\/comments?post=13335"}],"version-history":[{"count":0,"href":"https:\/\/blogs.gazetaesportiva.com\/planeta-octogono\/wp-json\/wp\/v2\/posts\/13335\/revisions"}],"wp:featuredmedia":[{"embeddable":true,"href":"https:\/\/blogs.gazetaesportiva.com\/planeta-octogono\/wp-json\/wp\/v2\/media\/13337"}],"wp:attachment":[{"href":"https:\/\/blogs.gazetaesportiva.com\/planeta-octogono\/wp-json\/wp\/v2\/media?parent=13335"}],"wp:term":[{"taxonomy":"category","embeddable":true,"href":"https:\/\/blogs.gazetaesportiva.com\/planeta-octogono\/wp-json\/wp\/v2\/categories?post=13335"},{"taxonomy":"post_tag","embeddable":true,"href":"https:\/\/blogs.gazetaesportiva.com\/planeta-octogono\/wp-json\/wp\/v2\/tags?post=13335"}],"curies":[{"name":"wp","href":"https:\/\/api.w.org\/{rel}","templated":true}]}}