{"id":13329,"date":"2014-07-04T18:06:05","date_gmt":"2014-07-04T21:06:05","guid":{"rendered":"https:\/\/blogs.gazetaesportiva.com\/planeta-octogono\/?p=13329"},"modified":"2014-07-05T05:23:27","modified_gmt":"2014-07-05T08:23:27","slug":"ring-girl-do-ufc-camila-oliveira-comemora-ida-a-vegas-e-esta-impressionada-com-fan-expo-maravilhoso","status":"publish","type":"post","link":"https:\/\/blogs.gazetaesportiva.com\/planeta-octogono\/2014\/07\/04\/ring-girl-do-ufc-camila-oliveira-comemora-ida-a-vegas-e-esta-impressionada-com-fan-expo-maravilhoso\/","title":{"rendered":"Ring Girl do UFC, Camila Oliveira comemora ida a Vegas e est\u00e1 impressionada com Fan Expo: Maravilhoso!"},"content":{"rendered":"<figure id=\"attachment_13330\" aria-describedby=\"caption-attachment-13330\" style=\"width: 481px\" class=\"wp-caption aligncenter\"><a href=\"https:\/\/blogs.gazetaesportiva.com\/planeta-octogono\/files\/2014\/07\/10528039_512579758871506_1406441616_n.jpg\"><img loading=\"lazy\" decoding=\"async\" class=\" wp-image-13330 \" alt=\"Camila se diverte em visita a Las Vegas - Arquivo Pessoal\" src=\"https:\/\/blogs.gazetaesportiva.com\/planeta-octogono\/files\/2014\/07\/10528039_512579758871506_1406441616_n.jpg\" width=\"481\" height=\"640\" \/><\/a><figcaption id=\"caption-attachment-13330\" class=\"wp-caption-text\"><strong><em>Camila se diverte em visita a Las Vegas &#8211; Arquivo Pessoal<\/em><\/strong><\/figcaption><\/figure>\n<p>&nbsp;<\/p>\n<figure id=\"attachment_13319\" aria-describedby=\"caption-attachment-13319\" style=\"width: 346px\" class=\"wp-caption alignright\"><a href=\"https:\/\/blogs.gazetaesportiva.com\/planeta-octogono\/files\/2014\/07\/1.jpg\"><img loading=\"lazy\" decoding=\"async\" class=\" wp-image-13319  \" alt=\"Jhenny Andrade, Camila Oliveira e a rep\u00f3rter do UFC,  Paula Sack participam de evento do Ultimate - Divulga\u00e7\u00e3o UFC\" src=\"https:\/\/blogs.gazetaesportiva.com\/planeta-octogono\/files\/2014\/07\/1.jpg\" width=\"346\" height=\"231\" \/><\/a><figcaption id=\"caption-attachment-13319\" class=\"wp-caption-text\"><em><strong>Jhenny Andrade, Camila Oliveira e a rep\u00f3rter do UFC, Paula Sack participam de evento do Ultimate &#8211; Divulga\u00e7\u00e3o UFC<\/strong><\/em><\/figcaption><\/figure>\n<p>Pela primeira vez, o UFC apostou na beleza das ring girls brasileiras, Camila Oliveira e Jhenny Andrade para ajudar em sua grande s\u00e9rie de eventos: O UFC Fan Expo.<\/p>\n<p>A semana, que \u00e9 a mais importante do Ultimate no ano, al\u00e9m de uma grande edi\u00e7\u00e3o, possui diversos eventos para o p\u00fablico.<\/p>\n<p>Em alguns deles, como a Pool Party al\u00e9m de se\u00e7\u00f5es de aut\u00f3grafos e desta vez at\u00e9 uma festa brasileira j\u00e1 que a semana est\u00e1 no meio da realiza\u00e7\u00e3o da Copa do Mundo no Brasil.<\/p>\n<p>&nbsp;<\/p>\n<figure id=\"attachment_13310\" aria-describedby=\"caption-attachment-13310\" style=\"width: 512px\" class=\"wp-caption aligncenter\"><a href=\"https:\/\/blogs.gazetaesportiva.com\/planeta-octogono\/files\/2014\/07\/jhennyasuzaariannycamila.jpg\"><img loading=\"lazy\" decoding=\"async\" class=\" wp-image-13310 \" alt=\"Quatro Ring Girls do UFC se encontram em Las Vegas - Reprodu\u00e7\u00e3o Instagram\" src=\"https:\/\/blogs.gazetaesportiva.com\/planeta-octogono\/files\/2014\/07\/jhennyasuzaariannycamila.jpg\" width=\"512\" height=\"512\" \/><\/a><figcaption id=\"caption-attachment-13310\" class=\"wp-caption-text\"><strong><em>Camila encontra Arianny Celeste, Azusa Nishigaki e Jhenny Andrade em Las Vegas &#8211; Reprodu\u00e7\u00e3o Instagram<\/em><\/strong><\/figcaption><\/figure>\n<p>&nbsp;<\/p>\n<p>Impressionada com tudo o que viu, a Octagon Girl, Camila Oliveira n\u00e3o tem palavras para descrever tudo que que est\u00e1 vivendo em Las Vegas nesta semana.<\/p>\n<p>Convidada pela organiza\u00e7\u00e3o, Camila juntamente com Jhenny Andrade e o lutador J\u00fanior Cigano, realizaram um evento organizado pelo UFC voltado para o grande p\u00fablico.<\/p>\n<p>Muito feliz, Camila em conversa com o blog prometeu voltar a Vegas quando puder e descreveu a experi\u00eancia que est\u00e1 vivendo.<\/p>\n<figure id=\"attachment_13331\" aria-describedby=\"caption-attachment-13331\" style=\"width: 252px\" class=\"wp-caption alignleft\"><a href=\"https:\/\/blogs.gazetaesportiva.com\/planeta-octogono\/files\/2014\/07\/10514940_512579772204838_1907296704_n.jpg\"><img loading=\"lazy\" decoding=\"async\" class=\" wp-image-13331  \" alt=\"Camila participou de um evento tipicamente brasileiro - Arquivo Pessoal\" src=\"https:\/\/blogs.gazetaesportiva.com\/planeta-octogono\/files\/2014\/07\/10514940_512579772204838_1907296704_n.jpg\" width=\"252\" height=\"336\" \/><\/a><figcaption id=\"caption-attachment-13331\" class=\"wp-caption-text\"><strong><em>Camila participou de um evento do UFC tipicamente brasileiro &#8211; Arquivo Pessoal<\/em><\/strong><\/figcaption><\/figure>\n<p>&#8221; Voltar novamente para Las Vegas e participar das festas com o UFC n\u00e3o tem explica\u00e7\u00e3o.<\/p>\n<p>Est\u00e1 tudo passando das minhas expectativas, tudo maravilhoso. Estive ano passado aqui e foi magico e este ano est\u00e1 tudo perfeito.<\/p>\n<p>Essa cidade contagia de tanta alegria, de pessoas educadas e simpaticas. Agora nao vejo a hora de participar do UFC 175 e sentir a energia dos americanos e brasileiros tambem dentro da arena.<\/p>\n<p>Espero ter noticias maravilhosas e que o Lyoto recupere nosso cintur\u00e3o, ele tem potencial e est\u00e1 mais que pronto. Vai que \u00e9 sua Lyoto (risos). Beijos a todos.&#8221; disse Camila que vai estar presente no evento.<\/p>\n<p>A Octagon Girl volta a trabalhar em setembro na primeira edi\u00e7\u00e3o do UFC em Bras\u00edlia, no dia 13 de setembro.<\/p>\n<p>&nbsp;<\/p>\n<figure id=\"attachment_13332\" aria-describedby=\"caption-attachment-13332\" style=\"width: 360px\" class=\"wp-caption aligncenter\"><a href=\"https:\/\/blogs.gazetaesportiva.com\/planeta-octogono\/files\/2014\/07\/10531085_512579928871489_692124216_n.jpg\"><img loading=\"lazy\" decoding=\"async\" class=\" wp-image-13332 \" alt=\"Camila d\u00e1 aut\u00f3grafos para f\u00e3s nos Estados Unidos - Arquivo Pessoal\" src=\"https:\/\/blogs.gazetaesportiva.com\/planeta-octogono\/files\/2014\/07\/10531085_512579928871489_692124216_n.jpg\" width=\"360\" height=\"480\" \/><\/a><figcaption id=\"caption-attachment-13332\" class=\"wp-caption-text\"><strong><em>Camila d\u00e1 aut\u00f3grafos para f\u00e3s nos Estados Unidos &#8211; Arquivo Pessoal<\/em><\/strong><\/figcaption><\/figure>\n","protected":false},"excerpt":{"rendered":"<p>&nbsp; Pela primeira vez, o UFC apostou na beleza das ring girls brasileiras, Camila Oliveira e Jhenny Andrade para ajudar em sua grande s\u00e9rie de <a class=\"read-more\" href=\"https:\/\/blogs.gazetaesportiva.com\/planeta-octogono\/2014\/07\/04\/ring-girl-do-ufc-camila-oliveira-comemora-ida-a-vegas-e-esta-impressionada-com-fan-expo-maravilhoso\/\">leia mais<\/a><\/p>\n","protected":false},"author":33,"featured_media":13332,"comment_status":"open","ping_status":"open","sticky":false,"template":"","format":"standard","meta":{"jetpack_post_was_ever_published":false,"_jetpack_newsletter_access":"","_jetpack_dont_email_post_to_subs":false,"_jetpack_newsletter_tier_id":0,"_jetpack_memberships_contains_paywalled_content":false,"_jetpack_memberships_contains_paid_content":false,"footnotes":"","jetpack_publicize_message":"","jetpack_publicize_feature_enabled":true,"jetpack_social_post_already_shared":false,"jetpack_social_options":{"image_generator_settings":{"template":"highway","default_image_id":0,"font":"","enabled":false},"version":2}},"categories":[1],"tags":[],"class_list":["post-13329","post","type-post","status-publish","format-standard","has-post-thumbnail","hentry","category-principal"],"jetpack_publicize_connections":[],"jetpack_featured_media_url":"https:\/\/blogs.gazetaesportiva.com\/planeta-octogono\/files\/2014\/07\/10531085_512579928871489_692124216_n.jpg","jetpack_sharing_enabled":true,"jetpack_shortlink":"https:\/\/wp.me\/p6rqUQ-3sZ","_links":{"self":[{"href":"https:\/\/blogs.gazetaesportiva.com\/planeta-octogono\/wp-json\/wp\/v2\/posts\/13329","targetHints":{"allow":["GET"]}}],"collection":[{"href":"https:\/\/blogs.gazetaesportiva.com\/planeta-octogono\/wp-json\/wp\/v2\/posts"}],"about":[{"href":"https:\/\/blogs.gazetaesportiva.com\/planeta-octogono\/wp-json\/wp\/v2\/types\/post"}],"author":[{"embeddable":true,"href":"https:\/\/blogs.gazetaesportiva.com\/planeta-octogono\/wp-json\/wp\/v2\/users\/33"}],"replies":[{"embeddable":true,"href":"https:\/\/blogs.gazetaesportiva.com\/planeta-octogono\/wp-json\/wp\/v2\/comments?post=13329"}],"version-history":[{"count":0,"href":"https:\/\/blogs.gazetaesportiva.com\/planeta-octogono\/wp-json\/wp\/v2\/posts\/13329\/revisions"}],"wp:featuredmedia":[{"embeddable":true,"href":"https:\/\/blogs.gazetaesportiva.com\/planeta-octogono\/wp-json\/wp\/v2\/media\/13332"}],"wp:attachment":[{"href":"https:\/\/blogs.gazetaesportiva.com\/planeta-octogono\/wp-json\/wp\/v2\/media?parent=13329"}],"wp:term":[{"taxonomy":"category","embeddable":true,"href":"https:\/\/blogs.gazetaesportiva.com\/planeta-octogono\/wp-json\/wp\/v2\/categories?post=13329"},{"taxonomy":"post_tag","embeddable":true,"href":"https:\/\/blogs.gazetaesportiva.com\/planeta-octogono\/wp-json\/wp\/v2\/tags?post=13329"}],"curies":[{"name":"wp","href":"https:\/\/api.w.org\/{rel}","templated":true}]}}