{"id":13325,"date":"2014-07-04T16:32:52","date_gmt":"2014-07-04T19:32:52","guid":{"rendered":"https:\/\/blogs.gazetaesportiva.com\/planeta-octogono\/?p=13325"},"modified":"2014-07-04T16:32:52","modified_gmt":"2014-07-04T19:32:52","slug":"one-fc-anuncia-primeira-grande-edicao-com-4-disputas-de-cinturao-em-dubai-no-dia-29-de-agosto","status":"publish","type":"post","link":"https:\/\/blogs.gazetaesportiva.com\/planeta-octogono\/2014\/07\/04\/one-fc-anuncia-primeira-grande-edicao-com-4-disputas-de-cinturao-em-dubai-no-dia-29-de-agosto\/","title":{"rendered":"ONE FC anuncia primeira grande edi\u00e7\u00e3o com 4 disputas de cintur\u00e3o em Dubai no dia 29 de agosto"},"content":{"rendered":"<figure id=\"attachment_13326\" aria-describedby=\"caption-attachment-13326\" style=\"width: 385px\" class=\"wp-caption aligncenter\"><a href=\"https:\/\/blogs.gazetaesportiva.com\/planeta-octogono\/files\/2014\/07\/onefc8mediaday-9.jpg\"><img loading=\"lazy\" decoding=\"async\" class=\" wp-image-13326 \" alt=\"Shinya Aoki \u00e9 um dos campe\u00f5es presentes em grande edi\u00e7\u00e3o do ONE FC em Dubai - Divulga\u00e7\u00e3o ONE FC\" src=\"https:\/\/blogs.gazetaesportiva.com\/planeta-octogono\/files\/2014\/07\/onefc8mediaday-9.jpg\" width=\"385\" height=\"576\" \/><\/a><figcaption id=\"caption-attachment-13326\" class=\"wp-caption-text\"><strong><em>Shinya Aoki \u00e9 um dos campe\u00f5es presentes em grande edi\u00e7\u00e3o do ONE FC em Dubai &#8211; Divulga\u00e7\u00e3o ONE FC<\/em><\/strong><\/figcaption><\/figure>\n<p>&nbsp;<\/p>\n<p>O ONE FC faz um grande an\u00fancio nesta quinta feira.<\/p>\n<p>Pela primeira vez, o maior evento asi\u00e1tico de MMA vai romper as barreiras do continente e realizar seu primeiro evento em Dubai, nos Emirados \u00c1rabes Unidos.<\/p>\n<p>Para a edi\u00e7\u00e3o, a organiza\u00e7\u00e3o vai investir pesado e realizar o maior evento j\u00e1 realizado com quatro disputas de cintur\u00e3o no mesmo dia.<\/p>\n<p>Os campe\u00f5es japoneses Shinya Aoki, Koji Oishi e Nobutatsu Suzuki foram escalados para enfrentar Kamal Shalorus (Shinya) e Ben Askren (Suzuki).<\/p>\n<p>O advers\u00e1rio de Oishi e a primeira disputa de cintur\u00e3o peso m\u00e9dio que ser\u00e3o anunciados em breve.<\/p>\n<p>&#8220;Essa ser\u00e1 uma noite hist\u00f3rica para o MMA e voc\u00ea n\u00e3o pode perder. Tr\u00eas grandes campe\u00f5es al\u00e9m de Ben Askren que hoje \u00e9 uma das grandes estrelas do MMA.<\/p>\n<p>N\u00f3s j\u00e1 somos o maior evento na \u00c1sia e agora estamos chegando no Oriente M\u00e9dio. Com certeza Dubai vai ter uma noite cheia de adrenalina e mal posso esperar por isso.&#8221; disse Victor Cui, CEO do ONE FC.<\/p>\n<p>O evento retorna no dia 11 de julho com a primeira edi\u00e7\u00e3o em Taipei na China com a participa\u00e7\u00e3o brasileira de Rafael Nunes.<\/p>\n<p>&nbsp;<\/p>\n<p style=\"text-align: center\"><strong><em>Conhe\u00e7a o ONE FC:<\/em><\/strong><\/p>\n<p style=\"text-align: center\"><strong><em>[yframe url=&#8217;http:\/\/www.youtube.com\/watch?v=ih33WTmJJUc&#8217;]<\/em><\/strong><\/p>\n","protected":false},"excerpt":{"rendered":"<p>&nbsp; O ONE FC faz um grande an\u00fancio nesta quinta feira. Pela primeira vez, o maior evento asi\u00e1tico de MMA vai romper as barreiras do <a class=\"read-more\" href=\"https:\/\/blogs.gazetaesportiva.com\/planeta-octogono\/2014\/07\/04\/one-fc-anuncia-primeira-grande-edicao-com-4-disputas-de-cinturao-em-dubai-no-dia-29-de-agosto\/\">leia mais<\/a><\/p>\n","protected":false},"author":33,"featured_media":13326,"comment_status":"open","ping_status":"open","sticky":false,"template":"","format":"standard","meta":{"jetpack_post_was_ever_published":false,"_jetpack_newsletter_access":"","_jetpack_dont_email_post_to_subs":false,"_jetpack_newsletter_tier_id":0,"_jetpack_memberships_contains_paywalled_content":false,"_jetpack_memberships_contains_paid_content":false,"footnotes":"","jetpack_publicize_message":"","jetpack_publicize_feature_enabled":true,"jetpack_social_post_already_shared":false,"jetpack_social_options":{"image_generator_settings":{"template":"highway","default_image_id":0,"font":"","enabled":false},"version":2}},"categories":[1],"tags":[],"class_list":["post-13325","post","type-post","status-publish","format-standard","has-post-thumbnail","hentry","category-principal"],"jetpack_publicize_connections":[],"jetpack_featured_media_url":"https:\/\/blogs.gazetaesportiva.com\/planeta-octogono\/files\/2014\/07\/onefc8mediaday-9.jpg","jetpack_sharing_enabled":true,"jetpack_shortlink":"https:\/\/wp.me\/p6rqUQ-3sV","_links":{"self":[{"href":"https:\/\/blogs.gazetaesportiva.com\/planeta-octogono\/wp-json\/wp\/v2\/posts\/13325","targetHints":{"allow":["GET"]}}],"collection":[{"href":"https:\/\/blogs.gazetaesportiva.com\/planeta-octogono\/wp-json\/wp\/v2\/posts"}],"about":[{"href":"https:\/\/blogs.gazetaesportiva.com\/planeta-octogono\/wp-json\/wp\/v2\/types\/post"}],"author":[{"embeddable":true,"href":"https:\/\/blogs.gazetaesportiva.com\/planeta-octogono\/wp-json\/wp\/v2\/users\/33"}],"replies":[{"embeddable":true,"href":"https:\/\/blogs.gazetaesportiva.com\/planeta-octogono\/wp-json\/wp\/v2\/comments?post=13325"}],"version-history":[{"count":0,"href":"https:\/\/blogs.gazetaesportiva.com\/planeta-octogono\/wp-json\/wp\/v2\/posts\/13325\/revisions"}],"wp:featuredmedia":[{"embeddable":true,"href":"https:\/\/blogs.gazetaesportiva.com\/planeta-octogono\/wp-json\/wp\/v2\/media\/13326"}],"wp:attachment":[{"href":"https:\/\/blogs.gazetaesportiva.com\/planeta-octogono\/wp-json\/wp\/v2\/media?parent=13325"}],"wp:term":[{"taxonomy":"category","embeddable":true,"href":"https:\/\/blogs.gazetaesportiva.com\/planeta-octogono\/wp-json\/wp\/v2\/categories?post=13325"},{"taxonomy":"post_tag","embeddable":true,"href":"https:\/\/blogs.gazetaesportiva.com\/planeta-octogono\/wp-json\/wp\/v2\/tags?post=13325"}],"curies":[{"name":"wp","href":"https:\/\/api.w.org\/{rel}","templated":true}]}}