{"id":13321,"date":"2014-07-04T16:15:32","date_gmt":"2014-07-04T19:15:32","guid":{"rendered":"https:\/\/blogs.gazetaesportiva.com\/planeta-octogono\/?p=13321"},"modified":"2014-07-04T16:15:32","modified_gmt":"2014-07-04T19:15:32","slug":"lutadores-do-ufc-175-realizam-treino-aberto-e-encaradas-para-grande-edicao-neste-sabado","status":"publish","type":"post","link":"https:\/\/blogs.gazetaesportiva.com\/planeta-octogono\/2014\/07\/04\/lutadores-do-ufc-175-realizam-treino-aberto-e-encaradas-para-grande-edicao-neste-sabado\/","title":{"rendered":"Lutadores do UFC 175 realizam treino aberto e encaradas para grande edi\u00e7\u00e3o neste s\u00e1bado"},"content":{"rendered":"<figure id=\"attachment_13322\" aria-describedby=\"caption-attachment-13322\" style=\"width: 442px\" class=\"wp-caption aligncenter\"><a href=\"https:\/\/blogs.gazetaesportiva.com\/planeta-octogono\/files\/2014\/07\/10489690_10152502471681276_3390732503944608358_n.jpg\"><img loading=\"lazy\" decoding=\"async\" class=\" wp-image-13322 \" alt=\"Weidman e Lyoto se encaram em evento do UFC - Divulga\u00e7\u00e3o UFC\/Josh Hedges\" src=\"https:\/\/blogs.gazetaesportiva.com\/planeta-octogono\/files\/2014\/07\/10489690_10152502471681276_3390732503944608358_n.jpg\" width=\"442\" height=\"672\" \/><\/a><figcaption id=\"caption-attachment-13322\" class=\"wp-caption-text\"><strong><em>Weidman e Lyoto se encaram em evento do UFC &#8211; Divulga\u00e7\u00e3o UFC\/Josh Hedges<\/em><\/strong><\/figcaption><\/figure>\n<p>&nbsp;<\/p>\n<p>O UFC realizou neste \u00faltimos dois dias, o treino aberto e o dia da imprensa da edi\u00e7\u00e3o 175 que acontece neste s\u00e1bado.<\/p>\n<p>Contando com o brasileiro Lyoto Machida que disputa o cintur\u00e3o dos m\u00e9dios da organiza\u00e7\u00e3o contra o campe\u00e3o Chris Weidman, o evento teve um grande destaque para a musa americana Ronda Rousey.<\/p>\n<p>A campe\u00e3 chamou as aten\u00e7\u00f5es em seu treino com as quedas e seus exerc\u00edcios de boxe al\u00e9m de protagonizar sua encarada caracter\u00edstica com Alexis Davis.<\/p>\n<p>Al\u00e9m de Machida, o evento tem mais quatro brasileiros: Guilherme Bomba, Thiago Marreta, Bruno Carioca e Ildemar Maraj\u00f3.<\/p>\n<p>&nbsp;<\/p>\n<figure id=\"attachment_13323\" aria-describedby=\"caption-attachment-13323\" style=\"width: 695px\" class=\"wp-caption aligncenter\"><a href=\"https:\/\/blogs.gazetaesportiva.com\/planeta-octogono\/files\/2014\/07\/10380475_10152502470891276_7067902854284788664_o.jpg\"><img loading=\"lazy\" decoding=\"async\" class=\" wp-image-13323 \" alt=\"Ronda encara Alexis em dia de imprensa do UFC - Divulga\u00e7\u00e3o UFC\/Josh Hedges\" src=\"https:\/\/blogs.gazetaesportiva.com\/planeta-octogono\/files\/2014\/07\/10380475_10152502470891276_7067902854284788664_o.jpg\" width=\"695\" height=\"455\" \/><\/a><figcaption id=\"caption-attachment-13323\" class=\"wp-caption-text\"><strong><em>Ronda encara Alexis em dia de imprensa do UFC &#8211; Divulga\u00e7\u00e3o UFC\/Josh Hedges<\/em><\/strong><\/figcaption><\/figure>\n<p>&nbsp;<\/p>\n<p style=\"text-align: center\"><strong><em>Veja os melhores momentos dos treinos abertos:<\/em><\/strong><\/p>\n<p style=\"text-align: center\"><strong><em>[yframe url=&#8217;http:\/\/www.youtube.com\/watch?v=k-VXciBhmm8&#8242;]<\/em><\/strong><\/p>\n<p style=\"text-align: center\">\n<p style=\"text-align: center\"><strong><em>Veja o treino de Ronda Rousey:<\/em><\/strong><\/p>\n<p style=\"text-align: center\"><strong><em>[yframe url=&#8217;http:\/\/www.youtube.com\/watch?v=SrKc-44oRwE&#8217;]<\/em><\/strong><\/p>\n<p style=\"text-align: center\">\n<p style=\"text-align: center\"><strong><em>Veja o treino de Lyoto Machida:<\/em><\/strong><\/p>\n<p style=\"text-align: center\"><strong><em>[yframe url=&#8217;http:\/\/www.youtube.com\/watch?v=QM_y3VvuUt0&#8242;]<\/em><\/strong><\/p>\n<p style=\"text-align: center\">\n<p style=\"text-align: center\"><strong><em>Veja o treino de Chris Weidman:<\/em><\/strong><\/p>\n<p style=\"text-align: center\"><strong><em>[yframe url=&#8217;http:\/\/www.youtube.com\/watch?v=0tgb-Yqd_7Y&#8217;]<\/em><\/strong><\/p>\n<p style=\"text-align: center\">\n<p style=\"text-align: center\"><strong><em>Veja as encaradas do UFC 175:<\/em><\/strong><\/p>\n<p style=\"text-align: center\"><strong><em>[yframe url=&#8217;http:\/\/www.youtube.com\/watch?v=2IQbBkRXluU&#8217;]<\/em><\/strong><\/p>\n<p>&nbsp;<\/p>\n<p>&nbsp;<\/p>\n","protected":false},"excerpt":{"rendered":"<p>&nbsp; O UFC realizou neste \u00faltimos dois dias, o treino aberto e o dia da imprensa da edi\u00e7\u00e3o 175 que acontece neste s\u00e1bado. Contando com <a class=\"read-more\" href=\"https:\/\/blogs.gazetaesportiva.com\/planeta-octogono\/2014\/07\/04\/lutadores-do-ufc-175-realizam-treino-aberto-e-encaradas-para-grande-edicao-neste-sabado\/\">leia mais<\/a><\/p>\n","protected":false},"author":33,"featured_media":13323,"comment_status":"open","ping_status":"open","sticky":false,"template":"","format":"standard","meta":{"jetpack_post_was_ever_published":false,"_jetpack_newsletter_access":"","_jetpack_dont_email_post_to_subs":false,"_jetpack_newsletter_tier_id":0,"_jetpack_memberships_contains_paywalled_content":false,"_jetpack_memberships_contains_paid_content":false,"footnotes":"","jetpack_publicize_message":"","jetpack_publicize_feature_enabled":true,"jetpack_social_post_already_shared":false,"jetpack_social_options":{"image_generator_settings":{"template":"highway","default_image_id":0,"font":"","enabled":false},"version":2}},"categories":[1],"tags":[],"class_list":["post-13321","post","type-post","status-publish","format-standard","has-post-thumbnail","hentry","category-principal"],"jetpack_publicize_connections":[],"jetpack_featured_media_url":"https:\/\/blogs.gazetaesportiva.com\/planeta-octogono\/files\/2014\/07\/10380475_10152502470891276_7067902854284788664_o.jpg","jetpack_sharing_enabled":true,"jetpack_shortlink":"https:\/\/wp.me\/p6rqUQ-3sR","_links":{"self":[{"href":"https:\/\/blogs.gazetaesportiva.com\/planeta-octogono\/wp-json\/wp\/v2\/posts\/13321","targetHints":{"allow":["GET"]}}],"collection":[{"href":"https:\/\/blogs.gazetaesportiva.com\/planeta-octogono\/wp-json\/wp\/v2\/posts"}],"about":[{"href":"https:\/\/blogs.gazetaesportiva.com\/planeta-octogono\/wp-json\/wp\/v2\/types\/post"}],"author":[{"embeddable":true,"href":"https:\/\/blogs.gazetaesportiva.com\/planeta-octogono\/wp-json\/wp\/v2\/users\/33"}],"replies":[{"embeddable":true,"href":"https:\/\/blogs.gazetaesportiva.com\/planeta-octogono\/wp-json\/wp\/v2\/comments?post=13321"}],"version-history":[{"count":0,"href":"https:\/\/blogs.gazetaesportiva.com\/planeta-octogono\/wp-json\/wp\/v2\/posts\/13321\/revisions"}],"wp:featuredmedia":[{"embeddable":true,"href":"https:\/\/blogs.gazetaesportiva.com\/planeta-octogono\/wp-json\/wp\/v2\/media\/13323"}],"wp:attachment":[{"href":"https:\/\/blogs.gazetaesportiva.com\/planeta-octogono\/wp-json\/wp\/v2\/media?parent=13321"}],"wp:term":[{"taxonomy":"category","embeddable":true,"href":"https:\/\/blogs.gazetaesportiva.com\/planeta-octogono\/wp-json\/wp\/v2\/categories?post=13321"},{"taxonomy":"post_tag","embeddable":true,"href":"https:\/\/blogs.gazetaesportiva.com\/planeta-octogono\/wp-json\/wp\/v2\/tags?post=13321"}],"curies":[{"name":"wp","href":"https:\/\/api.w.org\/{rel}","templated":true}]}}