{"id":13313,"date":"2014-07-04T15:49:09","date_gmt":"2014-07-04T18:49:09","guid":{"rendered":"https:\/\/blogs.gazetaesportiva.com\/planeta-octogono\/?p=13313"},"modified":"2014-07-04T15:49:09","modified_gmt":"2014-07-04T18:49:09","slug":"lutando-no-tuf-19-finale-adriano-martins-faz-promessa-e-dispara-meu-pensamento-e-nocautear","status":"publish","type":"post","link":"https:\/\/blogs.gazetaesportiva.com\/planeta-octogono\/2014\/07\/04\/lutando-no-tuf-19-finale-adriano-martins-faz-promessa-e-dispara-meu-pensamento-e-nocautear\/","title":{"rendered":"Lutando no TUF 19 Finale, Adriano Martins faz promessa e dispara: Meu pensamento \u00e9 nocautear!"},"content":{"rendered":"<figure id=\"attachment_13314\" aria-describedby=\"caption-attachment-13314\" style=\"width: 420px\" class=\"wp-caption aligncenter\"><a href=\"https:\/\/blogs.gazetaesportiva.com\/planeta-octogono\/files\/2014\/07\/adrianomartins1.jpg\"><img loading=\"lazy\" decoding=\"async\" class=\"size-full wp-image-13314\" alt=\"Lutador representa o Estado do Amazonas neste s\u00e1bado - Divulga\u00e7\u00e3o Koral\" src=\"https:\/\/blogs.gazetaesportiva.com\/planeta-octogono\/files\/2014\/07\/adrianomartins1.jpg\" width=\"420\" height=\"816\" \/><\/a><figcaption id=\"caption-attachment-13314\" class=\"wp-caption-text\"><strong><em>Lutador representa o Estado do Amazonas neste s\u00e1bado &#8211; Divulga\u00e7\u00e3o Koral<\/em><\/strong><\/figcaption><\/figure>\n<p>&nbsp;<\/p>\n<p>Mais\u00a0um representante da forte escola amazonense de MMA, Adriano Martins j\u00e1 se encontra nos \u00faltimos preparativos para o duelo contra o mexicano Juan Manuel Puig.<\/p>\n<p>O combate, que \u00e9 v\u00e1lido pelos pesos leves (70kg), faz parte do TUF Finale 19, marcado para o pr\u00f3ximo dia 6 de julho, em Las Vegas (EUA).<\/p>\n<p>Em busca de sua segunda vit\u00f3ria na organiza\u00e7\u00e3o, o brasileiro, que estreou vencendo Daron Cruickshank em novembro do ano passado, quer reabilitar-se do rev\u00e9s sofrido para Donald Cerrone no UFC on Fox 10, disputado no \u00faltimo m\u00eas de janeiro.<\/p>\n<p>Dono de um consistente cartel com 25 vit\u00f3rias e sete derrotas, Adriano teve seu nome adicionado ao card no final de maio. Ciente das qualidades de seu oponente, que det\u00e9m um cartel de 11 vit\u00f3rias e duas derrotas, ele garante ter feito o dever de casa e estudado o jogo do mexicano, que fez suas duas \u00faltimas lutas no Jungle Fight.<\/p>\n<p>&#8220;Estudei bastante o jogo dele e vi que ele gosta bastante na luta de ch\u00e3o. \u00c9 um bom advers\u00e1rio, mas ch\u00e3o por ch\u00e3o eu confio muito mais no meu.<\/p>\n<p>Estou pronto para lutar com ele em todas as \u00e1reas, mas estou indo para essa luta com o pensamento de nocaute\u00e1-lo. Quero muito conquistar mais essa vit\u00f3ria&#8221;, disse o lutador, que tamb\u00e9m pretende utilizar sua experi\u00eancia internacional contra o estreante mexicano: &#8220;Com certeza vai ser mais uma arma para o meu lado. Espero usar o fato de estar indo para a terceira luta na organiza\u00e7\u00e3o a meu favor&#8221;.<\/p>\n<p>Mesmo com a interrup\u00e7\u00e3o de uma sequ\u00eancia invicta de seis duelos no in\u00edcio do ano, o lutador n\u00e3o demonstrou abatimento e disse ter tirado algumas li\u00e7\u00f5es da derrota para Cerrone. Para ele, a vit\u00f3ria no TUF Finale 19 ser\u00e1 fundamental para coloc\u00e1-lo em boa posi\u00e7\u00e3o na categoria.<\/p>\n<p>&#8220;Pude aprender bastante com a minha \u00faltima derrota. Ap\u00f3s aquele combate, enxerguei que \u00e9 necess\u00e1rio sair da zona de conforto e buscar sempre a evolu\u00e7\u00e3o no meu jogo. Essa vit\u00f3ria ser\u00e1 muito importante para me colocar novamente em uma coloca\u00e7\u00e3o boa na categoria e, quem sabe, em futuro pr\u00f3ximo estar no Top 10 da divis\u00e3o&#8221;.<\/p>\n<p>Profissional de MMA desde 2004, Adriano Martins tamb\u00e9m comemorou a chance de estar presente a uma das principais datas do UFC no ano. Para retribuir a confian\u00e7a da organiza\u00e7\u00e3o, o manauara promete muito empenho e dedica\u00e7\u00e3o em cima do oct\u00f3gono.<\/p>\n<p>&#8220;Minhas expectativas s\u00e3o as melhores poss\u00edveis, estou muito feliz com essa chance e vou dar o meu m\u00e1ximo para vencer. \u00c9 uma semana important\u00edssima para os Estados Unidos, j\u00e1 que eles comemoram a Independ\u00eancia do pa\u00eds. Para mim, \u00e9 uma grande satisfa\u00e7\u00e3o lutar pela primeira vez em Las Vegas (EUA), ainda mais em um evento t\u00e3o grandioso&#8221;, concluiu.<\/p>\n","protected":false},"excerpt":{"rendered":"<p>&nbsp; Mais\u00a0um representante da forte escola amazonense de MMA, Adriano Martins j\u00e1 se encontra nos \u00faltimos preparativos para o duelo contra o mexicano Juan Manuel <a class=\"read-more\" href=\"https:\/\/blogs.gazetaesportiva.com\/planeta-octogono\/2014\/07\/04\/lutando-no-tuf-19-finale-adriano-martins-faz-promessa-e-dispara-meu-pensamento-e-nocautear\/\">leia mais<\/a><\/p>\n","protected":false},"author":33,"featured_media":13314,"comment_status":"open","ping_status":"open","sticky":false,"template":"","format":"standard","meta":{"jetpack_post_was_ever_published":false,"_jetpack_newsletter_access":"","_jetpack_dont_email_post_to_subs":false,"_jetpack_newsletter_tier_id":0,"_jetpack_memberships_contains_paywalled_content":false,"_jetpack_memberships_contains_paid_content":false,"footnotes":"","jetpack_publicize_message":"","jetpack_publicize_feature_enabled":true,"jetpack_social_post_already_shared":false,"jetpack_social_options":{"image_generator_settings":{"template":"highway","default_image_id":0,"font":"","enabled":false},"version":2}},"categories":[1],"tags":[],"class_list":["post-13313","post","type-post","status-publish","format-standard","has-post-thumbnail","hentry","category-principal"],"jetpack_publicize_connections":[],"jetpack_featured_media_url":"https:\/\/blogs.gazetaesportiva.com\/planeta-octogono\/files\/2014\/07\/adrianomartins1.jpg","jetpack_sharing_enabled":true,"jetpack_shortlink":"https:\/\/wp.me\/p6rqUQ-3sJ","_links":{"self":[{"href":"https:\/\/blogs.gazetaesportiva.com\/planeta-octogono\/wp-json\/wp\/v2\/posts\/13313","targetHints":{"allow":["GET"]}}],"collection":[{"href":"https:\/\/blogs.gazetaesportiva.com\/planeta-octogono\/wp-json\/wp\/v2\/posts"}],"about":[{"href":"https:\/\/blogs.gazetaesportiva.com\/planeta-octogono\/wp-json\/wp\/v2\/types\/post"}],"author":[{"embeddable":true,"href":"https:\/\/blogs.gazetaesportiva.com\/planeta-octogono\/wp-json\/wp\/v2\/users\/33"}],"replies":[{"embeddable":true,"href":"https:\/\/blogs.gazetaesportiva.com\/planeta-octogono\/wp-json\/wp\/v2\/comments?post=13313"}],"version-history":[{"count":0,"href":"https:\/\/blogs.gazetaesportiva.com\/planeta-octogono\/wp-json\/wp\/v2\/posts\/13313\/revisions"}],"wp:featuredmedia":[{"embeddable":true,"href":"https:\/\/blogs.gazetaesportiva.com\/planeta-octogono\/wp-json\/wp\/v2\/media\/13314"}],"wp:attachment":[{"href":"https:\/\/blogs.gazetaesportiva.com\/planeta-octogono\/wp-json\/wp\/v2\/media?parent=13313"}],"wp:term":[{"taxonomy":"category","embeddable":true,"href":"https:\/\/blogs.gazetaesportiva.com\/planeta-octogono\/wp-json\/wp\/v2\/categories?post=13313"},{"taxonomy":"post_tag","embeddable":true,"href":"https:\/\/blogs.gazetaesportiva.com\/planeta-octogono\/wp-json\/wp\/v2\/tags?post=13313"}],"curies":[{"name":"wp","href":"https:\/\/api.w.org\/{rel}","templated":true}]}}