{"id":13306,"date":"2014-07-03T05:26:19","date_gmt":"2014-07-03T08:26:19","guid":{"rendered":"https:\/\/blogs.gazetaesportiva.com\/planeta-octogono\/?p=13306"},"modified":"2014-07-03T05:26:19","modified_gmt":"2014-07-03T08:26:19","slug":"especial-ufc-175-acompanhe-a-preparacao-final-de-astros-do-evento-weidman-lyoto-ronda-e-alexis-davis","status":"publish","type":"post","link":"https:\/\/blogs.gazetaesportiva.com\/planeta-octogono\/2014\/07\/03\/especial-ufc-175-acompanhe-a-preparacao-final-de-astros-do-evento-weidman-lyoto-ronda-e-alexis-davis\/","title":{"rendered":"Especial UFC 175: Acompanhe a prepara\u00e7\u00e3o final de astros do evento: Weidman, Lyoto, Ronda e Alexis Davis"},"content":{"rendered":"<figure id=\"attachment_13280\" aria-describedby=\"caption-attachment-13280\" style=\"width: 403px\" class=\"wp-caption aligncenter\"><a href=\"https:\/\/blogs.gazetaesportiva.com\/planeta-octogono\/files\/2014\/06\/ufc175poster.jpg\"><img loading=\"lazy\" decoding=\"async\" class=\"size-full wp-image-13280\" alt=\"Evento tem duas disputas de cintur\u00e3o - Divulga\u00e7\u00e3o UFC\" src=\"https:\/\/blogs.gazetaesportiva.com\/planeta-octogono\/files\/2014\/06\/ufc175poster.jpg\" width=\"403\" height=\"533\" \/><\/a><figcaption id=\"caption-attachment-13280\" class=\"wp-caption-text\"><strong><em>Evento tem duas disputas de cintur\u00e3o &#8211; Divulga\u00e7\u00e3o UFC<\/em><\/strong><\/figcaption><\/figure>\n<p>&nbsp;<\/p>\n<p>Na semana mais importante do ano para o UFC, a edi\u00e7\u00e3o 175 conta com quatro estrelas para este evento que acontece neste s\u00e1bado.<\/p>\n<p>Acompanhando todos os movimentos de Chris Weidman, Lyoto Machida, Ronda Rousey e Alexis Davis, a organiza\u00e7\u00e3o divulgou dois v\u00eddeos mostrando os preparativos finais para o evento.<\/p>\n<p>O destaque dos dois v\u00eddeos \u00e9 um pouco da intimidade dos atletas al\u00e9m do in\u00edcio da dura batalha para a perda de peso para o evento.<\/p>\n<p>Dando destaque para Ronda Rousey que j\u00e1 est\u00e1 em Las Vegas desde o in\u00edcio da semana, a lutadora est\u00e1 sendo filmada mostrando seus treinos de boxe al\u00e9m de j\u00e1 iniciar o corte de peso.<\/p>\n<p>Weidman, Lyoto e Alexis embarcaram para Vegas e tamb\u00e9m foram acompanhados pelo evento.<\/p>\n<p>O UFC realiza a pesagem oficial nesta sexta feira com o brasileiro Lyoto Machida disputando o cintur\u00e3o peso m\u00e9dio contra Weidman.<\/p>\n<p>&nbsp;<\/p>\n<p style=\"text-align: center\"><strong><em>Veja os v\u00eddeos de prepara\u00e7\u00e3o final dos atletas do UFC 175:<\/em><\/strong><\/p>\n<p style=\"text-align: center\"><strong><em>[yframe url=&#8217;http:\/\/www.youtube.com\/watch?v=_44lOzgNMm8&#8242;]<\/em><\/strong><\/p>\n<p style=\"text-align: center\"><strong><em>[yframe url=&#8217;http:\/\/www.youtube.com\/watch?v=GDvsu5L7x2Y&#8217;]<\/em><\/strong><\/p>\n","protected":false},"excerpt":{"rendered":"<p>&nbsp; Na semana mais importante do ano para o UFC, a edi\u00e7\u00e3o 175 conta com quatro estrelas para este evento que acontece neste s\u00e1bado. Acompanhando <a class=\"read-more\" href=\"https:\/\/blogs.gazetaesportiva.com\/planeta-octogono\/2014\/07\/03\/especial-ufc-175-acompanhe-a-preparacao-final-de-astros-do-evento-weidman-lyoto-ronda-e-alexis-davis\/\">leia mais<\/a><\/p>\n","protected":false},"author":33,"featured_media":0,"comment_status":"open","ping_status":"open","sticky":false,"template":"","format":"standard","meta":{"jetpack_post_was_ever_published":false,"_jetpack_newsletter_access":"","_jetpack_dont_email_post_to_subs":false,"_jetpack_newsletter_tier_id":0,"_jetpack_memberships_contains_paywalled_content":false,"_jetpack_memberships_contains_paid_content":false,"footnotes":"","jetpack_publicize_message":"","jetpack_publicize_feature_enabled":true,"jetpack_social_post_already_shared":false,"jetpack_social_options":{"image_generator_settings":{"template":"highway","default_image_id":0,"font":"","enabled":false},"version":2}},"categories":[1],"tags":[],"class_list":["post-13306","post","type-post","status-publish","format-standard","hentry","category-principal"],"jetpack_publicize_connections":[],"jetpack_featured_media_url":"","jetpack_sharing_enabled":true,"jetpack_shortlink":"https:\/\/wp.me\/p6rqUQ-3sC","_links":{"self":[{"href":"https:\/\/blogs.gazetaesportiva.com\/planeta-octogono\/wp-json\/wp\/v2\/posts\/13306","targetHints":{"allow":["GET"]}}],"collection":[{"href":"https:\/\/blogs.gazetaesportiva.com\/planeta-octogono\/wp-json\/wp\/v2\/posts"}],"about":[{"href":"https:\/\/blogs.gazetaesportiva.com\/planeta-octogono\/wp-json\/wp\/v2\/types\/post"}],"author":[{"embeddable":true,"href":"https:\/\/blogs.gazetaesportiva.com\/planeta-octogono\/wp-json\/wp\/v2\/users\/33"}],"replies":[{"embeddable":true,"href":"https:\/\/blogs.gazetaesportiva.com\/planeta-octogono\/wp-json\/wp\/v2\/comments?post=13306"}],"version-history":[{"count":0,"href":"https:\/\/blogs.gazetaesportiva.com\/planeta-octogono\/wp-json\/wp\/v2\/posts\/13306\/revisions"}],"wp:attachment":[{"href":"https:\/\/blogs.gazetaesportiva.com\/planeta-octogono\/wp-json\/wp\/v2\/media?parent=13306"}],"wp:term":[{"taxonomy":"category","embeddable":true,"href":"https:\/\/blogs.gazetaesportiva.com\/planeta-octogono\/wp-json\/wp\/v2\/categories?post=13306"},{"taxonomy":"post_tag","embeddable":true,"href":"https:\/\/blogs.gazetaesportiva.com\/planeta-octogono\/wp-json\/wp\/v2\/tags?post=13306"}],"curies":[{"name":"wp","href":"https:\/\/api.w.org\/{rel}","templated":true}]}}