{"id":11391,"date":"2014-03-23T03:28:44","date_gmt":"2014-03-23T06:28:44","guid":{"rendered":"https:\/\/blogs.gazetaesportiva.com\/planeta-octogono\/?p=11391"},"modified":"2014-03-23T03:28:44","modified_gmt":"2014-03-23T06:28:44","slug":"especial-ufc-natal-leo-santos-aposta-em-jogo-de-paciencia-para-vencer-norman-parke-no-ufc","status":"publish","type":"post","link":"https:\/\/blogs.gazetaesportiva.com\/planeta-octogono\/2014\/03\/23\/especial-ufc-natal-leo-santos-aposta-em-jogo-de-paciencia-para-vencer-norman-parke-no-ufc\/","title":{"rendered":"Especial UFC Natal &#8211; L\u00e9o Santos aposta em &#8216;jogo de paci\u00eancia&#8217; para vencer Norman Parke no UFC"},"content":{"rendered":"<figure id=\"attachment_11392\" aria-describedby=\"caption-attachment-11392\" style=\"width: 622px\" class=\"wp-caption aligncenter\"><a href=\"https:\/\/blogs.gazetaesportiva.com\/planeta-octogono\/files\/2014\/03\/leosantos.jpg\"><img loading=\"lazy\" decoding=\"async\" class=\" wp-image-11392 \" alt=\"Lutador est\u00e1 pronto para combate em Natal - Divulga\u00e7\u00e3o Adidas\" src=\"https:\/\/blogs.gazetaesportiva.com\/planeta-octogono\/files\/2014\/03\/leosantos.jpg\" width=\"622\" height=\"432\" \/><\/a><figcaption id=\"caption-attachment-11392\" class=\"wp-caption-text\"><strong><em>Lutador est\u00e1 pronto para combate em Natal &#8211; Divulga\u00e7\u00e3o Adidas<\/em><\/strong><\/figcaption><\/figure>\n<p>&nbsp;<\/p>\n<p>Confirmado entre as principais lutas do UFC Fight Night 39, dia 23 de mar\u00e7o, em Natal, L\u00e9o Santos faz sua estreia oficial no oct\u00f3gono contra o brit\u00e2nico Norman Parke, com a responsabilidade de ser o atual campe\u00e3o do reality show The Ultimate Fighter Brasil. Os quatro t\u00edtulos mundiais no jiu-jitsu e a longa experi\u00eancia que tem no MMA profissional fazem com que a apresenta\u00e7\u00e3o do atleta seja uma das mais aguardadas do show, por f\u00e3s e pela pr\u00f3pria organiza\u00e7\u00e3o do evento.<\/p>\n<p>Aos 34 anos e invicto desde 2010, L\u00e9o n\u00e3o se contenta com o t\u00edtulo no programa, conquistado em junho de 2013, quando finalizou William Patolino. Experiente, ele sabe que essa gl\u00f3ria est\u00e1 eternizada, e o atual momento \u00e9 de iniciar uma trajet\u00f3ria de sucesso no evento.<\/p>\n<p>&#8220;O que ganhei ningu\u00e9m tira, sou o campe\u00e3o do TUF Brasil 2 e vou guardar essa conquista com muito carinho. Mas, agora, \u00e9 andar para frente, porque tenho um outro caminho para percorrer e ainda quero mais vit\u00f3rias importantes. Tenho uma grande estrutura na Nova Uni\u00e3o, treino com os melhores do mundo e sei que posso construir uma hist\u00f3ria bonita no UFC. \u00c9 esse meu foco atual&#8221;, revela.<\/p>\n<p>Tamb\u00e9m sem saber o que \u00e9 perder desde 2010, Norman Parke entrou no UFC h\u00e1 pouco mais de um ano, e da mesma maneira que o brasileiro: vencendo uma edi\u00e7\u00e3o do TUF. A conquista do brit\u00e2nico aconteceu na edi\u00e7\u00e3o Reino Unido x Austr\u00e1lia do programa. L\u00e9o Santos est\u00e1 ciente dos perigos que o rival pode lhe oferecer e, mesmo com a torcida ao seu lado e o empurrando para a vit\u00f3ria, sabe que \u00e9 necess\u00e1rio ter calma no confronto.<\/p>\n<p>&#8220;Ele \u00e9 um cara bem completo, troca em p\u00e9, tem um ch\u00e3o muito bom e, al\u00e9m disso, \u00e9 canhoto, o que me traz um fator diferente. Mas, apesar de toda ansiedade para lutar, vou entrar sem afoba\u00e7\u00e3o, porque esse combate vai ser um jogo de paci\u00eancia. Vou ver o que ele tem para me oferecer e saber aproveitar as brechas. Sei que n\u00e3o ser\u00e1 uma luta simples, mas n\u00e3o tem muito o que prever antes. N\u00e3o vou mudar meu estilo de luta, ent\u00e3o \u00e9 me impor e fazer tudo que treinei nesses meses para vencer&#8221;, conta.<\/p>\n<p>Pela primeira vez, um evento no Brasil vai reunir todos os campe\u00f5es das edi\u00e7\u00f5es do TUF no pa\u00eds. Al\u00e9m de L\u00e9o Santos, Cezar Mutante e Rony Jason, que faturaram a primeira temporada do programa, tamb\u00e9m est\u00e3o confirmados no show. Motivado por estar no card da estreia da organiza\u00e7\u00e3o em Natal, o lutador da Nova Uni\u00e3o confia no apoio do povo nordestino.<\/p>\n<p>&#8220;Estou muito ansioso de estrear no UFC. Espero que consiga corresponder \u00e0 confian\u00e7a que a galera est\u00e1 depositando em mim, e que eu fa\u00e7a um bom espet\u00e1culo. Tenho muitos amigos em Natal, e com certeza terei uma energia bem positiva vindo das arquibancadas. Isso me d\u00e1 ainda mais confian\u00e7a para garantir essa vit\u00f3ria. Minha estreia no UFC foi em Fortaleza, e posso dizer que o Nordeste me d\u00e1 sorte&#8221;, explica.<\/p>\n","protected":false},"excerpt":{"rendered":"<p>&nbsp; Confirmado entre as principais lutas do UFC Fight Night 39, dia 23 de mar\u00e7o, em Natal, L\u00e9o Santos faz sua estreia oficial no oct\u00f3gono <a class=\"read-more\" href=\"https:\/\/blogs.gazetaesportiva.com\/planeta-octogono\/2014\/03\/23\/especial-ufc-natal-leo-santos-aposta-em-jogo-de-paciencia-para-vencer-norman-parke-no-ufc\/\">leia mais<\/a><\/p>\n","protected":false},"author":33,"featured_media":11392,"comment_status":"open","ping_status":"open","sticky":false,"template":"","format":"standard","meta":{"jetpack_post_was_ever_published":false,"_jetpack_newsletter_access":"","_jetpack_dont_email_post_to_subs":false,"_jetpack_newsletter_tier_id":0,"_jetpack_memberships_contains_paywalled_content":false,"_jetpack_memberships_contains_paid_content":false,"footnotes":"","jetpack_publicize_message":"","jetpack_publicize_feature_enabled":true,"jetpack_social_post_already_shared":false,"jetpack_social_options":{"image_generator_settings":{"template":"highway","default_image_id":0,"font":"","enabled":false},"version":2}},"categories":[1],"tags":[],"class_list":["post-11391","post","type-post","status-publish","format-standard","has-post-thumbnail","hentry","category-principal"],"jetpack_publicize_connections":[],"jetpack_featured_media_url":"https:\/\/blogs.gazetaesportiva.com\/planeta-octogono\/files\/2014\/03\/leosantos.jpg","jetpack_sharing_enabled":true,"jetpack_shortlink":"https:\/\/wp.me\/p6rqUQ-2XJ","_links":{"self":[{"href":"https:\/\/blogs.gazetaesportiva.com\/planeta-octogono\/wp-json\/wp\/v2\/posts\/11391","targetHints":{"allow":["GET"]}}],"collection":[{"href":"https:\/\/blogs.gazetaesportiva.com\/planeta-octogono\/wp-json\/wp\/v2\/posts"}],"about":[{"href":"https:\/\/blogs.gazetaesportiva.com\/planeta-octogono\/wp-json\/wp\/v2\/types\/post"}],"author":[{"embeddable":true,"href":"https:\/\/blogs.gazetaesportiva.com\/planeta-octogono\/wp-json\/wp\/v2\/users\/33"}],"replies":[{"embeddable":true,"href":"https:\/\/blogs.gazetaesportiva.com\/planeta-octogono\/wp-json\/wp\/v2\/comments?post=11391"}],"version-history":[{"count":0,"href":"https:\/\/blogs.gazetaesportiva.com\/planeta-octogono\/wp-json\/wp\/v2\/posts\/11391\/revisions"}],"wp:featuredmedia":[{"embeddable":true,"href":"https:\/\/blogs.gazetaesportiva.com\/planeta-octogono\/wp-json\/wp\/v2\/media\/11392"}],"wp:attachment":[{"href":"https:\/\/blogs.gazetaesportiva.com\/planeta-octogono\/wp-json\/wp\/v2\/media?parent=11391"}],"wp:term":[{"taxonomy":"category","embeddable":true,"href":"https:\/\/blogs.gazetaesportiva.com\/planeta-octogono\/wp-json\/wp\/v2\/categories?post=11391"},{"taxonomy":"post_tag","embeddable":true,"href":"https:\/\/blogs.gazetaesportiva.com\/planeta-octogono\/wp-json\/wp\/v2\/tags?post=11391"}],"curies":[{"name":"wp","href":"https:\/\/api.w.org\/{rel}","templated":true}]}}