{"id":11386,"date":"2014-03-23T03:11:46","date_gmt":"2014-03-23T06:11:46","guid":{"rendered":"https:\/\/blogs.gazetaesportiva.com\/planeta-octogono\/?p=11386"},"modified":"2014-03-23T03:13:56","modified_gmt":"2014-03-23T06:13:56","slug":"sheymon-moraes-e-escalado-e-faz-luta-no-nitrix-champion-fight-no-dia-12-de-abril","status":"publish","type":"post","link":"https:\/\/blogs.gazetaesportiva.com\/planeta-octogono\/2014\/03\/23\/sheymon-moraes-e-escalado-e-faz-luta-no-nitrix-champion-fight-no-dia-12-de-abril\/","title":{"rendered":"Sheymon Moraes \u00e9 escalado e faz luta no Nitrix Champion Fight no dia 12 de abril"},"content":{"rendered":"<figure id=\"attachment_11387\" aria-describedby=\"caption-attachment-11387\" style=\"width: 448px\" class=\"wp-caption aligncenter\"><a href=\"https:\/\/blogs.gazetaesportiva.com\/planeta-octogono\/files\/2014\/03\/Sheymon-Mores.jpg\"><img loading=\"lazy\" decoding=\"async\" class=\" wp-image-11387   \" alt=\"Lutador representa Team Nogueira em Santa Catarina - Divulga\u00e7\u00e3o Anal\u00edtica\" src=\"https:\/\/blogs.gazetaesportiva.com\/planeta-octogono\/files\/2014\/03\/Sheymon-Mores.jpg\" width=\"448\" height=\"448\" \/><\/a><figcaption id=\"caption-attachment-11387\" class=\"wp-caption-text\"><strong><em>Lutador representa Team Nogueira em Santa Catarina &#8211; Divulga\u00e7\u00e3o Anal\u00edtica<\/em><\/strong><\/figcaption><\/figure>\n<p>&nbsp;<\/p>\n<p>No seleto grupo de grandes revela\u00e7\u00f5es do MMA Nacional nesta d\u00e9cada, Sheymon Moraes j\u00e1 sabe quando retornar\u00e1 ao mundo das lutas. O atleta do Team Nogueira, que ficou afastado por aproximadamente um ano e quatro meses por conta de uma grave les\u00e3o no joelho, enfrenta Felipe Alves pelos pesos-galos (61kg) na edi\u00e7\u00e3o 20 do Nitrix Champion Fight, marcado para a Arena Galeg\u00e3o, em Blumenau (SC), no pr\u00f3ximo dia 12 de abril.<\/p>\n<p>&nbsp;<\/p>\n<p>Apesar do longo per\u00edodo de inatividade, Sheymon confia no apoio familiar e dos companheiros de treinamentos para chegar bem ao duelo e conquistar sua sexta vit\u00f3ria no MMA profissional.<\/p>\n<p>&nbsp;<\/p>\n<p>\u201cEstou treinando melhor do que nunca, focado 100% nos pr\u00f3ximos desafios.\u00a0Minha fam\u00edlia foi fundamental, eles me deram muita for\u00e7a e fizeram com que eu n\u00e3o desistisse. O Dr. M\u00e1rcio Tannure, que me operou e continua me acompanhando at\u00e9 hoje, tamb\u00e9m foi important\u00edssimo para que eu pudesse retornar com uma boa condi\u00e7\u00e3o f\u00edsica.\u00a0\u00a0Al\u00e9m disso, os meus treinadores e companheiros de treino do Team Nogueira sempre elevaram minha moral e estiveram do meu lado, mesmo eu estando lesionado\u201d, disse.<\/p>\n<p>&nbsp;<\/p>\n<p>Aos 23 anos, o lutador j\u00e1 coleciona importantes vit\u00f3rias, a mais destacada sobre o ex-atleta do UFC, Pedro Nobre, na decis\u00e3o do GP dos galos do Bitertt Combat 12. Mesmo com o favoritismo ao seu lado, o niteroiense fez quest\u00e3o de pregar respeito ao oponente, que possui 14 vit\u00f3rias e 13 derrotas.<\/p>\n<p>&nbsp;<\/p>\n<p>\u201cSei que \u00e9 um cara duro e com muitas lutas no MMA. \u00c9 um brigador, j\u00e1 lutou com caras de qualidade. A luta \u00e9 como um quebra-cabe\u00e7a, n\u00e3o tem como falar como ela vai se desenvolver, mas espero conseguir dominar as a\u00e7\u00f5es do combate. Vou estar preparado para lutar os tr\u00eas rounds, pretendo fazer um \u00f3timo combate e trazer mais uma vit\u00f3ria para fam\u00edlia Team Nogueira. Quero mostrar para o mundo que eu estou de volta\u201d, analisou.<\/p>\n<p>&nbsp;<\/p>\n<p>Apesar de ter passado um longo per\u00edodo na Tail\u00e2ndia aprimorando suas t\u00e9cnicas no muay thai, ele rejeita o posto de refer\u00eancia na modalidade, faz quest\u00e3o de enaltecer outros expoentes e diz que est\u00e1 se esfor\u00e7ando muito nos treinos de ch\u00e3o.<\/p>\n<p>&nbsp;<\/p>\n<p>\u201cN\u00e3o me acho refer\u00eancia do muay thai no Brasil, pois L\u00e9o Amendoim, Jos Mendon\u00e7a, Cosmo Alexandre, entre outros, fizeram muito mais pelo muay thai brasileiro que eu. Acho que consegui adaptar bem as t\u00e9cnicas no MMA, sem esquecer do boxe de alt\u00edssimo n\u00edvel que tem aqui na Team Nogueira. Acho que o wrestling \u00e9 um grande diferencial para as outras equipes. Sou suspeito para falar, ningu\u00e9m fala mal de si mesmo, mas venho me esfor\u00e7ando cada vez mais no ch\u00e3o, tirando d\u00favidas com o Bruno Frazzato e o Everaldo Penco, que s\u00e3o feras no assunto\u201d.<\/p>\n<p>&nbsp;<\/p>\n<p>Ansioso pela reestreia, Sheymon Moraes tamb\u00e9m comentou sobre a sorte de ter ao seu lado atletas do calibre dos irm\u00e3os Nogueira (Rodrigo Minotauro e Rog\u00e9rio Minotouro), Rafael Feij\u00e3o e Bruno Frazartto. Para ele, a ajuda desses nomes tem sido fundamental para o seu progresso.<\/p>\n<p>&nbsp;<\/p>\n<p>\u201cConsidero o Minotauro meu segundo pai e Rog\u00e9rio (Minotouro) meu tio (risos). Eles me d\u00e3o \u00f3timos conselhos e me ajudam para que eu possa alcan\u00e7ar todas minhas metas e objetivos. O Feij\u00e3o tamb\u00e9m vem ajudando bastante. Ele comenta sobre os treinamentos, alimenta\u00e7\u00e3o e como devo me portar em posi\u00e7\u00f5es de clinch e ground and pound. Me sinto honrado em poder aprender com ele e o Bruno Frazatto, que tem uma parte de grappling que descarta apresenta\u00e7\u00e3o A experi\u00eancia tem sido excelente, est\u00e1 acrescentando muito no meu jogo. Os advers\u00e1rio ir\u00e3o sofrer muito no futuro (risos)\u201d, concluiu o lutador, que projeta chegar ao UFC com mais um ou duas vit\u00f3rias.<\/p>\n","protected":false},"excerpt":{"rendered":"<p>&nbsp; No seleto grupo de grandes revela\u00e7\u00f5es do MMA Nacional nesta d\u00e9cada, Sheymon Moraes j\u00e1 sabe quando retornar\u00e1 ao mundo das lutas. O atleta do <a class=\"read-more\" href=\"https:\/\/blogs.gazetaesportiva.com\/planeta-octogono\/2014\/03\/23\/sheymon-moraes-e-escalado-e-faz-luta-no-nitrix-champion-fight-no-dia-12-de-abril\/\">leia mais<\/a><\/p>\n","protected":false},"author":33,"featured_media":11387,"comment_status":"open","ping_status":"open","sticky":false,"template":"","format":"standard","meta":{"jetpack_post_was_ever_published":false,"_jetpack_newsletter_access":"","_jetpack_dont_email_post_to_subs":false,"_jetpack_newsletter_tier_id":0,"_jetpack_memberships_contains_paywalled_content":false,"_jetpack_memberships_contains_paid_content":false,"footnotes":"","jetpack_publicize_message":"","jetpack_publicize_feature_enabled":true,"jetpack_social_post_already_shared":false,"jetpack_social_options":{"image_generator_settings":{"template":"highway","default_image_id":0,"font":"","enabled":false},"version":2}},"categories":[1],"tags":[],"class_list":["post-11386","post","type-post","status-publish","format-standard","has-post-thumbnail","hentry","category-principal"],"jetpack_publicize_connections":[],"jetpack_featured_media_url":"https:\/\/blogs.gazetaesportiva.com\/planeta-octogono\/files\/2014\/03\/Sheymon-Mores.jpg","jetpack_sharing_enabled":true,"jetpack_shortlink":"https:\/\/wp.me\/p6rqUQ-2XE","_links":{"self":[{"href":"https:\/\/blogs.gazetaesportiva.com\/planeta-octogono\/wp-json\/wp\/v2\/posts\/11386","targetHints":{"allow":["GET"]}}],"collection":[{"href":"https:\/\/blogs.gazetaesportiva.com\/planeta-octogono\/wp-json\/wp\/v2\/posts"}],"about":[{"href":"https:\/\/blogs.gazetaesportiva.com\/planeta-octogono\/wp-json\/wp\/v2\/types\/post"}],"author":[{"embeddable":true,"href":"https:\/\/blogs.gazetaesportiva.com\/planeta-octogono\/wp-json\/wp\/v2\/users\/33"}],"replies":[{"embeddable":true,"href":"https:\/\/blogs.gazetaesportiva.com\/planeta-octogono\/wp-json\/wp\/v2\/comments?post=11386"}],"version-history":[{"count":0,"href":"https:\/\/blogs.gazetaesportiva.com\/planeta-octogono\/wp-json\/wp\/v2\/posts\/11386\/revisions"}],"wp:featuredmedia":[{"embeddable":true,"href":"https:\/\/blogs.gazetaesportiva.com\/planeta-octogono\/wp-json\/wp\/v2\/media\/11387"}],"wp:attachment":[{"href":"https:\/\/blogs.gazetaesportiva.com\/planeta-octogono\/wp-json\/wp\/v2\/media?parent=11386"}],"wp:term":[{"taxonomy":"category","embeddable":true,"href":"https:\/\/blogs.gazetaesportiva.com\/planeta-octogono\/wp-json\/wp\/v2\/categories?post=11386"},{"taxonomy":"post_tag","embeddable":true,"href":"https:\/\/blogs.gazetaesportiva.com\/planeta-octogono\/wp-json\/wp\/v2\/tags?post=11386"}],"curies":[{"name":"wp","href":"https:\/\/api.w.org\/{rel}","templated":true}]}}