{"id":11380,"date":"2014-03-21T12:30:46","date_gmt":"2014-03-21T15:30:46","guid":{"rendered":"https:\/\/blogs.gazetaesportiva.com\/planeta-octogono\/?p=11380"},"modified":"2014-03-21T12:30:46","modified_gmt":"2014-03-21T15:30:46","slug":"chael-sonnen-volta-a-criticar-wanderlei-silva-e-faz-elogios-a-spider-ele-e-demais","status":"publish","type":"post","link":"https:\/\/blogs.gazetaesportiva.com\/planeta-octogono\/2014\/03\/21\/chael-sonnen-volta-a-criticar-wanderlei-silva-e-faz-elogios-a-spider-ele-e-demais\/","title":{"rendered":"Chael Sonnen volta a criticar Wanderlei Silva e faz elogios a Spider: Ele \u00e9 demais!"},"content":{"rendered":"<figure id=\"attachment_11165\" aria-describedby=\"caption-attachment-11165\" style=\"width: 620px\" class=\"wp-caption aligncenter\"><a href=\"https:\/\/blogs.gazetaesportiva.com\/planeta-octogono\/files\/2014\/03\/chaelsonnen_wanderleisilva_twitter_15.jpg\"><img loading=\"lazy\" decoding=\"async\" class=\"size-full wp-image-11165\" alt=\"Sonnen volta a fazer cr\u00edticas a Wanderlei e elogia Anderson Silva- Divulga\u00e7\u00e3o UFC\" src=\"https:\/\/blogs.gazetaesportiva.com\/planeta-octogono\/files\/2014\/03\/chaelsonnen_wanderleisilva_twitter_15.jpg\" width=\"620\" height=\"390\" \/><\/a><figcaption id=\"caption-attachment-11165\" class=\"wp-caption-text\"><strong><em>Sonnen volta a fazer cr\u00edticas a Wanderlei e elogia Anderson Silva &#8211; Divulga\u00e7\u00e3o UFC<\/em><\/strong><\/figcaption><\/figure>\n<p>&nbsp;<\/p>\n<p>O lutador americano Chael Sonnen novamente disparou suas cr\u00edticas contra o brasileiro Wanderlei Silva.<\/p>\n<p>Sonnen que est\u00e1 participando da terceira temporada do The Ultimate Fighter Brasil, como um dos treinadores participou de uma conversa com a rep\u00f3rter do UFC, Paula Sack.<\/p>\n<p>Perguntado sobre v\u00e1rios nomes e assuntos relacionados ao MMA, Sonnen elogiou seu algoz, o lutador Anderson Silva.<\/p>\n<p>&#8220;Ele \u00e9 demais.&#8221; respondeu Sonnen que n\u00e3o se esqueceu de alfinetar Wanderlei novamente.<\/p>\n<p>&#8220;O passado do Wanderlei \u00e9 falso. E ele \u00e9 chato.&#8221; criticou Sonnen que prometeu fazer uma luta r\u00e1pida contra o brasileiro.<\/p>\n<p>&#8220;Ser\u00e1 r\u00e1pido.&#8221; disse Sonnen que elogiou a oportunidade \u00fanica para os lutadores alcan\u00e7arem o UFC atrav\u00e9s do programa exibido na Rede Globo de Televis\u00e3o.<\/p>\n<p>&#8220;\u00c9 uma experi\u00eancia \u00fanica que estes caras v\u00e3o ter com os melhores equipamentos e treinadores do mundo.<\/p>\n<p>Eles v\u00e3o ter exposi\u00e7\u00e3o e podem alcan\u00e7ar seu objetivo que \u00e9 alcan\u00e7ar o UFC.&#8221; analisou o americano.<\/p>\n<p style=\"text-align: center\">\n<p style=\"text-align: center\"><strong><em>Veja a entrevista de Chael Sonnen na \u00edntegra:<\/em><\/strong><\/p>\n<p style=\"text-align: center\"><strong><em>[yframe url=&#8217;http:\/\/www.youtube.com\/watch?v=u5udoYLsYT0&#8242;]<\/em><\/strong><\/p>\n","protected":false},"excerpt":{"rendered":"<p>&nbsp; O lutador americano Chael Sonnen novamente disparou suas cr\u00edticas contra o brasileiro Wanderlei Silva. Sonnen que est\u00e1 participando da terceira temporada do The Ultimate <a class=\"read-more\" href=\"https:\/\/blogs.gazetaesportiva.com\/planeta-octogono\/2014\/03\/21\/chael-sonnen-volta-a-criticar-wanderlei-silva-e-faz-elogios-a-spider-ele-e-demais\/\">leia mais<\/a><\/p>\n","protected":false},"author":33,"featured_media":0,"comment_status":"open","ping_status":"open","sticky":false,"template":"","format":"standard","meta":{"jetpack_post_was_ever_published":false,"_jetpack_newsletter_access":"","_jetpack_dont_email_post_to_subs":false,"_jetpack_newsletter_tier_id":0,"_jetpack_memberships_contains_paywalled_content":false,"_jetpack_memberships_contains_paid_content":false,"footnotes":"","jetpack_publicize_message":"","jetpack_publicize_feature_enabled":true,"jetpack_social_post_already_shared":false,"jetpack_social_options":{"image_generator_settings":{"template":"highway","default_image_id":0,"font":"","enabled":false},"version":2}},"categories":[1],"tags":[],"class_list":["post-11380","post","type-post","status-publish","format-standard","hentry","category-principal"],"jetpack_publicize_connections":[],"jetpack_featured_media_url":"","jetpack_sharing_enabled":true,"jetpack_shortlink":"https:\/\/wp.me\/p6rqUQ-2Xy","_links":{"self":[{"href":"https:\/\/blogs.gazetaesportiva.com\/planeta-octogono\/wp-json\/wp\/v2\/posts\/11380","targetHints":{"allow":["GET"]}}],"collection":[{"href":"https:\/\/blogs.gazetaesportiva.com\/planeta-octogono\/wp-json\/wp\/v2\/posts"}],"about":[{"href":"https:\/\/blogs.gazetaesportiva.com\/planeta-octogono\/wp-json\/wp\/v2\/types\/post"}],"author":[{"embeddable":true,"href":"https:\/\/blogs.gazetaesportiva.com\/planeta-octogono\/wp-json\/wp\/v2\/users\/33"}],"replies":[{"embeddable":true,"href":"https:\/\/blogs.gazetaesportiva.com\/planeta-octogono\/wp-json\/wp\/v2\/comments?post=11380"}],"version-history":[{"count":0,"href":"https:\/\/blogs.gazetaesportiva.com\/planeta-octogono\/wp-json\/wp\/v2\/posts\/11380\/revisions"}],"wp:attachment":[{"href":"https:\/\/blogs.gazetaesportiva.com\/planeta-octogono\/wp-json\/wp\/v2\/media?parent=11380"}],"wp:term":[{"taxonomy":"category","embeddable":true,"href":"https:\/\/blogs.gazetaesportiva.com\/planeta-octogono\/wp-json\/wp\/v2\/categories?post=11380"},{"taxonomy":"post_tag","embeddable":true,"href":"https:\/\/blogs.gazetaesportiva.com\/planeta-octogono\/wp-json\/wp\/v2\/tags?post=11380"}],"curies":[{"name":"wp","href":"https:\/\/api.w.org\/{rel}","templated":true}]}}