{"id":11375,"date":"2014-03-21T12:19:18","date_gmt":"2014-03-21T15:19:18","guid":{"rendered":"https:\/\/blogs.gazetaesportiva.com\/planeta-octogono\/?p=11375"},"modified":"2014-03-21T12:20:06","modified_gmt":"2014-03-21T15:20:06","slug":"com-estreia-de-luis-sapo-vanessa-melo-e-allan-puro-osso-xfc-retorna-ao-brasil-no-dia-29-de-marco","status":"publish","type":"post","link":"https:\/\/blogs.gazetaesportiva.com\/planeta-octogono\/2014\/03\/21\/com-estreia-de-luis-sapo-vanessa-melo-e-allan-puro-osso-xfc-retorna-ao-brasil-no-dia-29-de-marco\/","title":{"rendered":"Com estr\u00e9ia de Luis Sapo, Vanessa Melo e Allan Puro Osso, XFC retorna ao Brasil no dia 29 de mar\u00e7o"},"content":{"rendered":"<figure id=\"attachment_11376\" aria-describedby=\"caption-attachment-11376\" style=\"width: 432px\" class=\"wp-caption aligncenter\"><a href=\"https:\/\/blogs.gazetaesportiva.com\/planeta-octogono\/files\/2014\/03\/xfcbrasil3.jpg\"><img loading=\"lazy\" decoding=\"async\" class=\" wp-image-11376 \" alt=\"Evento tem estr\u00e9ia de nomes conhecidos no MMA brasileiro - Divulga\u00e7\u00e3o XFC\" src=\"https:\/\/blogs.gazetaesportiva.com\/planeta-octogono\/files\/2014\/03\/xfcbrasil3.jpg\" width=\"432\" height=\"622\" \/><\/a><figcaption id=\"caption-attachment-11376\" class=\"wp-caption-text\"><strong><em>Evento tem estr\u00e9ia de nomes conhecidos no MMA brasileiro &#8211; Divulga\u00e7\u00e3o XFC<\/em><\/strong><\/figcaption><\/figure>\n<p>&nbsp;<\/p>\n<p>O evento americano XFC (Xtreme Fighting Championship), anunciou oficialmente seu card da terceira edi\u00e7\u00e3o brasileira que acontece no dia 29 de mar\u00e7o.<\/p>\n<p>De volta aos est\u00fadios da emissora paulista Rede TV, o evento tem grandes combates e a estr\u00e9ia de tr\u00eas nomes conhecidos no MMA Nacional.<\/p>\n<p>Fazendo a luta principal do evento, o lutador Luis &#8220;Sapo&#8221; Santos, marido da lutadora Carina Damm, conhecido por seus nocautes avassaladores enfrenta o lutador mexicano Alfredo Morales.<\/p>\n<p>Na co luta principal do evento, Allan &#8220;Puro Osso&#8221; Nascimento estr\u00e9ia no evento contra o chileno Matias Vasquez.<\/p>\n<p>O lutador que \u00e9 parceiro de treino dos lutadores do UFC, Felipe Sertanejo e Lucas Mineiro al\u00e9m de outras feras da equipe Chute Boxe\/Diego Lima.<\/p>\n<p>O evento tamb\u00e9m conta com combates femininos em especial a estr\u00e9ia da lutadora Vanessa Melo que enfrenta a chilena Gl\u00f3ria Bravo.<\/p>\n<p>Al\u00e9m disso, o evento realiza combates do GP at\u00e9 84 kg da organiza\u00e7\u00e3o, contando com os brasileiros\u00a0Thiago Rela,\u00a0Cristiano Frolich, Miguel Gentilini,\u00a0Alberto Uda e Wendres Carlos (estes \u00faltimos dois lutadores se enfrentando em uma das quartas de final do evento).<\/p>\n<p>&nbsp;<\/p>\n<p style=\"text-align: center\"><strong><em>Veja o Card do XFC Brasil 3:<\/em><\/strong><\/p>\n<p style=\"text-align: center\"><strong><em>XFC Brasil 3<\/em><\/strong><\/p>\n<p style=\"text-align: center\"><strong><em>Est\u00fadios Rede TV, Osasco, S\u00e3o Paulo<\/em><\/strong><\/p>\n<p style=\"text-align: center\"><strong><em>29 de mar\u00e7o de 2014<\/em><\/strong><\/p>\n<p style=\"text-align: center\"><strong><em>Alfredo Morales (Mexico) vs Luis Sapo Santos\u00a0(Brasil)\u00a0<\/em><\/strong><\/p>\n<p style=\"text-align: center\"><strong><em>Matias Vasquez (Chile) vs Allan Nascimento\u00a0(Brasil)\u00a0<\/em><\/strong><\/p>\n<p style=\"text-align: center\"><strong><em>Julio Cesar Cruz (Mexico) vs Thiago Rela\u00a0(Brasil)<\/em><\/strong><\/p>\n<p style=\"text-align: center\"><strong><em>Gloria Bravo (Chile) vs Vanessa Melo\u00a0(Brasil)\u00a0<\/em><\/strong><\/p>\n<p style=\"text-align: center\"><strong><em>Juan Villanueva (Venezuela) vs Cristiano Frolich\u00a0(Brasil)\u00a0<\/em><\/strong><\/p>\n<p style=\"text-align: center\"><strong><em>Rosalio Medrano (Colombia) vs Miguel Gentilini\u00a0(Brasil)\u00a0<\/em><\/strong><\/p>\n<p style=\"text-align: center\"><strong><em>Alberto Uda (Brasil) vs Wendres Carlos\u00a0(Brasil)\u00a0<\/em><\/strong><\/p>\n<p style=\"text-align: center\"><strong><em>Marcela Yineris (Colombia) vs Vanessa Guimaraes (Brasil)\u00a0<\/em><\/strong><\/p>\n<p style=\"text-align: center\"><strong><em>Alan Salgado (Brasil) vs Lincoln Puig (Brasil)\u00a0<\/em><\/strong><\/p>\n<p style=\"text-align: center\"><strong><em>\u00a0\u00a0<\/em><\/strong><\/p>\n","protected":false},"excerpt":{"rendered":"<p>&nbsp; O evento americano XFC (Xtreme Fighting Championship), anunciou oficialmente seu card da terceira edi\u00e7\u00e3o brasileira que acontece no dia 29 de mar\u00e7o. De volta <a class=\"read-more\" href=\"https:\/\/blogs.gazetaesportiva.com\/planeta-octogono\/2014\/03\/21\/com-estreia-de-luis-sapo-vanessa-melo-e-allan-puro-osso-xfc-retorna-ao-brasil-no-dia-29-de-marco\/\">leia mais<\/a><\/p>\n","protected":false},"author":33,"featured_media":11376,"comment_status":"open","ping_status":"open","sticky":false,"template":"","format":"standard","meta":{"jetpack_post_was_ever_published":false,"_jetpack_newsletter_access":"","_jetpack_dont_email_post_to_subs":false,"_jetpack_newsletter_tier_id":0,"_jetpack_memberships_contains_paywalled_content":false,"_jetpack_memberships_contains_paid_content":false,"footnotes":"","jetpack_publicize_message":"","jetpack_publicize_feature_enabled":true,"jetpack_social_post_already_shared":false,"jetpack_social_options":{"image_generator_settings":{"template":"highway","default_image_id":0,"font":"","enabled":false},"version":2}},"categories":[1],"tags":[],"class_list":["post-11375","post","type-post","status-publish","format-standard","has-post-thumbnail","hentry","category-principal"],"jetpack_publicize_connections":[],"jetpack_featured_media_url":"https:\/\/blogs.gazetaesportiva.com\/planeta-octogono\/files\/2014\/03\/xfcbrasil3.jpg","jetpack_sharing_enabled":true,"jetpack_shortlink":"https:\/\/wp.me\/p6rqUQ-2Xt","_links":{"self":[{"href":"https:\/\/blogs.gazetaesportiva.com\/planeta-octogono\/wp-json\/wp\/v2\/posts\/11375","targetHints":{"allow":["GET"]}}],"collection":[{"href":"https:\/\/blogs.gazetaesportiva.com\/planeta-octogono\/wp-json\/wp\/v2\/posts"}],"about":[{"href":"https:\/\/blogs.gazetaesportiva.com\/planeta-octogono\/wp-json\/wp\/v2\/types\/post"}],"author":[{"embeddable":true,"href":"https:\/\/blogs.gazetaesportiva.com\/planeta-octogono\/wp-json\/wp\/v2\/users\/33"}],"replies":[{"embeddable":true,"href":"https:\/\/blogs.gazetaesportiva.com\/planeta-octogono\/wp-json\/wp\/v2\/comments?post=11375"}],"version-history":[{"count":0,"href":"https:\/\/blogs.gazetaesportiva.com\/planeta-octogono\/wp-json\/wp\/v2\/posts\/11375\/revisions"}],"wp:featuredmedia":[{"embeddable":true,"href":"https:\/\/blogs.gazetaesportiva.com\/planeta-octogono\/wp-json\/wp\/v2\/media\/11376"}],"wp:attachment":[{"href":"https:\/\/blogs.gazetaesportiva.com\/planeta-octogono\/wp-json\/wp\/v2\/media?parent=11375"}],"wp:term":[{"taxonomy":"category","embeddable":true,"href":"https:\/\/blogs.gazetaesportiva.com\/planeta-octogono\/wp-json\/wp\/v2\/categories?post=11375"},{"taxonomy":"post_tag","embeddable":true,"href":"https:\/\/blogs.gazetaesportiva.com\/planeta-octogono\/wp-json\/wp\/v2\/tags?post=11375"}],"curies":[{"name":"wp","href":"https:\/\/api.w.org\/{rel}","templated":true}]}}