{"id":11372,"date":"2014-03-21T11:46:46","date_gmt":"2014-03-21T14:46:46","guid":{"rendered":"https:\/\/blogs.gazetaesportiva.com\/planeta-octogono\/?p=11372"},"modified":"2014-03-21T11:46:46","modified_gmt":"2014-03-21T14:46:46","slug":"com-minotauro-e-minotouro-team-nogueira-inaugura-novos-polos-do-projeto-social-guerreiros-do-futuro","status":"publish","type":"post","link":"https:\/\/blogs.gazetaesportiva.com\/planeta-octogono\/2014\/03\/21\/com-minotauro-e-minotouro-team-nogueira-inaugura-novos-polos-do-projeto-social-guerreiros-do-futuro\/","title":{"rendered":"Com Minotauro e Minotouro, Team Nogueira inaugura novos polos do projeto social Guerreiros do Futuro"},"content":{"rendered":"<figure id=\"attachment_11373\" aria-describedby=\"caption-attachment-11373\" style=\"width: 622px\" class=\"wp-caption aligncenter\"><a href=\"https:\/\/blogs.gazetaesportiva.com\/planeta-octogono\/files\/2014\/03\/teamnogueira-IMG_7288.jpg\"><img loading=\"lazy\" decoding=\"async\" class=\" wp-image-11373 \" alt=\"Projeto visa ajudar crian\u00e7as carentes do Rio de Janeiro - Divulga\u00e7\u00e3o Team Nogueira\" src=\"https:\/\/blogs.gazetaesportiva.com\/planeta-octogono\/files\/2014\/03\/teamnogueira-IMG_7288.jpg\" width=\"622\" height=\"432\" \/><\/a><figcaption id=\"caption-attachment-11373\" class=\"wp-caption-text\"><em><strong>Projeto visa ajudar crian\u00e7as carentes do Rio de Janeiro &#8211; Divulga\u00e7\u00e3o Team Nogueira<\/strong><\/em><\/figcaption><\/figure>\n<p>&nbsp;<\/p>\n<p>O Instituto Irm\u00e3os Nogueira em parceria com a TIM inaugura na pr\u00f3xima segunda-feira (24\/3), \u00e0s 11h, quatro novos polos do projeto social Guerreiros do Futuro, sendo tr\u00eas na cidade do Rio de Janeiro (Complexo do Alem\u00e3o e Manguinhos) e um na Baixada Fluminense (Nova Igua\u00e7u), que se unem \u00e0 unidade do Recreio dos Bandeirantes. O Projeto, que foi criado pelos irm\u00e3os Rodrigo Minotauro e Rog\u00e9rio Minotouro em 2008 ap\u00f3s uma visita a Cuba, ir\u00e1 atender entre 500 e 1000 crian\u00e7as na faixa dos 4 aos 16 anos.<\/p>\n<p>&nbsp;<\/p>\n<p>O Guerreiros do Futuro oferece oficinas de jud\u00f4, jiu-jitsu, boxe e muay thai, e visa atender e ajudar crian\u00e7as carentes de regi\u00f5es pobres do estado, ensinando algumas das filosofias das artes marciais, como autocontrole, disciplina e respeito. \u201cPara participar, as crian\u00e7as precisam estar estudando e mantendo boas notas. Acredito que o esporte \u00e9 uma das melhores ferramentas de integra\u00e7\u00e3o e de forma\u00e7\u00e3o de car\u00e1ter\u201d, disse Minotauro.<\/p>\n<p>&nbsp;<\/p>\n<p>A inaugura\u00e7\u00e3o dos novos polos ser\u00e1 realizado em Nova Igua\u00e7u e contar\u00e1 com as presen\u00e7as dos \u00eddolos Rodrigo Minotauro e Rog\u00e9rio Minotouro, al\u00e9m de outros astros da equipe como Erick Silva, Rafael Feij\u00e3o e Santiago Ponzinibbio. O evento ser\u00e1 aberto ao p\u00fablico e contar\u00e1 com v\u00e1rias aulas ministradas por alguns atletas do UFC que pertencem ao time dos irm\u00e3os Nogueira.<\/p>\n<p style=\"text-align: center\">\n<p style=\"text-align: center\"><strong><em>11h &#8211; Segunda-feira, 24 de mar\u00e7o de 2014<\/em><\/strong><\/p>\n<p style=\"text-align: center\"><strong><em>Av. Governador Roberto Silveira, n\u00ba 1050, Nova Igua\u00e7u (RJ)<\/em><\/strong><\/p>\n<p style=\"text-align: center\"><strong><em>Refer\u00eancia: Em frente ao corpo de bombeiros de Nova Igua\u00e7u<\/em><\/strong><\/p>\n<p style=\"text-align: center\">\n","protected":false},"excerpt":{"rendered":"<p>&nbsp; O Instituto Irm\u00e3os Nogueira em parceria com a TIM inaugura na pr\u00f3xima segunda-feira (24\/3), \u00e0s 11h, quatro novos polos do projeto social Guerreiros do <a class=\"read-more\" href=\"https:\/\/blogs.gazetaesportiva.com\/planeta-octogono\/2014\/03\/21\/com-minotauro-e-minotouro-team-nogueira-inaugura-novos-polos-do-projeto-social-guerreiros-do-futuro\/\">leia mais<\/a><\/p>\n","protected":false},"author":33,"featured_media":11373,"comment_status":"open","ping_status":"open","sticky":false,"template":"","format":"standard","meta":{"jetpack_post_was_ever_published":false,"_jetpack_newsletter_access":"","_jetpack_dont_email_post_to_subs":false,"_jetpack_newsletter_tier_id":0,"_jetpack_memberships_contains_paywalled_content":false,"_jetpack_memberships_contains_paid_content":false,"footnotes":"","jetpack_publicize_message":"","jetpack_publicize_feature_enabled":true,"jetpack_social_post_already_shared":false,"jetpack_social_options":{"image_generator_settings":{"template":"highway","default_image_id":0,"font":"","enabled":false},"version":2}},"categories":[1],"tags":[],"class_list":["post-11372","post","type-post","status-publish","format-standard","has-post-thumbnail","hentry","category-principal"],"jetpack_publicize_connections":[],"jetpack_featured_media_url":"https:\/\/blogs.gazetaesportiva.com\/planeta-octogono\/files\/2014\/03\/teamnogueira-IMG_7288.jpg","jetpack_sharing_enabled":true,"jetpack_shortlink":"https:\/\/wp.me\/p6rqUQ-2Xq","_links":{"self":[{"href":"https:\/\/blogs.gazetaesportiva.com\/planeta-octogono\/wp-json\/wp\/v2\/posts\/11372","targetHints":{"allow":["GET"]}}],"collection":[{"href":"https:\/\/blogs.gazetaesportiva.com\/planeta-octogono\/wp-json\/wp\/v2\/posts"}],"about":[{"href":"https:\/\/blogs.gazetaesportiva.com\/planeta-octogono\/wp-json\/wp\/v2\/types\/post"}],"author":[{"embeddable":true,"href":"https:\/\/blogs.gazetaesportiva.com\/planeta-octogono\/wp-json\/wp\/v2\/users\/33"}],"replies":[{"embeddable":true,"href":"https:\/\/blogs.gazetaesportiva.com\/planeta-octogono\/wp-json\/wp\/v2\/comments?post=11372"}],"version-history":[{"count":0,"href":"https:\/\/blogs.gazetaesportiva.com\/planeta-octogono\/wp-json\/wp\/v2\/posts\/11372\/revisions"}],"wp:featuredmedia":[{"embeddable":true,"href":"https:\/\/blogs.gazetaesportiva.com\/planeta-octogono\/wp-json\/wp\/v2\/media\/11373"}],"wp:attachment":[{"href":"https:\/\/blogs.gazetaesportiva.com\/planeta-octogono\/wp-json\/wp\/v2\/media?parent=11372"}],"wp:term":[{"taxonomy":"category","embeddable":true,"href":"https:\/\/blogs.gazetaesportiva.com\/planeta-octogono\/wp-json\/wp\/v2\/categories?post=11372"},{"taxonomy":"post_tag","embeddable":true,"href":"https:\/\/blogs.gazetaesportiva.com\/planeta-octogono\/wp-json\/wp\/v2\/tags?post=11372"}],"curies":[{"name":"wp","href":"https:\/\/api.w.org\/{rel}","templated":true}]}}