{"id":11367,"date":"2014-03-20T18:52:01","date_gmt":"2014-03-20T21:52:01","guid":{"rendered":"https:\/\/blogs.gazetaesportiva.com\/planeta-octogono\/?p=11367"},"modified":"2014-03-20T18:53:23","modified_gmt":"2014-03-20T21:53:23","slug":"gustavo-falciroli-disputa-cinturao-na-australia-em-revanche-pelo-cinturao-e-dispara-hora-de-parar-de-falar-e-comecar-a-trabalhar","status":"publish","type":"post","link":"https:\/\/blogs.gazetaesportiva.com\/planeta-octogono\/2014\/03\/20\/gustavo-falciroli-disputa-cinturao-na-australia-em-revanche-pelo-cinturao-e-dispara-hora-de-parar-de-falar-e-comecar-a-trabalhar\/","title":{"rendered":"Gustavo Falciroli disputa cintur\u00e3o na Austr\u00e1lia em revanche e dispara: Hora de parar de falar e come\u00e7ar a trabalhar!"},"content":{"rendered":"<figure id=\"attachment_11368\" aria-describedby=\"caption-attachment-11368\" style=\"width: 622px\" class=\"wp-caption aligncenter\"><a href=\"https:\/\/blogs.gazetaesportiva.com\/planeta-octogono\/files\/2014\/03\/gustavofalciroli3.jpg\"><img loading=\"lazy\" decoding=\"async\" class=\" wp-image-11368 \" alt=\"Gustavo (direita) encara revanche contra neozeland\u00eas em maio - Arquivo Pessoal\" src=\"https:\/\/blogs.gazetaesportiva.com\/planeta-octogono\/files\/2014\/03\/gustavofalciroli3.jpg\" width=\"622\" height=\"432\" \/><\/a><figcaption id=\"caption-attachment-11368\" class=\"wp-caption-text\"><strong><em>Gustavo (direita) encara revanche contra neozeland\u00eas em maio &#8211; Arquivo Pessoal<\/em><\/strong><\/figcaption><\/figure>\n<p>&nbsp;<\/p>\n<p>O brasileiro Gustavo Falciroli tem um grande desafio pela frente.<\/p>\n<p>O lutador foi escalado pelo evento australiano AFC (Australian Fighting Championship) para o pr\u00f3ximo evento da organiza\u00e7\u00e3o no dia 17 de maio.<\/p>\n<p>Enfrentando o neozeland\u00eas Kaiwhare Kai-France, o brasileiro que chegou a aplicar um nocaute no advers\u00e1rio mas devido o golpe ter sido acertado fora das cordas do ringue, o combate foi declarado como luta sem resultado (No Contest).<\/p>\n<p>O resultado causou uma verdadeira pol\u00eamica entre os f\u00e3s sendo que muitos consideram o brasileiro como vencedor do combate e gerou a provoca\u00e7\u00e3o do advers\u00e1rio fazendo Gustavo responder atrav\u00e9s das redes sociais.<\/p>\n<p>&#8220;A luta est\u00e1 marcada. Hora de parar de falar e come\u00e7ar a trabalhar. Vou fazer meu trabalho.&#8221; disparou Gustavo.<\/p>\n<p>O combate vai valer o cintur\u00e3o peso galo do evento, que acontece na cidade de australiana de Albany em maio.<\/p>\n<p>&nbsp;<\/p>\n<p style=\"text-align: center\"><strong><em>Veja o combate entre Gustavo e France na \u00edntegra:<\/em><\/strong><\/p>\n<p style=\"text-align: center\"><strong><em>[yframe url=&#8217;http:\/\/www.youtube.com\/watch?v=RVOXLZojOgg&#8217;]<\/em><\/strong><\/p>\n","protected":false},"excerpt":{"rendered":"<p>&nbsp; O brasileiro Gustavo Falciroli tem um grande desafio pela frente. O lutador foi escalado pelo evento australiano AFC (Australian Fighting Championship) para o pr\u00f3ximo <a class=\"read-more\" href=\"https:\/\/blogs.gazetaesportiva.com\/planeta-octogono\/2014\/03\/20\/gustavo-falciroli-disputa-cinturao-na-australia-em-revanche-pelo-cinturao-e-dispara-hora-de-parar-de-falar-e-comecar-a-trabalhar\/\">leia mais<\/a><\/p>\n","protected":false},"author":33,"featured_media":11368,"comment_status":"open","ping_status":"open","sticky":false,"template":"","format":"standard","meta":{"jetpack_post_was_ever_published":false,"_jetpack_newsletter_access":"","_jetpack_dont_email_post_to_subs":false,"_jetpack_newsletter_tier_id":0,"_jetpack_memberships_contains_paywalled_content":false,"_jetpack_memberships_contains_paid_content":false,"footnotes":"","jetpack_publicize_message":"","jetpack_publicize_feature_enabled":true,"jetpack_social_post_already_shared":false,"jetpack_social_options":{"image_generator_settings":{"template":"highway","default_image_id":0,"font":"","enabled":false},"version":2}},"categories":[1],"tags":[],"class_list":["post-11367","post","type-post","status-publish","format-standard","has-post-thumbnail","hentry","category-principal"],"jetpack_publicize_connections":[],"jetpack_featured_media_url":"https:\/\/blogs.gazetaesportiva.com\/planeta-octogono\/files\/2014\/03\/gustavofalciroli3.jpg","jetpack_sharing_enabled":true,"jetpack_shortlink":"https:\/\/wp.me\/p6rqUQ-2Xl","_links":{"self":[{"href":"https:\/\/blogs.gazetaesportiva.com\/planeta-octogono\/wp-json\/wp\/v2\/posts\/11367","targetHints":{"allow":["GET"]}}],"collection":[{"href":"https:\/\/blogs.gazetaesportiva.com\/planeta-octogono\/wp-json\/wp\/v2\/posts"}],"about":[{"href":"https:\/\/blogs.gazetaesportiva.com\/planeta-octogono\/wp-json\/wp\/v2\/types\/post"}],"author":[{"embeddable":true,"href":"https:\/\/blogs.gazetaesportiva.com\/planeta-octogono\/wp-json\/wp\/v2\/users\/33"}],"replies":[{"embeddable":true,"href":"https:\/\/blogs.gazetaesportiva.com\/planeta-octogono\/wp-json\/wp\/v2\/comments?post=11367"}],"version-history":[{"count":0,"href":"https:\/\/blogs.gazetaesportiva.com\/planeta-octogono\/wp-json\/wp\/v2\/posts\/11367\/revisions"}],"wp:featuredmedia":[{"embeddable":true,"href":"https:\/\/blogs.gazetaesportiva.com\/planeta-octogono\/wp-json\/wp\/v2\/media\/11368"}],"wp:attachment":[{"href":"https:\/\/blogs.gazetaesportiva.com\/planeta-octogono\/wp-json\/wp\/v2\/media?parent=11367"}],"wp:term":[{"taxonomy":"category","embeddable":true,"href":"https:\/\/blogs.gazetaesportiva.com\/planeta-octogono\/wp-json\/wp\/v2\/categories?post=11367"},{"taxonomy":"post_tag","embeddable":true,"href":"https:\/\/blogs.gazetaesportiva.com\/planeta-octogono\/wp-json\/wp\/v2\/tags?post=11367"}],"curies":[{"name":"wp","href":"https:\/\/api.w.org\/{rel}","templated":true}]}}