{"id":11363,"date":"2014-03-20T18:33:22","date_gmt":"2014-03-20T21:33:22","guid":{"rendered":"https:\/\/blogs.gazetaesportiva.com\/planeta-octogono\/?p=11363"},"modified":"2014-03-20T18:33:22","modified_gmt":"2014-03-20T21:33:22","slug":"campeao-do-ufc-renan-barao-e-gleison-tibau-dao-aulas-em-programa-educacional-de-resistencia-a-drogas-em-natal","status":"publish","type":"post","link":"https:\/\/blogs.gazetaesportiva.com\/planeta-octogono\/2014\/03\/20\/campeao-do-ufc-renan-barao-e-gleison-tibau-dao-aulas-em-programa-educacional-de-resistencia-a-drogas-em-natal\/","title":{"rendered":"Campe\u00e3o do UFC, Renan Bar\u00e3o e Gleison Tibau d\u00e3o aulas em Programa Educacional de Resist\u00eancia a Drogas em Natal"},"content":{"rendered":"<figure id=\"attachment_11364\" aria-describedby=\"caption-attachment-11364\" style=\"width: 622px\" class=\"wp-caption aligncenter\"><a href=\"https:\/\/blogs.gazetaesportiva.com\/planeta-octogono\/files\/2014\/03\/baraotibaup-DSC00756.jpg\"><img loading=\"lazy\" decoding=\"async\" class=\"size-full wp-image-11364\" alt=\"Lutadores do UFC participam de projeto e ensinam t\u00e9cnicas para crian\u00e7as em Natal - Divulga\u00e7\u00e3o UFC\" src=\"https:\/\/blogs.gazetaesportiva.com\/planeta-octogono\/files\/2014\/03\/baraotibaup-DSC00756.jpg\" width=\"622\" height=\"335\" \/><\/a><figcaption id=\"caption-attachment-11364\" class=\"wp-caption-text\"><strong><em>Lutadores do UFC participam de projeto e ensinam t\u00e9cnicas para crian\u00e7as em Natal &#8211; Divulga\u00e7\u00e3o UFC<\/em><\/strong><\/figcaption><\/figure>\n<p>&nbsp;<\/p>\n<p>O Programa Educacional de Resist\u00eancia \u00e0s Drogas do Rio Grande do Norte\u00a0(Proerd\/RN)\u00a0recebeu na manh\u00e3 desta quinta-feira, dia 20, a presen\u00e7a dos potiguares Renan Bar\u00e3o e\u00a0Gleison Tibau,\u00a0embaixadores do\u00a0UFC\u00a0Fight\u00a0Night:\u00a0Shogun\u00a0vs\u00a0Henderson\u00a02 em Natal. Durante o encontro, os lutadores do\u00a0UFC\u00a0puderam passar um pouco de suas experi\u00eancias para os mais de 70 jovens presentes, todos diretamente beneficiados pelo projeto desenvolvido e conduzido por policias militares do Estado.<\/p>\n<p>Ao chegarem, Bar\u00e3o e Tibau foram recebidos ao som do forr\u00f3 do grupo musical Grafith, autores da m\u00fasica que Bar\u00e3o usou na entrada de sua \u00faltima luta, contra Urijah Faber, no\u00a0UFC\u00a0169. Ap\u00f3s arriscar uns passos do forr\u00f3, tocado pela banda do projeto, os lutadores contaram um pouco da sua hist\u00f3ria para os atentos jovens do projeto.<\/p>\n<p>\u201cEstou na luta h\u00e1 mais ou menos nove anos. Tibau j\u00e1 \u00e9 mais velho de guerra (risos). Meu conselho pra voc\u00eas \u00e9 seguir no caminho do esporte e da vida saud\u00e1vel. Droga, como o nome at\u00e9 diz, \u00e9 uma droga mesmo. N\u00e3o tem desculpa\u00a0paramexer\u00a0com isso. Estamos aqui\u00a0para\u00a0provar que todo mundo pode seguir em frente e conseguir realizar seus sonhos\u201d, disse o campe\u00e3o Renan Bar\u00e3o.<\/p>\n<p>\u201cMinha vontade de ser lutador surgiu quando vi pela primeira vez o Grande Drag\u00e3o Branco, aquele filme do Van\u00a0Damme. Quando eu falei\u00a0para os\u00a0\u00a0meus pais que iria fazer isso da minha vida, eles me chamaram de maluco. A dificuldade de realizar meu sonho era enorme. Minha cidade, na \u00e9poca, era muito pequena, tinha s\u00f3 dois mil habitantes. O segredo \u00e9 persistir e correr atr\u00e1s\u201c, contou\u00a0Gleison\u00a0Tibau, representante do peso leve e maior recordista brasileiro em n\u00famero de lutas na hist\u00f3ria do\u00a0UFC.<\/p>\n<p>Implantado em 2002 no Estado do Rio Grande do Norte, o\u00a0PROERD\/RN beneficia, anualmente, mais de 100 mil jovens com idades entre\u00a09\u00a0e 15 anos. Margarida Brand\u00e3o, coordenadora do projeto no Norte e no Nordeste do pa\u00eds, comemorou a visita dos lutadores e o exemplo positivo que trazem para os jovens: \u201dEsse dia foi incr\u00edvel! Essas crian\u00e7as n\u00e3o dormiam h\u00e1 dois dias de tanta ansiedade. Ter aqui o nosso campe\u00e3o e o Tibau, outro grande exemplo de vida, \u00e9 maravilhoso para essas crian\u00e7as\u201d, explicou.<\/p>\n<p><strong>\u00a0<\/strong><\/p>\n","protected":false},"excerpt":{"rendered":"<p>&nbsp; O Programa Educacional de Resist\u00eancia \u00e0s Drogas do Rio Grande do Norte\u00a0(Proerd\/RN)\u00a0recebeu na manh\u00e3 desta quinta-feira, dia 20, a presen\u00e7a dos potiguares Renan Bar\u00e3o <a class=\"read-more\" href=\"https:\/\/blogs.gazetaesportiva.com\/planeta-octogono\/2014\/03\/20\/campeao-do-ufc-renan-barao-e-gleison-tibau-dao-aulas-em-programa-educacional-de-resistencia-a-drogas-em-natal\/\">leia mais<\/a><\/p>\n","protected":false},"author":33,"featured_media":11364,"comment_status":"open","ping_status":"open","sticky":false,"template":"","format":"standard","meta":{"jetpack_post_was_ever_published":false,"_jetpack_newsletter_access":"","_jetpack_dont_email_post_to_subs":false,"_jetpack_newsletter_tier_id":0,"_jetpack_memberships_contains_paywalled_content":false,"_jetpack_memberships_contains_paid_content":false,"footnotes":"","jetpack_publicize_message":"","jetpack_publicize_feature_enabled":true,"jetpack_social_post_already_shared":false,"jetpack_social_options":{"image_generator_settings":{"template":"highway","default_image_id":0,"font":"","enabled":false},"version":2}},"categories":[1],"tags":[],"class_list":["post-11363","post","type-post","status-publish","format-standard","has-post-thumbnail","hentry","category-principal"],"jetpack_publicize_connections":[],"jetpack_featured_media_url":"https:\/\/blogs.gazetaesportiva.com\/planeta-octogono\/files\/2014\/03\/baraotibaup-DSC00756.jpg","jetpack_sharing_enabled":true,"jetpack_shortlink":"https:\/\/wp.me\/p6rqUQ-2Xh","_links":{"self":[{"href":"https:\/\/blogs.gazetaesportiva.com\/planeta-octogono\/wp-json\/wp\/v2\/posts\/11363","targetHints":{"allow":["GET"]}}],"collection":[{"href":"https:\/\/blogs.gazetaesportiva.com\/planeta-octogono\/wp-json\/wp\/v2\/posts"}],"about":[{"href":"https:\/\/blogs.gazetaesportiva.com\/planeta-octogono\/wp-json\/wp\/v2\/types\/post"}],"author":[{"embeddable":true,"href":"https:\/\/blogs.gazetaesportiva.com\/planeta-octogono\/wp-json\/wp\/v2\/users\/33"}],"replies":[{"embeddable":true,"href":"https:\/\/blogs.gazetaesportiva.com\/planeta-octogono\/wp-json\/wp\/v2\/comments?post=11363"}],"version-history":[{"count":0,"href":"https:\/\/blogs.gazetaesportiva.com\/planeta-octogono\/wp-json\/wp\/v2\/posts\/11363\/revisions"}],"wp:featuredmedia":[{"embeddable":true,"href":"https:\/\/blogs.gazetaesportiva.com\/planeta-octogono\/wp-json\/wp\/v2\/media\/11364"}],"wp:attachment":[{"href":"https:\/\/blogs.gazetaesportiva.com\/planeta-octogono\/wp-json\/wp\/v2\/media?parent=11363"}],"wp:term":[{"taxonomy":"category","embeddable":true,"href":"https:\/\/blogs.gazetaesportiva.com\/planeta-octogono\/wp-json\/wp\/v2\/categories?post=11363"},{"taxonomy":"post_tag","embeddable":true,"href":"https:\/\/blogs.gazetaesportiva.com\/planeta-octogono\/wp-json\/wp\/v2\/tags?post=11363"}],"curies":[{"name":"wp","href":"https:\/\/api.w.org\/{rel}","templated":true}]}}