{"id":11360,"date":"2014-03-20T18:26:44","date_gmt":"2014-03-20T21:26:44","guid":{"rendered":"https:\/\/blogs.gazetaesportiva.com\/planeta-octogono\/?p=11360"},"modified":"2014-03-20T18:26:44","modified_gmt":"2014-03-20T21:26:44","slug":"luta-sem-resultado-tem-revanche-marcada-no-coliseu-em-maceio-no-mes-de-maio","status":"publish","type":"post","link":"https:\/\/blogs.gazetaesportiva.com\/planeta-octogono\/2014\/03\/20\/luta-sem-resultado-tem-revanche-marcada-no-coliseu-em-maceio-no-mes-de-maio\/","title":{"rendered":"Luta sem resultado tem revanche marcada no Coliseu em Macei\u00f3 no m\u00eas de maio"},"content":{"rendered":"<figure id=\"attachment_11361\" aria-describedby=\"caption-attachment-11361\" style=\"width: 622px\" class=\"wp-caption aligncenter\"><a href=\"https:\/\/blogs.gazetaesportiva.com\/planeta-octogono\/files\/2014\/03\/coliseu-Kleber-vs-Naco.jpg\"><img loading=\"lazy\" decoding=\"async\" class=\" wp-image-11361 \" alt=\"Combate tem revanche marcada para maio em Macei\u00f3 - Divulga\u00e7\u00e3o Coliseu\/Deive Coutinho\" src=\"https:\/\/blogs.gazetaesportiva.com\/planeta-octogono\/files\/2014\/03\/coliseu-Kleber-vs-Naco.jpg\" width=\"622\" height=\"432\" \/><\/a><figcaption id=\"caption-attachment-11361\" class=\"wp-caption-text\"><strong><em>Combate tem revanche marcada para maio em Macei\u00f3 &#8211; Divulga\u00e7\u00e3o Coliseu\/Dennis Calheiros<\/em><\/strong><\/figcaption><\/figure>\n<p>&nbsp;<\/p>\n<p>A pol\u00eamica em torno da luta entre Jackson \u201cNaco\u201d e Kleber Orgulho tem data para ser resolvida: 29 de maio. A dire\u00e7\u00e3o do Coliseu Extreme Fight anunciou a data de seu pr\u00f3ximo evento que ser\u00e1 novamente realizado no gin\u00e1sio do SESI em Macei\u00f3 Alagoas, em uma edi\u00e7\u00e3o especial por se tratar da d\u00e9cima.<\/p>\n<p>&nbsp;<\/p>\n<p>\u201cEstamos preparando algo jamais visto no MMA nacional, o pr\u00eamio de organiza\u00e7\u00e3o do ano e os n\u00fameros fant\u00e1sticos de nossa transmiss\u00e3o no Esporte Interativo e via internet nos diversos sites em que foram veiculadas, nos obrigam a fazer algo grandioso, digno do tamanho que o Coliseu tomou, todos esperam algo a mais do Coliseu e daremos esse algo a mais\u201d, afirmou M\u00e1rio Lobo, presidente do evento.<\/p>\n<p>&nbsp;<\/p>\n<p>J\u00e1 o Matchmaker do Coliseu, Marcos Paulo, afirma a grande responsabilidade em m\u00e3os. \u201cFaremos um card incr\u00edvel e come\u00e7aremos pela revanche entre Kleber Orgulho e Jackson Naco, \u00fanica luta sem resultado do evento. Tenho certeza que assuntos mal acabados no Coliseu s\u00e3o garantia de super luta. Quem n\u00e3o lembra de Paulo \u201cBananada\u201d e Gilbert \u201cDurinho\u201d? A bola da vez \u00e9 Naco e Orgulho, mas isso \u00e9 apenas o ponto de partida para o card que ser\u00e1 verdadeiramente incr\u00edvel, podem esperar\u201d, destaca Marcos Paulo.<\/p>\n<p>&nbsp;<\/p>\n<p>Ap\u00f3s um toque ilegal n\u00e3o intencional de Jackson \u201cNaco\u201d no olho de Kleber \u201cOrgulho\u201d, o \u00e1rbitro central Robert\u00e3o Thomaz pediu a entrada do m\u00e9dico do evento que recomendou que o combate n\u00e3o prosseguisse por conta da impossibilidade de Orgulho enxergar perfeitamente e assim foi declarado \u2018No Contest\u2019.<\/p>\n<p>&nbsp;<\/p>\n<p>Kleber Orgulho queria continuar no combate, por\u00e9m nos 5 minutos que teve para recupera\u00e7\u00e3o, o m\u00e9dico n\u00e3o percebeu melhora e n\u00e3o permitiu o retorno, Jackson \u201cNaco\u201d por sua vez enfurecido questionou a situa\u00e7\u00e3o. Tudo isso se tornou ingrediente suficiente para uma grande luta na pr\u00f3xima edi\u00e7\u00e3o.<\/p>\n<p>&nbsp;<\/p>\n","protected":false},"excerpt":{"rendered":"<p>&nbsp; A pol\u00eamica em torno da luta entre Jackson \u201cNaco\u201d e Kleber Orgulho tem data para ser resolvida: 29 de maio. A dire\u00e7\u00e3o do Coliseu <a class=\"read-more\" href=\"https:\/\/blogs.gazetaesportiva.com\/planeta-octogono\/2014\/03\/20\/luta-sem-resultado-tem-revanche-marcada-no-coliseu-em-maceio-no-mes-de-maio\/\">leia mais<\/a><\/p>\n","protected":false},"author":33,"featured_media":11361,"comment_status":"open","ping_status":"open","sticky":false,"template":"","format":"standard","meta":{"jetpack_post_was_ever_published":false,"_jetpack_newsletter_access":"","_jetpack_dont_email_post_to_subs":false,"_jetpack_newsletter_tier_id":0,"_jetpack_memberships_contains_paywalled_content":false,"_jetpack_memberships_contains_paid_content":false,"footnotes":"","jetpack_publicize_message":"","jetpack_publicize_feature_enabled":true,"jetpack_social_post_already_shared":false,"jetpack_social_options":{"image_generator_settings":{"template":"highway","default_image_id":0,"font":"","enabled":false},"version":2}},"categories":[1],"tags":[],"class_list":["post-11360","post","type-post","status-publish","format-standard","has-post-thumbnail","hentry","category-principal"],"jetpack_publicize_connections":[],"jetpack_featured_media_url":"https:\/\/blogs.gazetaesportiva.com\/planeta-octogono\/files\/2014\/03\/coliseu-Kleber-vs-Naco.jpg","jetpack_sharing_enabled":true,"jetpack_shortlink":"https:\/\/wp.me\/p6rqUQ-2Xe","_links":{"self":[{"href":"https:\/\/blogs.gazetaesportiva.com\/planeta-octogono\/wp-json\/wp\/v2\/posts\/11360","targetHints":{"allow":["GET"]}}],"collection":[{"href":"https:\/\/blogs.gazetaesportiva.com\/planeta-octogono\/wp-json\/wp\/v2\/posts"}],"about":[{"href":"https:\/\/blogs.gazetaesportiva.com\/planeta-octogono\/wp-json\/wp\/v2\/types\/post"}],"author":[{"embeddable":true,"href":"https:\/\/blogs.gazetaesportiva.com\/planeta-octogono\/wp-json\/wp\/v2\/users\/33"}],"replies":[{"embeddable":true,"href":"https:\/\/blogs.gazetaesportiva.com\/planeta-octogono\/wp-json\/wp\/v2\/comments?post=11360"}],"version-history":[{"count":0,"href":"https:\/\/blogs.gazetaesportiva.com\/planeta-octogono\/wp-json\/wp\/v2\/posts\/11360\/revisions"}],"wp:featuredmedia":[{"embeddable":true,"href":"https:\/\/blogs.gazetaesportiva.com\/planeta-octogono\/wp-json\/wp\/v2\/media\/11361"}],"wp:attachment":[{"href":"https:\/\/blogs.gazetaesportiva.com\/planeta-octogono\/wp-json\/wp\/v2\/media?parent=11360"}],"wp:term":[{"taxonomy":"category","embeddable":true,"href":"https:\/\/blogs.gazetaesportiva.com\/planeta-octogono\/wp-json\/wp\/v2\/categories?post=11360"},{"taxonomy":"post_tag","embeddable":true,"href":"https:\/\/blogs.gazetaesportiva.com\/planeta-octogono\/wp-json\/wp\/v2\/tags?post=11360"}],"curies":[{"name":"wp","href":"https:\/\/api.w.org\/{rel}","templated":true}]}}