{"id":11355,"date":"2014-03-20T18:15:35","date_gmt":"2014-03-20T21:15:35","guid":{"rendered":"https:\/\/blogs.gazetaesportiva.com\/planeta-octogono\/?p=11355"},"modified":"2014-03-20T18:16:40","modified_gmt":"2014-03-20T21:16:40","slug":"lutadora-servia-e-integrante-da-team-nogueira-duda-yankovich-se-torna-cidada-honoraria-do-rio-de-janeiro","status":"publish","type":"post","link":"https:\/\/blogs.gazetaesportiva.com\/planeta-octogono\/2014\/03\/20\/lutadora-servia-e-integrante-da-team-nogueira-duda-yankovich-se-torna-cidada-honoraria-do-rio-de-janeiro\/","title":{"rendered":"Lutadora s\u00e9rvia e integrante da Team Nogueira, Duda Yankovich se torna cidad\u00e3 honor\u00e1ria do Rio de Janeiro"},"content":{"rendered":"<p>&nbsp;<\/p>\n<figure id=\"attachment_11356\" aria-describedby=\"caption-attachment-11356\" style=\"width: 432px\" class=\"wp-caption aligncenter\"><a href=\"https:\/\/blogs.gazetaesportiva.com\/planeta-octogono\/files\/2014\/03\/duda1.jpeg\"><img loading=\"lazy\" decoding=\"async\" class=\" wp-image-11356 \" alt=\"Lutadora de MMA participa de homenagem no Rio de Janeiro - Divulga\u00e7\u00e3o Team Nogueira\" src=\"https:\/\/blogs.gazetaesportiva.com\/planeta-octogono\/files\/2014\/03\/duda1.jpeg\" width=\"432\" height=\"622\" \/><\/a><figcaption id=\"caption-attachment-11356\" class=\"wp-caption-text\"><em><strong>Lutadora de MMA participa de homenagem no Rio de Janeiro &#8211; Divulga\u00e7\u00e3o Team Nogueira<\/strong><\/em><\/figcaption><\/figure>\n<p>&nbsp;<\/p>\n<p>A lutadora s\u00e9rvia Duda Yankovich recebeu, nesta quinta-feira (20), o t\u00edtulo de cidad\u00e3 honor\u00e1ria do munic\u00edpio do Rio de Janeiro. A indica\u00e7\u00e3o surgiu ap\u00f3s a participa\u00e7\u00e3o da atleta na campanha de reintegra\u00e7\u00e3o dos bombeiros afastados ap\u00f3s a greve do ano passado. A cerim\u00f4nia foi realizada na C\u00e2mara Municipal, no Centro da cidade, e o certificado entregue pelo vereador M\u00e1rcio Garcia.<\/p>\n<p>&nbsp;<\/p>\n<p>&#8220;Sempre disse que sou mais brasileira do que muitas pessoas que nasceram aqui, pois adotar o Brasil nunca foi uma obriga\u00e7\u00e3o, e sim uma op\u00e7\u00e3o. Tenho muito orgulho de ter sido aceita e reconhecida no pa\u00eds que eu amo e represento com todo o meu cora\u00e7\u00e3o&#8221;, afirma Duda.<\/p>\n<p>&nbsp;<\/p>\n<p>H\u00e1 14 anos no Brasil, Duda construiu uma carreira vitoriosa no boxe, conquistando t\u00edtulos de express\u00e3o como o Sul-Americano e o Mundial. A atleta se mudou para o Rio de Janeiro em 2012, quando passou a integrar a equipe profissional de MMA do Team Nogueira.<\/p>\n","protected":false},"excerpt":{"rendered":"<p>&nbsp; &nbsp; A lutadora s\u00e9rvia Duda Yankovich recebeu, nesta quinta-feira (20), o t\u00edtulo de cidad\u00e3 honor\u00e1ria do munic\u00edpio do Rio de Janeiro. A indica\u00e7\u00e3o surgiu <a class=\"read-more\" href=\"https:\/\/blogs.gazetaesportiva.com\/planeta-octogono\/2014\/03\/20\/lutadora-servia-e-integrante-da-team-nogueira-duda-yankovich-se-torna-cidada-honoraria-do-rio-de-janeiro\/\">leia mais<\/a><\/p>\n","protected":false},"author":33,"featured_media":11356,"comment_status":"open","ping_status":"open","sticky":false,"template":"","format":"standard","meta":{"jetpack_post_was_ever_published":false,"_jetpack_newsletter_access":"","_jetpack_dont_email_post_to_subs":false,"_jetpack_newsletter_tier_id":0,"_jetpack_memberships_contains_paywalled_content":false,"_jetpack_memberships_contains_paid_content":false,"footnotes":"","jetpack_publicize_message":"","jetpack_publicize_feature_enabled":true,"jetpack_social_post_already_shared":false,"jetpack_social_options":{"image_generator_settings":{"template":"highway","default_image_id":0,"font":"","enabled":false},"version":2}},"categories":[1],"tags":[],"class_list":["post-11355","post","type-post","status-publish","format-standard","has-post-thumbnail","hentry","category-principal"],"jetpack_publicize_connections":[],"jetpack_featured_media_url":"https:\/\/blogs.gazetaesportiva.com\/planeta-octogono\/files\/2014\/03\/duda1.jpeg","jetpack_sharing_enabled":true,"jetpack_shortlink":"https:\/\/wp.me\/p6rqUQ-2X9","_links":{"self":[{"href":"https:\/\/blogs.gazetaesportiva.com\/planeta-octogono\/wp-json\/wp\/v2\/posts\/11355","targetHints":{"allow":["GET"]}}],"collection":[{"href":"https:\/\/blogs.gazetaesportiva.com\/planeta-octogono\/wp-json\/wp\/v2\/posts"}],"about":[{"href":"https:\/\/blogs.gazetaesportiva.com\/planeta-octogono\/wp-json\/wp\/v2\/types\/post"}],"author":[{"embeddable":true,"href":"https:\/\/blogs.gazetaesportiva.com\/planeta-octogono\/wp-json\/wp\/v2\/users\/33"}],"replies":[{"embeddable":true,"href":"https:\/\/blogs.gazetaesportiva.com\/planeta-octogono\/wp-json\/wp\/v2\/comments?post=11355"}],"version-history":[{"count":0,"href":"https:\/\/blogs.gazetaesportiva.com\/planeta-octogono\/wp-json\/wp\/v2\/posts\/11355\/revisions"}],"wp:featuredmedia":[{"embeddable":true,"href":"https:\/\/blogs.gazetaesportiva.com\/planeta-octogono\/wp-json\/wp\/v2\/media\/11356"}],"wp:attachment":[{"href":"https:\/\/blogs.gazetaesportiva.com\/planeta-octogono\/wp-json\/wp\/v2\/media?parent=11355"}],"wp:term":[{"taxonomy":"category","embeddable":true,"href":"https:\/\/blogs.gazetaesportiva.com\/planeta-octogono\/wp-json\/wp\/v2\/categories?post=11355"},{"taxonomy":"post_tag","embeddable":true,"href":"https:\/\/blogs.gazetaesportiva.com\/planeta-octogono\/wp-json\/wp\/v2\/tags?post=11355"}],"curies":[{"name":"wp","href":"https:\/\/api.w.org\/{rel}","templated":true}]}}