{"id":11342,"date":"2014-03-19T17:13:26","date_gmt":"2014-03-19T20:13:26","guid":{"rendered":"https:\/\/blogs.gazetaesportiva.com\/planeta-octogono\/?p=11342"},"modified":"2014-03-19T17:14:09","modified_gmt":"2014-03-19T20:14:09","slug":"especial-ufc-natal-sob-pressao-lutador-do-ufc-godofredo-pepey-garante-me-saio-bem-quando-preciso-mostrar-servico","status":"publish","type":"post","link":"https:\/\/blogs.gazetaesportiva.com\/planeta-octogono\/2014\/03\/19\/especial-ufc-natal-sob-pressao-lutador-do-ufc-godofredo-pepey-garante-me-saio-bem-quando-preciso-mostrar-servico\/","title":{"rendered":"Especial UFC Natal &#8211; Sob press\u00e3o, Lutador do UFC, Godofredo Pepey garante: &#8220;Me saio bem quando preciso mostrar servi\u00e7o&#8221;"},"content":{"rendered":"<figure id=\"attachment_11343\" aria-describedby=\"caption-attachment-11343\" style=\"width: 622px\" class=\"wp-caption aligncenter\"><a href=\"https:\/\/blogs.gazetaesportiva.com\/planeta-octogono\/files\/2014\/03\/IMG_0835.jpg\"><img loading=\"lazy\" decoding=\"async\" class=\" wp-image-11343 \" alt=\"Pepey quer voltar a vencer em Natal neste domingo - Ana Carolina\/Gazeta Press\" src=\"https:\/\/blogs.gazetaesportiva.com\/planeta-octogono\/files\/2014\/03\/IMG_0835.jpg\" width=\"622\" height=\"432\" \/><\/a><figcaption id=\"caption-attachment-11343\" class=\"wp-caption-text\"><strong><em>Pepey quer voltar a vencer em Natal neste domingo &#8211; Ana Carolina\/Gazeta Press<\/em><\/strong><\/figcaption><\/figure>\n<p>&nbsp;<\/p>\n<p>O cearense Godofredo Pepey encara o norte-americano Noah Lahat, neste domingo (23), no UFC Natal, sob press\u00e3o. Com apenas uma vit\u00f3ria em quatro lutas, o brasileiro ainda n\u00e3o convenceu no Ultimate e precisa, desesperadamente, da vit\u00f3ria para garantir a perman\u00eancia na organiza\u00e7\u00e3o. Apesar disso, ele garante estar preparado para o desafio e revela ter tido um acompanhamento psicol\u00f3gico para esse duelo.<\/p>\n<p>&nbsp;<\/p>\n<p>&#8220;N\u00e3o tem como n\u00e3o estar pressionado, mas tento levar pelo lado bom, costumo me sair bem quando preciso mostrar servi\u00e7o. Nas \u00faltimas lutas n\u00e3o consegui me sair bem por conta desse nervosismo mesmo, mas trabalhei o meu psicol\u00f3gico, tive um acompanhamento profissional que me ajudou muito. Estou preparado para conseguir essa vit\u00f3ria e provar que mere\u00e7o estar no UFC&#8221;, afirma Pepey.<\/p>\n<p>&nbsp;<\/p>\n<p>Outra mudan\u00e7a promovida em seu camp foi a aten\u00e7\u00e3o dada ao muay thai. Depois de sofrer dois nocautes consecutivos, para Felipe Sertanejo e Sam Sicilia, o peso-pena nordestino intensificou os treinos com o mestre Andr\u00e9 Dida, respons\u00e1vel por treinar o ex-campe\u00e3o do UFC Maur\u00edcio Shogun, nos \u00faltimos anos.<\/p>\n<p>&nbsp;<\/p>\n<p>&#8220;Por ser do jiu-jitsu eu sempre busco a luta no ch\u00e3o, mas nas \u00faltimas lutas n\u00e3o deu certo e acabei sendo nocauteado. Ent\u00e3o, resolvemos focar mais na troca\u00e7\u00e3o nesse camp. Fiz uma prepara\u00e7\u00e3o de muay thai muito forte com o mestre Andr\u00e9 Dida, e me sinto muito preparado para lutar em qualquer \u00e1rea contra ele&#8221;, explica o atleta.<\/p>\n<p>&nbsp;<\/p>\n<p>O advers\u00e1rio do brasileiro est\u00e1 invicto na carreira, com sete vit\u00f3rias, e far\u00e1 a sua primeira luta pelo UFC. Al\u00e9m do expressivo cartel, Noah Lahat treina na American Kickboxing Academy (AKA), localizada nos Estados Unidos e famosa por abrigar astros do MMA como o campe\u00e3o dos pesos-pesados Cain Vel\u00e1squez e o ex-campe\u00e3o do Strikeforce Daniel Cormier. Apesar disso, Pepey demonstra confian\u00e7a e espera dar &#8220;boas vindas&#8221; para o estreante.<\/p>\n<p>&nbsp;<\/p>\n<p>&#8220;Acho que vai ser uma grande luta e tem tudo para ser a melhor da noite. Mas ele \u00e9 um estreante no UFC, e vou ter que dar as boas vindas para ele. S\u00f3 n\u00e3o sei se ele vai gostar muito (risos)&#8221;.<\/p>\n<p>&nbsp;<\/p>\n<p>Aos 26 anos, Pepey se tornou conhecido no cen\u00e1rio nacional ap\u00f3s ser finalista da primeira edi\u00e7\u00e3o do &#8220;TUF Brasil&#8221;. Apesar da derrota para o conterr\u00e2neo Rony Jason, na decis\u00e3o do programa, no UFC BH, em junho de 2012, ele tamb\u00e9m conseguiu um contrato com o Ultimate. De l\u00e1 para c\u00e1, o cearense lutou outras tr\u00eas vezes pela organiza\u00e7\u00e3o, acumulando uma vit\u00f3ria e duas derrotas.<\/p>\n","protected":false},"excerpt":{"rendered":"<p>&nbsp; O cearense Godofredo Pepey encara o norte-americano Noah Lahat, neste domingo (23), no UFC Natal, sob press\u00e3o. Com apenas uma vit\u00f3ria em quatro lutas, <a class=\"read-more\" href=\"https:\/\/blogs.gazetaesportiva.com\/planeta-octogono\/2014\/03\/19\/especial-ufc-natal-sob-pressao-lutador-do-ufc-godofredo-pepey-garante-me-saio-bem-quando-preciso-mostrar-servico\/\">leia mais<\/a><\/p>\n","protected":false},"author":33,"featured_media":11343,"comment_status":"open","ping_status":"open","sticky":false,"template":"","format":"standard","meta":{"jetpack_post_was_ever_published":false,"_jetpack_newsletter_access":"","_jetpack_dont_email_post_to_subs":false,"_jetpack_newsletter_tier_id":0,"_jetpack_memberships_contains_paywalled_content":false,"_jetpack_memberships_contains_paid_content":false,"footnotes":"","jetpack_publicize_message":"","jetpack_publicize_feature_enabled":true,"jetpack_social_post_already_shared":false,"jetpack_social_options":{"image_generator_settings":{"template":"highway","default_image_id":0,"font":"","enabled":false},"version":2}},"categories":[1],"tags":[],"class_list":["post-11342","post","type-post","status-publish","format-standard","has-post-thumbnail","hentry","category-principal"],"jetpack_publicize_connections":[],"jetpack_featured_media_url":"https:\/\/blogs.gazetaesportiva.com\/planeta-octogono\/files\/2014\/03\/IMG_0835.jpg","jetpack_sharing_enabled":true,"jetpack_shortlink":"https:\/\/wp.me\/p6rqUQ-2WW","_links":{"self":[{"href":"https:\/\/blogs.gazetaesportiva.com\/planeta-octogono\/wp-json\/wp\/v2\/posts\/11342","targetHints":{"allow":["GET"]}}],"collection":[{"href":"https:\/\/blogs.gazetaesportiva.com\/planeta-octogono\/wp-json\/wp\/v2\/posts"}],"about":[{"href":"https:\/\/blogs.gazetaesportiva.com\/planeta-octogono\/wp-json\/wp\/v2\/types\/post"}],"author":[{"embeddable":true,"href":"https:\/\/blogs.gazetaesportiva.com\/planeta-octogono\/wp-json\/wp\/v2\/users\/33"}],"replies":[{"embeddable":true,"href":"https:\/\/blogs.gazetaesportiva.com\/planeta-octogono\/wp-json\/wp\/v2\/comments?post=11342"}],"version-history":[{"count":0,"href":"https:\/\/blogs.gazetaesportiva.com\/planeta-octogono\/wp-json\/wp\/v2\/posts\/11342\/revisions"}],"wp:featuredmedia":[{"embeddable":true,"href":"https:\/\/blogs.gazetaesportiva.com\/planeta-octogono\/wp-json\/wp\/v2\/media\/11343"}],"wp:attachment":[{"href":"https:\/\/blogs.gazetaesportiva.com\/planeta-octogono\/wp-json\/wp\/v2\/media?parent=11342"}],"wp:term":[{"taxonomy":"category","embeddable":true,"href":"https:\/\/blogs.gazetaesportiva.com\/planeta-octogono\/wp-json\/wp\/v2\/categories?post=11342"},{"taxonomy":"post_tag","embeddable":true,"href":"https:\/\/blogs.gazetaesportiva.com\/planeta-octogono\/wp-json\/wp\/v2\/tags?post=11342"}],"curies":[{"name":"wp","href":"https:\/\/api.w.org\/{rel}","templated":true}]}}