{"id":11332,"date":"2014-03-19T17:02:50","date_gmt":"2014-03-19T20:02:50","guid":{"rendered":"https:\/\/blogs.gazetaesportiva.com\/planeta-octogono\/?p=11332"},"modified":"2014-03-19T17:03:10","modified_gmt":"2014-03-19T20:03:10","slug":"evento-revelacao-de-2013-circuito-talent-fecha-card-para-edicao-no-dia-29-de-marco-em-osasco","status":"publish","type":"post","link":"https:\/\/blogs.gazetaesportiva.com\/planeta-octogono\/2014\/03\/19\/evento-revelacao-de-2013-circuito-talent-fecha-card-para-edicao-no-dia-29-de-marco-em-osasco\/","title":{"rendered":"Evento revela\u00e7\u00e3o de 2013, Circuito Talent fecha card para edi\u00e7\u00e3o no dia 29 de mar\u00e7o em Osasco"},"content":{"rendered":"<figure id=\"attachment_11333\" aria-describedby=\"caption-attachment-11333\" style=\"width: 422px\" class=\"wp-caption aligncenter\"><a href=\"https:\/\/blogs.gazetaesportiva.com\/planeta-octogono\/files\/2014\/03\/circuitotalentosasco.jpg\"><img loading=\"lazy\" decoding=\"async\" class=\" wp-image-11333 \" alt=\"Cidade de Osasco recebe evento com duas disputas de cintur\u00e3o - Divulga\u00e7\u00e3o Circuito Talent\" src=\"https:\/\/blogs.gazetaesportiva.com\/planeta-octogono\/files\/2014\/03\/circuitotalentosasco.jpg\" width=\"422\" height=\"622\" \/><\/a><figcaption id=\"caption-attachment-11333\" class=\"wp-caption-text\"><strong><em>Cidade de Osasco recebe evento com duas disputas de cintur\u00e3o &#8211; Divulga\u00e7\u00e3o Circuito Talent<\/em><\/strong><\/figcaption><\/figure>\n<p>&nbsp;<\/p>\n<p>Eleito evento revela\u00e7\u00e3o de 2013 no Pr\u00eamio Osvaldo Paquet\u00e1, o Circuto Talent de MMA volta a S\u00e3o Paulo em sua s\u00e9tima edi\u00e7\u00e3o. O show, que acontece no dia 29 de mar\u00e7o, desembarca pela primeira vez na cidade de Osasco, no Gin\u00e1sio Geod\u00e9stico, e ter\u00e1 duas disputas de cintur\u00e3o: na luta principal, pelos leves (at\u00e9 70kg), o experiente Udi Lima enfrenta o americano Tommy Hayden, ex-UFC; valendo o t\u00edtulo dos penas (at\u00e9 66kg), Marcos Babu\u00edno enfrenta Jo\u00e3o Paulo Rodrigues.<\/p>\n<p>O card ainda conta com mais 13 combates, em todas as categorias, desde os moscas (at\u00e9 57kg) at\u00e9 os pesados (at\u00e9 120kg) mantendo o alto n\u00edvel que encantou Curitiba no \u00faltimo m\u00eas. No card preliminar destaque para Gabriel Checco, da Chute Boxe\/Macaco Gold Team, outro vencedor do pr\u00eamio Osvaldo Paquet\u00e1, recentemente, na categoria revela\u00e7\u00e3o do ano, e enfrenta Wagner Luis na categoria at\u00e9 84kg. No card principal, destaque tamb\u00e9m para o combate entre o tricampe\u00e3o mundial de Jiu-Jitsu Celsinho Venicius e Junior Hellboy pelos leves, e entre o ex-atleta do Strikeforce Eduardo Pamplona contra o paraguaio Federico Torres.<\/p>\n<p>&#8220;Conseguimos fazer um \u00f3timo card e o p\u00fablico vai se divertir bastante, vendo talentos de todos os pesos, que podem representar o Brasil em grandes eventos internacionais. Os atletas est\u00e3o prontos para dar espet\u00e1culo e a expectativa \u00e9 grande com as duas disputas de cintur\u00e3o. A \u00faltima edi\u00e7\u00e3o em Curitiba foi um sucesso e agora estamos &#8216;pressionados&#8217; para fazer um evento ainda melhor e tenho certeza que vamos conseguir. Vamos ainda mais motivados depois do pr\u00eamio e do reconhecimento do trabalho&#8221;, afirma Andr\u00e9 Ferraro, CEO do evento.<\/p>\n<p><b>Circuito Talent de MMA 7<\/b><br \/>\nData: S\u00e1bado, 29 de mar\u00e7o de 2014<br \/>\nHor\u00e1rio: 21h &#8211; Ao vivo no Esporte Interativo<br \/>\nLocal: Gin\u00e1sio Geod\u00e9stico (Av dos Eucal\u00edptos, 281 &#8211; Cidades das Flores, Osasco, S\u00e3o Paulo)<\/p>\n<p><b>Card principal<\/b><br \/>\nAt\u00e9 70kg : Udi Lima x Tommy Hayden &#8211; Disputa de cintur\u00e3o dos leves<br \/>\nAt\u00e9 66kg: Marcos Babu\u00edno x Jo\u00e3o Paulo Rodrigues &#8211; Disputa de cintur\u00e3o dos penas<br \/>\nAt\u00e9 70kg: Celsinho Venicius x Junior Hellboy<br \/>\nAt\u00e9 77kg: Eduardo Pamplona x Federico Torres<br \/>\nAt\u00e9 120kg Kitner Moura x Rodrigo Batista<br \/>\nAt\u00e9 57kg: Reginaldo Vieira x Thiago Ferrari<br \/>\nAt\u00e9 66kg: Serginho Soares x Dioginis Overeem<br \/>\nAt\u00e9 77kg: Everaldo Osso x Edvaldo Gameth<\/p>\n<p><b>Card Preliminar<\/b><br \/>\nAt\u00e9 84kg: Diogo Almeida x Jo\u00e3o Paulo<br \/>\nAt\u00e9 77kg: Rodolfo Urso Castelo x Sergio Ferreira<br \/>\nAt\u00e9 84kg: Gabriel Checco x Wagner Luis<br \/>\nAt\u00e9 66kg: J\u00e2nio Vitamina x Jayme Barros<br \/>\nAt\u00e9 57kg: Felipe Efrain x Vinicius Moraes<br \/>\nAt\u00e9 93kg: Armando Pol\u00eamico x Igor Cavallo<br \/>\nAt\u00e9 73kg: Marcial Robles x Gabriel Maccario<\/p>\n","protected":false},"excerpt":{"rendered":"<p>&nbsp; Eleito evento revela\u00e7\u00e3o de 2013 no Pr\u00eamio Osvaldo Paquet\u00e1, o Circuto Talent de MMA volta a S\u00e3o Paulo em sua s\u00e9tima edi\u00e7\u00e3o. O show, <a class=\"read-more\" href=\"https:\/\/blogs.gazetaesportiva.com\/planeta-octogono\/2014\/03\/19\/evento-revelacao-de-2013-circuito-talent-fecha-card-para-edicao-no-dia-29-de-marco-em-osasco\/\">leia mais<\/a><\/p>\n","protected":false},"author":33,"featured_media":11333,"comment_status":"open","ping_status":"open","sticky":false,"template":"","format":"standard","meta":{"jetpack_post_was_ever_published":false,"_jetpack_newsletter_access":"","_jetpack_dont_email_post_to_subs":false,"_jetpack_newsletter_tier_id":0,"_jetpack_memberships_contains_paywalled_content":false,"_jetpack_memberships_contains_paid_content":false,"footnotes":"","jetpack_publicize_message":"","jetpack_publicize_feature_enabled":true,"jetpack_social_post_already_shared":false,"jetpack_social_options":{"image_generator_settings":{"template":"highway","default_image_id":0,"font":"","enabled":false},"version":2}},"categories":[1],"tags":[],"class_list":["post-11332","post","type-post","status-publish","format-standard","has-post-thumbnail","hentry","category-principal"],"jetpack_publicize_connections":[],"jetpack_featured_media_url":"https:\/\/blogs.gazetaesportiva.com\/planeta-octogono\/files\/2014\/03\/circuitotalentosasco.jpg","jetpack_sharing_enabled":true,"jetpack_shortlink":"https:\/\/wp.me\/p6rqUQ-2WM","_links":{"self":[{"href":"https:\/\/blogs.gazetaesportiva.com\/planeta-octogono\/wp-json\/wp\/v2\/posts\/11332","targetHints":{"allow":["GET"]}}],"collection":[{"href":"https:\/\/blogs.gazetaesportiva.com\/planeta-octogono\/wp-json\/wp\/v2\/posts"}],"about":[{"href":"https:\/\/blogs.gazetaesportiva.com\/planeta-octogono\/wp-json\/wp\/v2\/types\/post"}],"author":[{"embeddable":true,"href":"https:\/\/blogs.gazetaesportiva.com\/planeta-octogono\/wp-json\/wp\/v2\/users\/33"}],"replies":[{"embeddable":true,"href":"https:\/\/blogs.gazetaesportiva.com\/planeta-octogono\/wp-json\/wp\/v2\/comments?post=11332"}],"version-history":[{"count":0,"href":"https:\/\/blogs.gazetaesportiva.com\/planeta-octogono\/wp-json\/wp\/v2\/posts\/11332\/revisions"}],"wp:featuredmedia":[{"embeddable":true,"href":"https:\/\/blogs.gazetaesportiva.com\/planeta-octogono\/wp-json\/wp\/v2\/media\/11333"}],"wp:attachment":[{"href":"https:\/\/blogs.gazetaesportiva.com\/planeta-octogono\/wp-json\/wp\/v2\/media?parent=11332"}],"wp:term":[{"taxonomy":"category","embeddable":true,"href":"https:\/\/blogs.gazetaesportiva.com\/planeta-octogono\/wp-json\/wp\/v2\/categories?post=11332"},{"taxonomy":"post_tag","embeddable":true,"href":"https:\/\/blogs.gazetaesportiva.com\/planeta-octogono\/wp-json\/wp\/v2\/tags?post=11332"}],"curies":[{"name":"wp","href":"https:\/\/api.w.org\/{rel}","templated":true}]}}