{"id":11329,"date":"2014-03-19T16:59:40","date_gmt":"2014-03-19T19:59:40","guid":{"rendered":"https:\/\/blogs.gazetaesportiva.com\/planeta-octogono\/?p=11329"},"modified":"2014-03-19T16:59:40","modified_gmt":"2014-03-19T19:59:40","slug":"coliseu-bate-recorde-de-audiencia-em-estreia-de-transmissao-no-canal-esporte-interativo","status":"publish","type":"post","link":"https:\/\/blogs.gazetaesportiva.com\/planeta-octogono\/2014\/03\/19\/coliseu-bate-recorde-de-audiencia-em-estreia-de-transmissao-no-canal-esporte-interativo\/","title":{"rendered":"Coliseu bate recorde de audi\u00eancia em estr\u00e9ia de transmiss\u00e3o no canal Esporte Interativo"},"content":{"rendered":"<figure id=\"attachment_11330\" aria-describedby=\"caption-attachment-11330\" style=\"width: 622px\" class=\"wp-caption aligncenter\"><a href=\"https:\/\/blogs.gazetaesportiva.com\/planeta-octogono\/files\/2014\/03\/ColiseuEF_09_DennisCalheiros_-1.jpg\"><img loading=\"lazy\" decoding=\"async\" class=\" wp-image-11330 \" alt=\"Evento bate recorde em estr\u00e9ia na televis\u00e3o aberta - Divulga\u00e7\u00e3o Coliseu\/Deive Coutinho\" src=\"https:\/\/blogs.gazetaesportiva.com\/planeta-octogono\/files\/2014\/03\/ColiseuEF_09_DennisCalheiros_-1.jpg\" width=\"622\" height=\"432\" \/><\/a><figcaption id=\"caption-attachment-11330\" class=\"wp-caption-text\"><strong><em>Evento bate recorde em estr\u00e9ia na televis\u00e3o aberta &#8211; Divulga\u00e7\u00e3o Coliseu\/Dennis Calheiros<\/em><\/strong><\/figcaption><\/figure>\n<p>&nbsp;<\/p>\n<p>Os n\u00fameros fizeram do Coliseu, em sua 9\u00aa Edi\u00e7\u00e3o, o evento de MMA com a maior audi\u00eancia da TV brasileira. Mais de 3 milh\u00f5es e 300 mil pessoas assistiram o evento que foi realizado em Macei\u00f3 no gin\u00e1sio do SESI para um p\u00fablico de mais de 5 mil pagantes. Estes dados foram apurados pelo IBOPE e tamb\u00e9m mostram que mais de 414 mil pessoas assistiram o evento por minuto e apenas quatro dias ap\u00f3s sua realiza\u00e7\u00e3o os seus v\u00eddeos j\u00e1 somam 330 mil visualiza\u00e7\u00f5es na internet.<\/p>\n<p>\u201cEsses n\u00fameros revelam o in\u00edcio de uma nova era no MMA nacional. Quem n\u00e3o se profissionalizar e fizer o melhor ficar\u00e1 pelo caminho. O ano de 2013 foi incr\u00edvel para o esporte, por\u00e9m tenho certeza de que a partir de 2014 ser\u00e1 ainda melhor para o MMA Nacional, pois creio que n\u00e3o somente exportaremos lutadores, mas tamb\u00e9m grandes eventos para o mundo.<\/p>\n<p>Conquistamos a premia\u00e7\u00e3o de Organiza\u00e7\u00e3o do Ano no Pr\u00eamio Osvaldo Paquet\u00e1, nosso diretor de arbitragem foi eleito o melhor \u00e1rbitro do Brasil e nosso announcer tamb\u00e9m. Macei\u00f3 e o Nordeste do Brasil mostraram que sabem fazer grandes eventos e que estamos prontos para, em breve, levar o Coliseu a todas as regi\u00f5es do Brasil, para mostrar do que somos capazes, afinal, n\u00e3o fomos eleitos a melhor organiza\u00e7\u00e3o \u00e0 toa\u201d, afirmou o presidente do Coliseu, M\u00e1rio Lobo.<\/p>\n<p>Confira abaixo os resultados completos da edi\u00e7\u00e3o que levou o Coliseu ao topo da audi\u00eancia no Brasil.<\/p>\n<p style=\"text-align: center\">\n<p style=\"text-align: center\"><strong><em>Coliseu Extreme Fight 9<\/em><\/strong><\/p>\n<p style=\"text-align: center\"><strong><em>Quinta-feira, 13 de mar\u00e7o de 2014, \u00e0s 20h<\/em><\/strong><\/p>\n<p style=\"text-align: center\"><strong><em>Gin\u00e1sio do Sesi, Macei\u00f3 \u2013 AL<\/em><\/strong><\/p>\n<div style=\"text-align: center\">\n<hr align=\"left\" noshade=\"noshade\" size=\"2\" width=\"100%\" \/>\n<\/div>\n<p style=\"text-align: center\"><strong><em>Resultados Completos<\/em><\/strong><\/p>\n<p style=\"text-align: center\"><strong><em>Disputa do Cintur\u00e3o Peso Pesado<\/em><\/strong><\/p>\n<p style=\"text-align: center\"><strong><em>Vin\u00edcius \u201cGigantinho\u201d (115,9kg)\u00a0 venceu por nocaute t\u00e9cnico Alex Sandry \u201cCoruja\u201d (105,1kg) no 2\u00ba round<\/em><\/strong><\/p>\n<p style=\"text-align: center\"><strong><em>Disputa do Cintur\u00e3o Interino Peso Leve<\/em><\/strong><\/p>\n<p style=\"text-align: center\"><strong><em>Jorj\u00e3o Rodrigues (70,3kg) finalizou Julio Cesar Field (69,9kg) com uma guilhotina no 2\u00ba round<\/em><\/strong><\/p>\n<p style=\"text-align: center\"><strong><em>GP at\u00e9 93kg<\/em><\/strong><\/p>\n<p style=\"text-align: center\"><strong><em>Kleber Orgulho (89,3kg) x Jackson \u201cNaco\u201d Gon\u00e7alves (92,4kg) \u2013 GP dos meio-pesados \u2013 No contest (Jackson acertou o dedo no olho de Kleber)<\/em><\/strong><\/p>\n<p style=\"text-align: center\"><strong><em>Tiago \u201cBahia\u201d Varej\u00e3o (91,2kg) venceu\u00a0Matheus \u201cBuffa\u201d Scheffel (93,3kg) por TKO no 2\u00ba round<\/em><\/strong><\/p>\n<p style=\"text-align: center\"><strong><em>Super Lutas<\/em><\/strong><\/p>\n<p style=\"text-align: center\"><strong><em>Francisco \u201cDe Assis\u201d Maciel (61,6kg) nocauteou Z\u00e9 Reborn (61,2kg)\u00a0 no 1\u00ba round<\/em><\/strong><\/p>\n<p style=\"text-align: center\"><strong><em>Pedro Gomes (66,1kg)\u00a0 venceu Edcarlos \u201cPeixe\u201d (66kg) por TKO no 1\u00ba round<\/em><\/strong><\/p>\n<p style=\"text-align: center\"><strong><em>Ciro \u201cBadBoy\u201d (69,9kg) venceu Fabricio \u201cAlagoinhas\u201d (69,8kg) por TKO no 1\u00ba round<\/em><\/strong><\/p>\n<p style=\"text-align: center\"><strong><em>Karl Markx Mazoni (57,2kg) nocauteou Carlos \u201cChapolin\u201d (57,1kg) no 1\u00ba round<\/em><\/strong><\/p>\n<p style=\"text-align: center\"><strong><em>Jo\u00e3o Paulo Rodrigues (66,3kg) venceu\u00a0 Leonardo \u201cCaveira\u201d(66,3kg) por decis\u00e3o dividida<\/em><\/strong><\/p>\n<p style=\"text-align: center\"><strong><em>Ot\u00e1vio \u201cBesouro\u201d (62,9kg)\u00a0 venceu Jos\u00e9 \u201cToni Belo\u201d (62,9kg) por TKO no 2\u00ba round<\/em><\/strong><\/p>\n","protected":false},"excerpt":{"rendered":"<p>&nbsp; Os n\u00fameros fizeram do Coliseu, em sua 9\u00aa Edi\u00e7\u00e3o, o evento de MMA com a maior audi\u00eancia da TV brasileira. Mais de 3 milh\u00f5es <a class=\"read-more\" href=\"https:\/\/blogs.gazetaesportiva.com\/planeta-octogono\/2014\/03\/19\/coliseu-bate-recorde-de-audiencia-em-estreia-de-transmissao-no-canal-esporte-interativo\/\">leia mais<\/a><\/p>\n","protected":false},"author":33,"featured_media":11330,"comment_status":"open","ping_status":"open","sticky":false,"template":"","format":"standard","meta":{"jetpack_post_was_ever_published":false,"_jetpack_newsletter_access":"","_jetpack_dont_email_post_to_subs":false,"_jetpack_newsletter_tier_id":0,"_jetpack_memberships_contains_paywalled_content":false,"_jetpack_memberships_contains_paid_content":false,"footnotes":"","jetpack_publicize_message":"","jetpack_publicize_feature_enabled":true,"jetpack_social_post_already_shared":false,"jetpack_social_options":{"image_generator_settings":{"template":"highway","default_image_id":0,"font":"","enabled":false},"version":2}},"categories":[1],"tags":[],"class_list":["post-11329","post","type-post","status-publish","format-standard","has-post-thumbnail","hentry","category-principal"],"jetpack_publicize_connections":[],"jetpack_featured_media_url":"https:\/\/blogs.gazetaesportiva.com\/planeta-octogono\/files\/2014\/03\/ColiseuEF_09_DennisCalheiros_-1.jpg","jetpack_sharing_enabled":true,"jetpack_shortlink":"https:\/\/wp.me\/p6rqUQ-2WJ","_links":{"self":[{"href":"https:\/\/blogs.gazetaesportiva.com\/planeta-octogono\/wp-json\/wp\/v2\/posts\/11329","targetHints":{"allow":["GET"]}}],"collection":[{"href":"https:\/\/blogs.gazetaesportiva.com\/planeta-octogono\/wp-json\/wp\/v2\/posts"}],"about":[{"href":"https:\/\/blogs.gazetaesportiva.com\/planeta-octogono\/wp-json\/wp\/v2\/types\/post"}],"author":[{"embeddable":true,"href":"https:\/\/blogs.gazetaesportiva.com\/planeta-octogono\/wp-json\/wp\/v2\/users\/33"}],"replies":[{"embeddable":true,"href":"https:\/\/blogs.gazetaesportiva.com\/planeta-octogono\/wp-json\/wp\/v2\/comments?post=11329"}],"version-history":[{"count":0,"href":"https:\/\/blogs.gazetaesportiva.com\/planeta-octogono\/wp-json\/wp\/v2\/posts\/11329\/revisions"}],"wp:featuredmedia":[{"embeddable":true,"href":"https:\/\/blogs.gazetaesportiva.com\/planeta-octogono\/wp-json\/wp\/v2\/media\/11330"}],"wp:attachment":[{"href":"https:\/\/blogs.gazetaesportiva.com\/planeta-octogono\/wp-json\/wp\/v2\/media?parent=11329"}],"wp:term":[{"taxonomy":"category","embeddable":true,"href":"https:\/\/blogs.gazetaesportiva.com\/planeta-octogono\/wp-json\/wp\/v2\/categories?post=11329"},{"taxonomy":"post_tag","embeddable":true,"href":"https:\/\/blogs.gazetaesportiva.com\/planeta-octogono\/wp-json\/wp\/v2\/tags?post=11329"}],"curies":[{"name":"wp","href":"https:\/\/api.w.org\/{rel}","templated":true}]}}