{"id":11318,"date":"2014-03-18T17:24:28","date_gmt":"2014-03-18T20:24:28","guid":{"rendered":"https:\/\/blogs.gazetaesportiva.com\/planeta-octogono\/?p=11318"},"modified":"2014-03-18T17:24:28","modified_gmt":"2014-03-18T20:24:28","slug":"antes-de-retorno-ao-ufc-erick-silva-ajuda-irmaos-para-luta-no-jungle-fight-em-foz-do-iguacu","status":"publish","type":"post","link":"https:\/\/blogs.gazetaesportiva.com\/planeta-octogono\/2014\/03\/18\/antes-de-retorno-ao-ufc-erick-silva-ajuda-irmaos-para-luta-no-jungle-fight-em-foz-do-iguacu\/","title":{"rendered":"Antes de retorno ao UFC, Erick Silva ajuda irm\u00e3os para luta no Jungle Fight em Foz do Igua\u00e7u"},"content":{"rendered":"<figure id=\"attachment_11319\" aria-describedby=\"caption-attachment-11319\" style=\"width: 622px\" class=\"wp-caption aligncenter\"><a href=\"https:\/\/blogs.gazetaesportiva.com\/planeta-octogono\/files\/2014\/03\/ericksilvairmaos.jpg\"><img loading=\"lazy\" decoding=\"async\" class=\"size-full wp-image-11319\" alt=\"Lutador do UFC \u00c9rick Silva est\u00e1 ajudando irm\u00e3os em prepara\u00e7\u00e3o para luta no Jungle - Divulga\u00e7\u00e3o Jungle Fight\" src=\"https:\/\/blogs.gazetaesportiva.com\/planeta-octogono\/files\/2014\/03\/ericksilvairmaos.jpg\" width=\"622\" height=\"466\" \/><\/a><figcaption id=\"caption-attachment-11319\" class=\"wp-caption-text\"><em><strong>Lutador do UFC \u00c9rick Silva est\u00e1 ajudando irm\u00e3os em prepara\u00e7\u00e3o para luta no Jungle &#8211; Divulga\u00e7\u00e3o Jungle Fight<\/strong><\/em><\/figcaption><\/figure>\n<p>&nbsp;<\/p>\n<p>Erick Silva retorna ao oct\u00f3gono em maio, contra o norte-americano Matt Brown. Apesar disso, a atual preocupa\u00e7\u00e3o do meio-m\u00e9dio capixaba n\u00e3o est\u00e1 no pr\u00f3ximo desafio pelo UFC, e sim na prepara\u00e7\u00e3o dos irm\u00e3os Bruno, de 25 anos, e Gabriel, de 19, para o Jungle Fight 67. A dupla entra em a\u00e7\u00e3o, novamente, no maior evento de MMA da Am\u00e9rica Latina no pr\u00f3ximo dia 29, em Foz do Igua\u00e7u (PR).<\/p>\n<p>&nbsp;<\/p>\n<p>&#8220;N\u00f3s sempre nos ajudamos, desde que comecei a lutar eles sempre me deram muita for\u00e7a, e agora estou fazendo o mesmo por eles. O foco \u00e9 nessa pr\u00f3xima luta deles no Jungle Fight, os advers\u00e1rios s\u00e3o duros e v\u00e3o estar em casa. Eu sempre fico muito nervoso quando algum deles luta, imagina agora com os dois no mesmo evento. Mas tenho certeza que eles est\u00e3o mais do que preparados e v\u00e3o chegar na luta muito bem&#8221;, garante Erick.<\/p>\n<p>&nbsp;<\/p>\n<p>Essa ser\u00e1 a segunda apresenta\u00e7\u00e3o profissional dos irm\u00e3os de Erick. Por\u00e9m, eles vivem momentos distintos. Enquanto o ca\u00e7ula debutou no Jungle Fight com um nocaute espetacular, o do meio n\u00e3o teve a mesma sorte e acabou finalizado por Marcus &#8220;Maluco&#8221;, na edi\u00e7\u00e3o de n\u00famero 58 do evento. O rev\u00e9s fez com que Bruno Silva optasse por descer para a categoria dos pesos-leves (at\u00e9 70kg), na qual far\u00e1 sua estreia, contra Leandro Vasconcelos.<\/p>\n<p>&nbsp;<\/p>\n<p>&#8220;A minha estreia n\u00e3o foi como eu esperava, mas sinto que evolui muito desde aquela luta. Me sinto mais forte, meu corpo tamb\u00e9m est\u00e1 mais habituado a essa nova rotina de treinos. Estou pronto e vou em busca dessa vit\u00f3ria&#8221;, afirma Bruno.<\/p>\n<p>&nbsp;<\/p>\n<p>J\u00e1 &#8220;Gabito&#8221;, como foi carinhosamente apelidado, enfrentar\u00e1 Willian Vogado, na categoria dos pesos-galos (at\u00e9 61kg). Em sua \u00faltima luta, no Jungle Fight 50, em abril de 2013, o jovem atleta nocauteou Vinicius Baraldo, em apenas 28 segundos. O lutador espera repetir a excelente exibi\u00e7\u00e3o e conseguir mais um nocaute para o cartel.<\/p>\n<p>&nbsp;<\/p>\n<p>&#8220;Sou um atleta explosivo e gosto de ir para cima desde o in\u00edcio. Vou em busca de mais um nocaute, mas se n\u00e3o der o mais importante \u00e9 a vit\u00f3ria. N\u00e3o importa como vai ser, desde que meu bra\u00e7o esteja levantado ao fim da luta&#8221;.<\/p>\n<p>&nbsp;<\/p>\n<p>O Jungle Fight 67 ser\u00e1 realizado no pr\u00f3ximo dia 29, em Foz do Igua\u00e7u (PR). O evento est\u00e1 recheado de grandes lutas e promete ser um dos melhores do ano. Al\u00e9m da presen\u00e7a de cinco atletas estrangeiros, o card conta tamb\u00e9m com a disputa de cintur\u00e3o dos pesos-galos, entre M\u00e1rio Israel e Jonas Bilharinho.<\/p>\n<p>&nbsp;<\/p>\n<p style=\"text-align: center\">\n<p style=\"text-align: center\"><strong><em>Card Completo:<\/em><\/strong><\/p>\n<p style=\"text-align: center\"><strong><em>\u00a0<\/em><\/strong><\/p>\n<p style=\"text-align: center\"><strong><em>Jonas \u201cSpeed\u201d Bilharinho (Team Nogueira) x Mario Israel (Top Life Amazonas) &#8211; 61Kg \u00a0&#8211; Disputa de cintur\u00e3o<\/em><\/strong><\/p>\n<p style=\"text-align: center\"><strong><em>\u00a0<\/em><\/strong><\/p>\n<p style=\"text-align: center\"><strong><em>Richard Godoy (Thai Brasil\/Foz do Igua\u00e7u) x Fabian Quintanar (Chakal MX Team &#8211; Mexico) &#8211; 66Kg<\/em><\/strong><\/p>\n<p style=\"text-align: center\"><strong><em>\u00a0<\/em><\/strong><\/p>\n<p style=\"text-align: center\"><strong><em>Aldo Ariel Villalba (Fight Center Gym &#8211; Paraguai) x Brandon Gushiken (Chakal &amp; Ludus Fight Team &#8211; USA) &#8211; 57Kg<\/em><\/strong><\/p>\n<p style=\"text-align: center\"><strong><em>\u00a0<\/em><\/strong><\/p>\n<p style=\"text-align: center\"><strong><em>Alan Miguel (Fight Club BFC) x Rivaldo Junior (Top Life Amazonas) &#8211; 61Kg<\/em><\/strong><\/p>\n<p style=\"text-align: center\"><strong><em>\u00a0<\/em><\/strong><\/p>\n<p style=\"text-align: center\"><strong><em>Leandro Vasconcelos (SST \/ Foz do Igua\u00e7u) \u00a0x Bruno Silva (XGym) &#8211; 70Kg<\/em><\/strong><\/p>\n<p style=\"text-align: center\"><strong><em>\u00a0<\/em><\/strong><\/p>\n<p style=\"text-align: center\"><strong><em>\u00a0Willian \u00a0Vogado \u00a0 (SST\/ Foz do Igua\u00e7u) X Gabriel Silva (XGym) &#8211; 61Kg<\/em><\/strong><\/p>\n<p style=\"text-align: center\"><strong><em>\u00a0<\/em><\/strong><\/p>\n<p style=\"text-align: center\"><strong><em>Rafael Dias (FCSCB Team) x Apostolis de Andrade Halianis (CM System) &#8211; 57 kg<\/em><\/strong><\/p>\n<p style=\"text-align: center\"><strong><em>\u00a0<\/em><\/strong><\/p>\n<p style=\"text-align: center\"><strong><em>Cesar &#8220;Goku&#8221; \u00a0Arzamendia (Figh Center Gym\/Paraguai ) X Paulo &#8220;Smash&#8221; Dur\u00e3o (KRteam\/novauniaoPortugal) &#8211; 70 kg<\/em><\/strong><\/p>\n","protected":false},"excerpt":{"rendered":"<p>&nbsp; Erick Silva retorna ao oct\u00f3gono em maio, contra o norte-americano Matt Brown. Apesar disso, a atual preocupa\u00e7\u00e3o do meio-m\u00e9dio capixaba n\u00e3o est\u00e1 no pr\u00f3ximo <a class=\"read-more\" href=\"https:\/\/blogs.gazetaesportiva.com\/planeta-octogono\/2014\/03\/18\/antes-de-retorno-ao-ufc-erick-silva-ajuda-irmaos-para-luta-no-jungle-fight-em-foz-do-iguacu\/\">leia mais<\/a><\/p>\n","protected":false},"author":33,"featured_media":11319,"comment_status":"open","ping_status":"open","sticky":false,"template":"","format":"standard","meta":{"jetpack_post_was_ever_published":false,"_jetpack_newsletter_access":"","_jetpack_dont_email_post_to_subs":false,"_jetpack_newsletter_tier_id":0,"_jetpack_memberships_contains_paywalled_content":false,"_jetpack_memberships_contains_paid_content":false,"footnotes":"","jetpack_publicize_message":"","jetpack_publicize_feature_enabled":true,"jetpack_social_post_already_shared":false,"jetpack_social_options":{"image_generator_settings":{"template":"highway","default_image_id":0,"font":"","enabled":false},"version":2}},"categories":[1],"tags":[],"class_list":["post-11318","post","type-post","status-publish","format-standard","has-post-thumbnail","hentry","category-principal"],"jetpack_publicize_connections":[],"jetpack_featured_media_url":"https:\/\/blogs.gazetaesportiva.com\/planeta-octogono\/files\/2014\/03\/ericksilvairmaos.jpg","jetpack_sharing_enabled":true,"jetpack_shortlink":"https:\/\/wp.me\/p6rqUQ-2Wy","_links":{"self":[{"href":"https:\/\/blogs.gazetaesportiva.com\/planeta-octogono\/wp-json\/wp\/v2\/posts\/11318","targetHints":{"allow":["GET"]}}],"collection":[{"href":"https:\/\/blogs.gazetaesportiva.com\/planeta-octogono\/wp-json\/wp\/v2\/posts"}],"about":[{"href":"https:\/\/blogs.gazetaesportiva.com\/planeta-octogono\/wp-json\/wp\/v2\/types\/post"}],"author":[{"embeddable":true,"href":"https:\/\/blogs.gazetaesportiva.com\/planeta-octogono\/wp-json\/wp\/v2\/users\/33"}],"replies":[{"embeddable":true,"href":"https:\/\/blogs.gazetaesportiva.com\/planeta-octogono\/wp-json\/wp\/v2\/comments?post=11318"}],"version-history":[{"count":0,"href":"https:\/\/blogs.gazetaesportiva.com\/planeta-octogono\/wp-json\/wp\/v2\/posts\/11318\/revisions"}],"wp:featuredmedia":[{"embeddable":true,"href":"https:\/\/blogs.gazetaesportiva.com\/planeta-octogono\/wp-json\/wp\/v2\/media\/11319"}],"wp:attachment":[{"href":"https:\/\/blogs.gazetaesportiva.com\/planeta-octogono\/wp-json\/wp\/v2\/media?parent=11318"}],"wp:term":[{"taxonomy":"category","embeddable":true,"href":"https:\/\/blogs.gazetaesportiva.com\/planeta-octogono\/wp-json\/wp\/v2\/categories?post=11318"},{"taxonomy":"post_tag","embeddable":true,"href":"https:\/\/blogs.gazetaesportiva.com\/planeta-octogono\/wp-json\/wp\/v2\/tags?post=11318"}],"curies":[{"name":"wp","href":"https:\/\/api.w.org\/{rel}","templated":true}]}}