{"id":11315,"date":"2014-03-18T17:20:31","date_gmt":"2014-03-18T20:20:31","guid":{"rendered":"https:\/\/blogs.gazetaesportiva.com\/planeta-octogono\/?p=11315"},"modified":"2014-03-18T17:20:31","modified_gmt":"2014-03-18T20:20:31","slug":"especial-ufc-natal-contando-com-ajuda-de-junior-cigano-francimar-bodao-aprova-duelo-contra-estreante-e-quer-usar-fator-casa-em-natal","status":"publish","type":"post","link":"https:\/\/blogs.gazetaesportiva.com\/planeta-octogono\/2014\/03\/18\/especial-ufc-natal-contando-com-ajuda-de-junior-cigano-francimar-bodao-aprova-duelo-contra-estreante-e-quer-usar-fator-casa-em-natal\/","title":{"rendered":"Especial UFC Natal &#8211; Contando com ajuda de J\u00fanior Cigano, Francimar Bod\u00e3o aprova duelo contra estreante e quer usar &#8216;fator casa&#8217; em Natal"},"content":{"rendered":"<figure id=\"attachment_11316\" aria-describedby=\"caption-attachment-11316\" style=\"width: 622px\" class=\"wp-caption aligncenter\"><a href=\"https:\/\/blogs.gazetaesportiva.com\/planeta-octogono\/files\/2014\/03\/francimarbodao1.jpg\"><img loading=\"lazy\" decoding=\"async\" class=\" wp-image-11316 \" alt=\"Francimar Bod\u00e3o (direita) quer segunda vit\u00f3ria no UFC - Alexandre Loureiro\/Inovafoto\" src=\"https:\/\/blogs.gazetaesportiva.com\/planeta-octogono\/files\/2014\/03\/francimarbodao1.jpg\" width=\"622\" height=\"432\" \/><\/a><figcaption id=\"caption-attachment-11316\" class=\"wp-caption-text\"><em><strong>Francimar Bod\u00e3o (direita) quer segunda vit\u00f3ria no UFC &#8211; Alexandre Loureiro\/Inovafoto<\/strong><\/em><\/figcaption><\/figure>\n<p>&nbsp;<\/p>\n<p>Ap\u00f3s estrear com vit\u00f3ria no UFC, na terceira edi\u00e7\u00e3o do evento no Rio de Janeiro, em agosto de 2013, Francimar Bod\u00e3o volta ao oct\u00f3gono em busca de firmar seu nome entre os pesos-pesados (at\u00e9 120kg) da organiza\u00e7\u00e3o. O atleta da Nova Uni\u00e3o dar\u00e1 as &#8220;boas-vindas&#8221; ao alem\u00e3o Hans Stringer, estreante no maior evento de MMA do mundo, no primeiro duelo do card preliminar do UFC Fight Night 39, dia 23 de mar\u00e7o, em Natal (RN).<\/p>\n<p>Os dois lutadores raramente deixam as lutas nas m\u00e3os dos ju\u00edzes, prometendo um belo &#8220;abre-alas&#8221; para o evento. Em 19 lutas, Bod\u00e3o soma 16 vit\u00f3rias, sendo oito por nocaute e seis por finaliza\u00e7\u00e3o, enquanto Stringer acumula 29 combates, com 21 triunfos, nove deles por nocaute e oito por submiss\u00e3o.<\/p>\n<p>&#8220;Acho que vai casar o jogo, porque \u00e9 um cara aceita a troca\u00e7\u00e3o, me sinto bem trocando. Gosto de lutar em cima, mas a gente sempre tem algo novo para tentar colocar em pr\u00e1tica. \u00c9 imprimir o jogo de sempre, tentando melhorar ainda mais a parte de ch\u00e3o, que pode ser um diferencial para vencer&#8221;, prev\u00ea.<\/p>\n<p>At\u00e9 chegar ao UFC, Stringer, de 26 anos, lutou somente em eventos na Europa, mas sua \u00faltima apresenta\u00e7\u00e3o foi nos Estados Unidos, pelo WSOF, em outubro de 2013, com um empate. Esta ser\u00e1 a segunda vez que o alem\u00e3o encara um brasileiro: em 2006, em sua segunda luta como profissional, perdeu para Igor Ara\u00fajo. Oito anos mais velho que o advers\u00e1rio, Bod\u00e3o tamb\u00e9m acumula experi\u00eancia internacional, com duas apresenta\u00e7\u00f5es na Jord\u00e2nia, e tem o diferencial de j\u00e1 ter estado dentro do oct\u00f3gono uma vez.<\/p>\n<p>&#8220;Estar em eventos na Holanda, Pol\u00f4nia e Alemanha mostra que tem um bom n\u00edvel. Apesar dele ainda n\u00e3o ter uma experi\u00eancia no UFC, ele luta fora de casa, pode vir como um franco-atirador e isso \u00e9 um perigo, j\u00e1 que tem m\u00e3os pesadas e um bom poder de nocaute&#8221;, adianta.<\/p>\n<p>No in\u00edcio da carreira, Francimar Bod\u00e3o viajou pelo Brasil para atuar nas principais pra\u00e7as do pa\u00eds, mas Natal n\u00e3o esteve no roteiro. Agora, depois de estrear no Rio de Janeiro, o peso-pesado vai lutar na cidade onde seus companheiros de Nova Uni\u00e3o Renan Bar\u00e3o, Jussier Formiga e Ronny Markes &#8211; estes dois \u00faltimos tamb\u00e9m no card &#8211; deram os primeiros passos no esporte.<\/p>\n<p>&#8220;Na minha estreia, pude ver como \u00e9 lutar em casa, mas para essa agora est\u00e1 outra coisa, por ter tantos companheiros de treino lutando juntos. N\u00f3s nos ajudamos muito no camp&#8221;, revela o lutador, acrescentando mais vantagens em lutar em casa. &#8220;Uma das melhores coisas de atuar no Brasil, al\u00e9m da torcida, \u00e9 o fator de n\u00e3o ter fuso hor\u00e1rio, a alimenta\u00e7\u00e3o estar certinha e quando acaba a luta, voc\u00ea j\u00e1 est\u00e1 no seu pa\u00eds. Acho que esses fatores nos ajudam bastante na hora do combate&#8221;.<\/p>\n<p>Al\u00e9m de poder fazer praticamente o mesmo camp que Ronny Markes, Bod\u00e3o tamb\u00e9m contou com a presen\u00e7a de Junior Cigano em boa parte de seus treinamentos. O ex-campe\u00e3o peso pesado do UFC se mudou para o Rio de Janeiro no \u00faltimo m\u00eas e passou a treinar na Nova Uni\u00e3o, motivando ainda mais os &#8220;grand\u00f5es&#8221; da academia.<\/p>\n<p>&#8220;Treinar com um atleta do n\u00edvel do Cigano \u00e9 demais, melhor imposs\u00edvel. Para muita gente ainda n\u00e3o caiu a ficha dele estar treinando aqui e poder nos ajudar. Ele j\u00e1 lutou contra os melhores, tem uma grande experi\u00eancia e muita coisa para passar para todos. O Cigano n\u00e3o alivia em treino nenhum e isso \u00e9 \u00f3timo (risos). Estou tirando o m\u00e1ximo que posso dessa conviv\u00eancia&#8221;, conta.<\/p>\n","protected":false},"excerpt":{"rendered":"<p>&nbsp; Ap\u00f3s estrear com vit\u00f3ria no UFC, na terceira edi\u00e7\u00e3o do evento no Rio de Janeiro, em agosto de 2013, Francimar Bod\u00e3o volta ao oct\u00f3gono <a class=\"read-more\" href=\"https:\/\/blogs.gazetaesportiva.com\/planeta-octogono\/2014\/03\/18\/especial-ufc-natal-contando-com-ajuda-de-junior-cigano-francimar-bodao-aprova-duelo-contra-estreante-e-quer-usar-fator-casa-em-natal\/\">leia mais<\/a><\/p>\n","protected":false},"author":33,"featured_media":11316,"comment_status":"open","ping_status":"open","sticky":false,"template":"","format":"standard","meta":{"jetpack_post_was_ever_published":false,"_jetpack_newsletter_access":"","_jetpack_dont_email_post_to_subs":false,"_jetpack_newsletter_tier_id":0,"_jetpack_memberships_contains_paywalled_content":false,"_jetpack_memberships_contains_paid_content":false,"footnotes":"","jetpack_publicize_message":"","jetpack_publicize_feature_enabled":true,"jetpack_social_post_already_shared":false,"jetpack_social_options":{"image_generator_settings":{"template":"highway","default_image_id":0,"font":"","enabled":false},"version":2}},"categories":[1],"tags":[],"class_list":["post-11315","post","type-post","status-publish","format-standard","has-post-thumbnail","hentry","category-principal"],"jetpack_publicize_connections":[],"jetpack_featured_media_url":"https:\/\/blogs.gazetaesportiva.com\/planeta-octogono\/files\/2014\/03\/francimarbodao1.jpg","jetpack_sharing_enabled":true,"jetpack_shortlink":"https:\/\/wp.me\/p6rqUQ-2Wv","_links":{"self":[{"href":"https:\/\/blogs.gazetaesportiva.com\/planeta-octogono\/wp-json\/wp\/v2\/posts\/11315","targetHints":{"allow":["GET"]}}],"collection":[{"href":"https:\/\/blogs.gazetaesportiva.com\/planeta-octogono\/wp-json\/wp\/v2\/posts"}],"about":[{"href":"https:\/\/blogs.gazetaesportiva.com\/planeta-octogono\/wp-json\/wp\/v2\/types\/post"}],"author":[{"embeddable":true,"href":"https:\/\/blogs.gazetaesportiva.com\/planeta-octogono\/wp-json\/wp\/v2\/users\/33"}],"replies":[{"embeddable":true,"href":"https:\/\/blogs.gazetaesportiva.com\/planeta-octogono\/wp-json\/wp\/v2\/comments?post=11315"}],"version-history":[{"count":0,"href":"https:\/\/blogs.gazetaesportiva.com\/planeta-octogono\/wp-json\/wp\/v2\/posts\/11315\/revisions"}],"wp:featuredmedia":[{"embeddable":true,"href":"https:\/\/blogs.gazetaesportiva.com\/planeta-octogono\/wp-json\/wp\/v2\/media\/11316"}],"wp:attachment":[{"href":"https:\/\/blogs.gazetaesportiva.com\/planeta-octogono\/wp-json\/wp\/v2\/media?parent=11315"}],"wp:term":[{"taxonomy":"category","embeddable":true,"href":"https:\/\/blogs.gazetaesportiva.com\/planeta-octogono\/wp-json\/wp\/v2\/categories?post=11315"},{"taxonomy":"post_tag","embeddable":true,"href":"https:\/\/blogs.gazetaesportiva.com\/planeta-octogono\/wp-json\/wp\/v2\/tags?post=11315"}],"curies":[{"name":"wp","href":"https:\/\/api.w.org\/{rel}","templated":true}]}}