{"id":11312,"date":"2014-03-18T17:17:26","date_gmt":"2014-03-18T20:17:26","guid":{"rendered":"https:\/\/blogs.gazetaesportiva.com\/planeta-octogono\/?p=11312"},"modified":"2014-03-18T17:17:26","modified_gmt":"2014-03-18T20:17:26","slug":"especial-ufc-natal-mais-disciplinado-rony-jason-promete-ir-para-cima-contra-americano-steven-silver","status":"publish","type":"post","link":"https:\/\/blogs.gazetaesportiva.com\/planeta-octogono\/2014\/03\/18\/especial-ufc-natal-mais-disciplinado-rony-jason-promete-ir-para-cima-contra-americano-steven-silver\/","title":{"rendered":"Especial UFC Natal &#8211; Mais disciplinado, Rony Jason promete ir para cima contra americano Steven Silver"},"content":{"rendered":"<figure id=\"attachment_11313\" aria-describedby=\"caption-attachment-11313\" style=\"width: 622px\" class=\"wp-caption aligncenter\"><a href=\"https:\/\/blogs.gazetaesportiva.com\/planeta-octogono\/files\/2014\/03\/484778_629118007116118_1247175914_n.jpg\"><img loading=\"lazy\" decoding=\"async\" class=\" wp-image-11313 \" alt=\"Rony Jason quer voltar a vencer no UFC em Natal - Ana Carolina\/Gazeta Press\" src=\"https:\/\/blogs.gazetaesportiva.com\/planeta-octogono\/files\/2014\/03\/484778_629118007116118_1247175914_n.jpg\" width=\"622\" height=\"432\" \/><\/a><figcaption id=\"caption-attachment-11313\" class=\"wp-caption-text\"><strong><em>Rony Jason quer voltar a vencer no UFC em Natal &#8211; Ana Carolina\/Gazeta Press<\/em><\/strong><\/figcaption><\/figure>\n<p>&nbsp;<\/p>\n<p>Um dos melhores pesos-penas (66kg) brasileiros dentro do UFC, Rony Jason enfrenta o norte-americano Steven Silver no UFC Fight Nght 39, em Natal (RN), neste domingo (23). A luta marcar\u00e1 o retorno do cearense dentro da maior organiza\u00e7\u00e3o de MMA do planeta. Seu \u00faltimo confronto tamb\u00e9m aconteceu em terra brasileiras. Na ocasi\u00e3o, ele acabou derrotado por Jeremy Stephens no UFC Fight Fight Night 32, realizado em novembro de 2013.<\/p>\n<p>&nbsp;<\/p>\n<p>Atleta do Team Nogueira, Jason optou por fazer sua prepara\u00e7\u00e3o no Rio Grande do Norte, estado que o acolheu durante a juventude. Treinando com nomes de primeiro n\u00edvel, ele cr\u00ea que sua disciplina e alimenta\u00e7\u00e3o far\u00e3o a diferen\u00e7a.<\/p>\n<p>&nbsp;<\/p>\n<p>\u201cAs pessoas que est\u00e3o aqui comigo fazem a diferen\u00e7a. Estou com companheiros de treinos de primeira qualidade, como o Patricio e Patricky Pitbull, Leandro Higo, F\u00e1bio Maldonado, entre outros. Claro que sinto falta das minhas amizades no Team Nogueira, mas aqui pude ficar mais disciplinado no dia a dia, trouxe meu irm\u00e3o para morar comigo, e isso tem sido muito importante nesta fase pr\u00e9-luta. Al\u00e9m disso, venho realizando um \u00f3timo trabalho de alimenta\u00e7\u00e3o e suplementa\u00e7\u00e3o, isso faz toda diferen\u00e7a\u201d, explicou.<\/p>\n<p>&nbsp;<\/p>\n<p>Consciente dos rumos de sua carreira, o lutador diz ter refletido sobre o resultado de sua \u00faltima apari\u00e7\u00e3o no UFC. Para ele, a derrota aconteceria mais cedo ou mais tarde, j\u00e1 que estava desde 2010 sem conhecer o sabor da derrota.<\/p>\n<p>&nbsp;<\/p>\n<p>\u201cA primeira coisa foi perceber que os mesmos que te elogiam e te colocam l\u00e1 em cima, te viram as costas depois. Eu sei que os que gostam de mim v\u00e3o estar ao meu lado independente dos resultados. Ningu\u00e9m entrar dentro do oct\u00f3gono para perder, todos entram querendo nocautear ou finalizar. Minha m\u00e3e me falou assim: \u201cEle tamb\u00e9m \u00e9 filho de Deus, voc\u00ea n\u00e3o vai ganhar sempre\u201d. Eu estava invicto h\u00e1 muito tempo, ent\u00e3o fiz muitas pessoas sentirem o que eu senti. Infelizmente n\u00e3o era o meu dia\u201d.<\/p>\n<p>&nbsp;<\/p>\n<p>Campe\u00e3o dos pesos-penas na primeira edi\u00e7\u00e3o do The Ultimate Fighter Brasil, Rony Jason busca sua quarta vit\u00f3ria no evento. Apesar de estar confiante, ele tem a dimens\u00e3o da pedreira que ter\u00e1 pela frente.<\/p>\n<p>&nbsp;<\/p>\n<p>\u201cSinceramente, vi muito pouco, mas o cara \u00e9 muito grande, bom de guilhotina, sai na m\u00e3o, derruba, vi o v\u00eddeo uma vez e parei, para n\u00e3o endeusar muito o cara (risos). Eu vou para briga com ele.\u00a0\u00a0Eu costumo colocar a foto dos meus advers\u00e1rios na parede, n\u00e3o para ter raiva dele, que \u00e9 um profissional como eu, mas para lembrar o motivo do meu sofrimento com treinamentos e perda de peso. Espero que ele esteja fazendo o mesmo, eu estou 100% pronto, o m\u00ednimo que posso esperar dele \u00e9 o mesmo\u201d, concluiu.<\/p>\n<p>&nbsp;<\/p>\n<p>Preste a completar 30 anos (faz anivers\u00e1rio no dia 21 de mar\u00e7o), Rony Jason fez sua estreia no MMA profissional em 2006. Natural de Quixad\u00e1 (CE), ele acumulou um cartel de dez vit\u00f3rias e tr\u00eas derrotas antes de entrar na casa do TUF Brasil 1.\u00a0\u00a0Na final do reality show, venceu o compatriota Godofredo Pepey em junho de 2012. A luta foi a primeira oficial do atleta do UFC, onde det\u00e9m um cartel de tr\u00eas vit\u00f3rias e uma derrota.<\/p>\n","protected":false},"excerpt":{"rendered":"<p>&nbsp; Um dos melhores pesos-penas (66kg) brasileiros dentro do UFC, Rony Jason enfrenta o norte-americano Steven Silver no UFC Fight Nght 39, em Natal (RN), <a class=\"read-more\" href=\"https:\/\/blogs.gazetaesportiva.com\/planeta-octogono\/2014\/03\/18\/especial-ufc-natal-mais-disciplinado-rony-jason-promete-ir-para-cima-contra-americano-steven-silver\/\">leia mais<\/a><\/p>\n","protected":false},"author":33,"featured_media":11313,"comment_status":"open","ping_status":"open","sticky":false,"template":"","format":"standard","meta":{"jetpack_post_was_ever_published":false,"_jetpack_newsletter_access":"","_jetpack_dont_email_post_to_subs":false,"_jetpack_newsletter_tier_id":0,"_jetpack_memberships_contains_paywalled_content":false,"_jetpack_memberships_contains_paid_content":false,"footnotes":"","jetpack_publicize_message":"","jetpack_publicize_feature_enabled":true,"jetpack_social_post_already_shared":false,"jetpack_social_options":{"image_generator_settings":{"template":"highway","default_image_id":0,"font":"","enabled":false},"version":2}},"categories":[1],"tags":[],"class_list":["post-11312","post","type-post","status-publish","format-standard","has-post-thumbnail","hentry","category-principal"],"jetpack_publicize_connections":[],"jetpack_featured_media_url":"https:\/\/blogs.gazetaesportiva.com\/planeta-octogono\/files\/2014\/03\/484778_629118007116118_1247175914_n.jpg","jetpack_sharing_enabled":true,"jetpack_shortlink":"https:\/\/wp.me\/p6rqUQ-2Ws","_links":{"self":[{"href":"https:\/\/blogs.gazetaesportiva.com\/planeta-octogono\/wp-json\/wp\/v2\/posts\/11312","targetHints":{"allow":["GET"]}}],"collection":[{"href":"https:\/\/blogs.gazetaesportiva.com\/planeta-octogono\/wp-json\/wp\/v2\/posts"}],"about":[{"href":"https:\/\/blogs.gazetaesportiva.com\/planeta-octogono\/wp-json\/wp\/v2\/types\/post"}],"author":[{"embeddable":true,"href":"https:\/\/blogs.gazetaesportiva.com\/planeta-octogono\/wp-json\/wp\/v2\/users\/33"}],"replies":[{"embeddable":true,"href":"https:\/\/blogs.gazetaesportiva.com\/planeta-octogono\/wp-json\/wp\/v2\/comments?post=11312"}],"version-history":[{"count":0,"href":"https:\/\/blogs.gazetaesportiva.com\/planeta-octogono\/wp-json\/wp\/v2\/posts\/11312\/revisions"}],"wp:featuredmedia":[{"embeddable":true,"href":"https:\/\/blogs.gazetaesportiva.com\/planeta-octogono\/wp-json\/wp\/v2\/media\/11313"}],"wp:attachment":[{"href":"https:\/\/blogs.gazetaesportiva.com\/planeta-octogono\/wp-json\/wp\/v2\/media?parent=11312"}],"wp:term":[{"taxonomy":"category","embeddable":true,"href":"https:\/\/blogs.gazetaesportiva.com\/planeta-octogono\/wp-json\/wp\/v2\/categories?post=11312"},{"taxonomy":"post_tag","embeddable":true,"href":"https:\/\/blogs.gazetaesportiva.com\/planeta-octogono\/wp-json\/wp\/v2\/tags?post=11312"}],"curies":[{"name":"wp","href":"https:\/\/api.w.org\/{rel}","templated":true}]}}