{"id":11307,"date":"2014-03-18T17:12:25","date_gmt":"2014-03-18T20:12:25","guid":{"rendered":"https:\/\/blogs.gazetaesportiva.com\/planeta-octogono\/?p=11307"},"modified":"2014-03-18T17:13:00","modified_gmt":"2014-03-18T20:13:00","slug":"especial-ufc-natal-sedento-por-primeira-vitoria-no-ufc-thiago-marreta-encara-ronny-markes-no-ufc-natal","status":"publish","type":"post","link":"https:\/\/blogs.gazetaesportiva.com\/planeta-octogono\/2014\/03\/18\/especial-ufc-natal-sedento-por-primeira-vitoria-no-ufc-thiago-marreta-encara-ronny-markes-no-ufc-natal\/","title":{"rendered":"Especial UFC Natal &#8211; Sedento por primeira vit\u00f3ria no UFC, Thiago Marreta encara Ronny Markes no UFC Natal"},"content":{"rendered":"<figure id=\"attachment_11308\" aria-describedby=\"caption-attachment-11308\" style=\"width: 647px\" class=\"wp-caption aligncenter\"><a href=\"https:\/\/blogs.gazetaesportiva.com\/planeta-octogono\/files\/2014\/03\/Thiago-Marreta.jpg\"><img loading=\"lazy\" decoding=\"async\" class=\"size-full wp-image-11308\" alt=\"Marreta (direita) quer vencer a primeira no UFC Natal - Divulga\u00e7\u00e3o UFC\/Josh Hedges\" src=\"https:\/\/blogs.gazetaesportiva.com\/planeta-octogono\/files\/2014\/03\/Thiago-Marreta.jpg\" width=\"647\" height=\"463\" \/><\/a><figcaption id=\"caption-attachment-11308\" class=\"wp-caption-text\"><strong><em>Marreta (direita) quer vencer a primeira no UFC Natal &#8211; Divulga\u00e7\u00e3o UFC\/Josh Hedges<\/em><\/strong><\/figcaption><\/figure>\n<p>&nbsp;<\/p>\n<div>\n<div>\n<div>\n<div>\n<div>\n<p>Quando entrar no oct\u00f3gono da maior organiza\u00e7\u00e3o do mundo no pr\u00f3ximo domingo (23), em Natal (RN), pelo UFC Fight Night 39, o carioca Thiago Marreta ter\u00e1 a miss\u00e3o de recuperar-se da derrota para Cezar Mutante no UFC 163, disputado em agosto de 2013, e mostrar que tem condi\u00e7\u00f5es de alcan\u00e7ar vida longa dentro do evento. Com um cartel de oito vit\u00f3rias e duas derrotas, o lutador, que ganhou notoriedade por sua participa\u00e7\u00e3o na segunda edi\u00e7\u00e3o do reality show The Ultimate Fighter Brasil, encara o compatriota Ronny Markes, em combate v\u00e1lido pelos pesos m\u00e9dios (84kg).<\/p>\n<p>Aos 30 anos, o atleta aposta em sua prepara\u00e7\u00e3o, que foi dividida entre o Brasil e os Estados Unidos, para retomar o caminho do sucesso e comprovar sua qualidade, j\u00e1 demonstrada em suas atua\u00e7\u00f5es dentro do pa\u00eds. Ap\u00f3s conseguir um in\u00edcio arrasador de sete vit\u00f3rias consecutivas na carreira, Marreta vai em busca de seu primeiro resultado positivo na organiza\u00e7\u00e3o norte-americana.<\/p>\n<\/div>\n<p>&#8220;Meu camp de treinamento para essa luta foi muito bem planejado e executado. Dividi meus trabalhos entre a TFT (Tat\u00e1 Fight Team), no Brasil, e a ATT (American Top Team), nos Estados Unidos, e acho que estou pronto para me apresentar da melhor maneira poss\u00edvel. Gostaria de agradecer aos meus mestres Tat\u00e1, Phillip Lima, al\u00e9m do Parrumpinha, Luciano Macarr\u00e3o, Katel Kubis e Everton, que foram fundamentais durante meus treinamentos na Fl\u00f3rida (EUA). A ajuda dessa galera ser\u00e1 primordial para que eu possa me apresentar bem e sair de l\u00e1 com o bra\u00e7o levantado&#8221;, disse.<\/p>\n<\/div>\n<p>Apesar de confiar na qualidade de seu camp, Marreta tem ci\u00eancia da pedreira que enfrentar\u00e1 no Nordeste. Ronny Markes, advers\u00e1rio da vez, est\u00e1 no UFC desde 2011 e conta com uma s\u00f3lida carreira, acumulando um total de 14 vit\u00f3rias e apenas duas derrotas. Confiante, ele parece ter a chave para sair vitorioso de mais essa batalha.<\/p>\n<\/div>\n<p>&#8220;\u00c9 um advers\u00e1rio complicado que tem boas qualidades, mas tenho certeza que estarei pronto para mais esta guerra. Onde a luta se desenrolar estarei disposto a dar o meu m\u00e1ximo, seja no alto ou no ch\u00e3o. Estou buscando muito essa vit\u00f3ria, acho que ser\u00e1 a primeira de muitas dentro do UFC. Quero voltar e vencer e engatar uma boa sequ\u00eancia de resultados dentro da organiza\u00e7\u00e3o. \u00c9 um sonho que pretendo realizar&#8221;.<\/p>\n<\/div>\n<p>Feliz com a oportunidade de lutar novamente em territ\u00f3rio brasileiro, Thiago Marreta confia que a energia positiva da torcida pode lhe dar um \u00e2nimo extra para superar o nono oponente em sua trajet\u00f3ria profissional.<\/p>\n<\/div>\n<p>&#8220;Fico satisfeito com a chance de lutar em um evento t\u00e3o importante e novamente dentro do meu pa\u00eds. \u00c9 uma emo\u00e7\u00e3o sempre especial e acho que isso motiva ainda mais os lutadores no momento de entrar dentro do oct\u00f3gono, \u00e9 diferente. Apesar de lutar contra um compatriota, espero contar com o apoio da galera. Esse \u00e9 um ano fundamental, quero\u00a0 vencer, convencer e mostrar que tenho muito valor. Esse ser\u00e1 meu ano de consolida\u00e7\u00e3o dentro do UFC&#8221;, concluiu.<\/p>\n<p>Natural do Rio de Janeiro, Thiago Marreta iniciou sua carreira no MMA profissional em 2010. Ex-paraquedista (serviu ao ex\u00e9rcito entre 2003 e 2010), ele teve uma \u00f3tima sequ\u00eancia de oito vit\u00f3rias e uma derrota antes de entrar na casa do TUF Brasil II. Com a boa participa\u00e7\u00e3o dentro do reality show, ganhou o direito de estrear no UFC 163 contra Cezar Mutante, em agosto de 2013.<\/p>\n","protected":false},"excerpt":{"rendered":"<p>&nbsp; Quando entrar no oct\u00f3gono da maior organiza\u00e7\u00e3o do mundo no pr\u00f3ximo domingo (23), em Natal (RN), pelo UFC Fight Night 39, o carioca Thiago <a class=\"read-more\" href=\"https:\/\/blogs.gazetaesportiva.com\/planeta-octogono\/2014\/03\/18\/especial-ufc-natal-sedento-por-primeira-vitoria-no-ufc-thiago-marreta-encara-ronny-markes-no-ufc-natal\/\">leia mais<\/a><\/p>\n","protected":false},"author":33,"featured_media":11308,"comment_status":"open","ping_status":"open","sticky":false,"template":"","format":"standard","meta":{"jetpack_post_was_ever_published":false,"_jetpack_newsletter_access":"","_jetpack_dont_email_post_to_subs":false,"_jetpack_newsletter_tier_id":0,"_jetpack_memberships_contains_paywalled_content":false,"_jetpack_memberships_contains_paid_content":false,"footnotes":"","jetpack_publicize_message":"","jetpack_publicize_feature_enabled":true,"jetpack_social_post_already_shared":false,"jetpack_social_options":{"image_generator_settings":{"template":"highway","default_image_id":0,"font":"","enabled":false},"version":2}},"categories":[1],"tags":[],"class_list":["post-11307","post","type-post","status-publish","format-standard","has-post-thumbnail","hentry","category-principal"],"jetpack_publicize_connections":[],"jetpack_featured_media_url":"https:\/\/blogs.gazetaesportiva.com\/planeta-octogono\/files\/2014\/03\/Thiago-Marreta.jpg","jetpack_sharing_enabled":true,"jetpack_shortlink":"https:\/\/wp.me\/p6rqUQ-2Wn","_links":{"self":[{"href":"https:\/\/blogs.gazetaesportiva.com\/planeta-octogono\/wp-json\/wp\/v2\/posts\/11307","targetHints":{"allow":["GET"]}}],"collection":[{"href":"https:\/\/blogs.gazetaesportiva.com\/planeta-octogono\/wp-json\/wp\/v2\/posts"}],"about":[{"href":"https:\/\/blogs.gazetaesportiva.com\/planeta-octogono\/wp-json\/wp\/v2\/types\/post"}],"author":[{"embeddable":true,"href":"https:\/\/blogs.gazetaesportiva.com\/planeta-octogono\/wp-json\/wp\/v2\/users\/33"}],"replies":[{"embeddable":true,"href":"https:\/\/blogs.gazetaesportiva.com\/planeta-octogono\/wp-json\/wp\/v2\/comments?post=11307"}],"version-history":[{"count":0,"href":"https:\/\/blogs.gazetaesportiva.com\/planeta-octogono\/wp-json\/wp\/v2\/posts\/11307\/revisions"}],"wp:featuredmedia":[{"embeddable":true,"href":"https:\/\/blogs.gazetaesportiva.com\/planeta-octogono\/wp-json\/wp\/v2\/media\/11308"}],"wp:attachment":[{"href":"https:\/\/blogs.gazetaesportiva.com\/planeta-octogono\/wp-json\/wp\/v2\/media?parent=11307"}],"wp:term":[{"taxonomy":"category","embeddable":true,"href":"https:\/\/blogs.gazetaesportiva.com\/planeta-octogono\/wp-json\/wp\/v2\/categories?post=11307"},{"taxonomy":"post_tag","embeddable":true,"href":"https:\/\/blogs.gazetaesportiva.com\/planeta-octogono\/wp-json\/wp\/v2\/tags?post=11307"}],"curies":[{"name":"wp","href":"https:\/\/api.w.org\/{rel}","templated":true}]}}