{"id":11294,"date":"2014-03-17T17:17:11","date_gmt":"2014-03-17T20:17:11","guid":{"rendered":"https:\/\/blogs.gazetaesportiva.com\/planeta-octogono\/?p=11294"},"modified":"2014-03-17T17:34:10","modified_gmt":"2014-03-17T20:34:10","slug":"com-lutadores-internacionais-evento-vip-fight-internacional-anuncia-evento-para-o-dia-29-de-marco-em-recife","status":"publish","type":"post","link":"https:\/\/blogs.gazetaesportiva.com\/planeta-octogono\/2014\/03\/17\/com-lutadores-internacionais-evento-vip-fight-internacional-anuncia-evento-para-o-dia-29-de-marco-em-recife\/","title":{"rendered":"Com lutadores internacionais, Vip Fight Internacional anuncia evento para o dia 29 de mar\u00e7o em Recife"},"content":{"rendered":"<figure id=\"attachment_11295\" aria-describedby=\"caption-attachment-11295\" style=\"width: 622px\" class=\"wp-caption aligncenter\"><a href=\"https:\/\/blogs.gazetaesportiva.com\/planeta-octogono\/files\/2014\/03\/vipfightinternacional.jpg\"><img loading=\"lazy\" decoding=\"async\" class=\" wp-image-11295 \" alt=\"Evento realiza edi\u00e7\u00e3o em Recife - Divulga\u00e7\u00e3o Vip Fight Internacional\" src=\"https:\/\/blogs.gazetaesportiva.com\/planeta-octogono\/files\/2014\/03\/vipfightinternacional.jpg\" width=\"622\" height=\"432\" \/><\/a><figcaption id=\"caption-attachment-11295\" class=\"wp-caption-text\"><strong><em>Evento realiza edi\u00e7\u00e3o em Recife &#8211; Divulga\u00e7\u00e3o Vip Fight Internacional<\/em><\/strong><\/figcaption><\/figure>\n<p>&nbsp;<\/p>\n<p>A cidade de Recife, capital pernambucana, ser\u00e1 palco de lutas internacionais no pr\u00f3ximo Vip Fight Internacional, evento que contar\u00e1 com 8 combates com atletas nordestinos enfrentando atletas da Argentina e Inglaterra, al\u00e9m da participa\u00e7\u00e3o, do ent\u00e3o l\u00edder do ranking nacional de MMA, o paraibano C\u00e1ssio \u201cJacar\u00e9\u201d, aluno de Mario \u201cSukata\u201d.<\/p>\n<p>&nbsp;<\/p>\n<p>\u201cConseguimos montar um card digno, com bons atletas brasileiros enfrentando atletas internacionais, tenho certeza que quem comparecer ao Clube Municipal do Paulista\u00a0n\u00e3o vai se arrepender.\u201d Afirma Daniel Uch\u00f4a, produtor do evento.<\/p>\n<p>&nbsp;<\/p>\n<p>C\u00e1ssio Barbosa de Oliveira, ou C\u00e1ssio \u201cJacar\u00e9\u201d, tem 13 vit\u00f3rias, 8 por finaliza\u00e7\u00e3o, sua especialidade, j\u00e1 que \u00e9 faixa preta da Mario Sukata Team, tem alunos e f\u00e3s que lhe seguem e apoiam em quaisquer circunst\u00e2ncias, a prova disso foi a mais de uma centena de pessoas pedindo por uma entrevista do nordestino em pesquisa feita\u00a0onde\u00a0a quest\u00e3o era qual atleta mereceria uma oportunidade no UFC.<\/p>\n<p style=\"text-align: center\"><strong><em>VIP Fight internacional II<\/em><\/strong><\/p>\n<p style=\"text-align: center\"><strong><em>S\u00e1bado, 29 de mar\u00e7o de 2014, \u00e0s 21h<\/em><\/strong><\/p>\n<p style=\"text-align: center\"><strong><em>Clube Municipal do Paulista,\u00a0Recife, Pernambuco<\/em><\/strong><\/p>\n<hr \/>\n<p style=\"text-align: center\"><strong><em>Card (sujeito a altera\u00e7\u00f5es)<\/em><\/strong><\/p>\n<p style=\"text-align: center\"><strong><em>Cat: 66kg &#8211;\u00a0Ezequias Radamante (Nine Nine) x Alex Moura (Instiga\u00e7\u00e3o Extreme Sports)<\/em><\/strong><\/p>\n<p style=\"text-align: center\"><strong><em>Cat: 57 kg &#8211;\u00a0Daniel Virg\u00edneo (Kimura Nova Uni\u00e3o) x St\u00eanio Silva Barbosa (Chute Fight)<\/em><\/strong><\/p>\n<p style=\"text-align: center\"><strong><em>Cat: 66 kg &#8211;\u00a0Diego \u201cFa\u00edsca\u201d Duarte (Kimura Nova Uni\u00e3o) x (Instiga\u00e7\u00e3o Extreme Sports)<\/em><\/strong><\/p>\n<p style=\"text-align: center\"><strong><em>Cat: 77 kg &#8211;\u00a0Gustavo \u201cCoveiro\u201d Batista (Sukata Fight Team) x Josmar \u201cCoruja\u201d (Geral Paiva Gold Team)<\/em><\/strong><\/p>\n<p style=\"text-align: center\"><strong><em>Cat: At\u00e9 120 kg &#8211;\u00a0Andrew Galotti (Wolfslair Academy) x \u00a0A definir<\/em><\/strong><\/p>\n<p style=\"text-align: center\"><strong><em>Cat: 93 kg &#8211;\u00a0Cassio \u201cJacar\u00e9\u201d Barbosa (Sukata Fight Team) x A definir<\/em><\/strong><\/p>\n<p style=\"text-align: center\"><strong><em>Cat: 77 kg &#8211;\u00a0Lukasz \u201cSkywalker\u201d Les (Wolfslair Academy Pol\u00f4nia) \u00a0x Josias \u201cAzul\u00e3o\u201d Queiroz (Geral Paiva Gold Team)<\/em><\/strong><\/p>\n<p style=\"text-align: center\"><strong><em>Cat: 93 kg &#8211;\u00a0Martin \u201cLa Maquina\u201d Ottaviano (Mario Sukata Academy Argentina) vs Anderson \u201cBad boy\u201d Cruz (Geral Paiva Gold Team)<\/em><\/strong><\/p>\n","protected":false},"excerpt":{"rendered":"<p>&nbsp; A cidade de Recife, capital pernambucana, ser\u00e1 palco de lutas internacionais no pr\u00f3ximo Vip Fight Internacional, evento que contar\u00e1 com 8 combates com atletas <a class=\"read-more\" href=\"https:\/\/blogs.gazetaesportiva.com\/planeta-octogono\/2014\/03\/17\/com-lutadores-internacionais-evento-vip-fight-internacional-anuncia-evento-para-o-dia-29-de-marco-em-recife\/\">leia mais<\/a><\/p>\n","protected":false},"author":33,"featured_media":11295,"comment_status":"open","ping_status":"open","sticky":false,"template":"","format":"standard","meta":{"jetpack_post_was_ever_published":false,"_jetpack_newsletter_access":"","_jetpack_dont_email_post_to_subs":false,"_jetpack_newsletter_tier_id":0,"_jetpack_memberships_contains_paywalled_content":false,"_jetpack_memberships_contains_paid_content":false,"footnotes":"","jetpack_publicize_message":"","jetpack_publicize_feature_enabled":true,"jetpack_social_post_already_shared":false,"jetpack_social_options":{"image_generator_settings":{"template":"highway","default_image_id":0,"font":"","enabled":false},"version":2}},"categories":[1],"tags":[],"class_list":["post-11294","post","type-post","status-publish","format-standard","has-post-thumbnail","hentry","category-principal"],"jetpack_publicize_connections":[],"jetpack_featured_media_url":"https:\/\/blogs.gazetaesportiva.com\/planeta-octogono\/files\/2014\/03\/vipfightinternacional.jpg","jetpack_sharing_enabled":true,"jetpack_shortlink":"https:\/\/wp.me\/p6rqUQ-2Wa","_links":{"self":[{"href":"https:\/\/blogs.gazetaesportiva.com\/planeta-octogono\/wp-json\/wp\/v2\/posts\/11294","targetHints":{"allow":["GET"]}}],"collection":[{"href":"https:\/\/blogs.gazetaesportiva.com\/planeta-octogono\/wp-json\/wp\/v2\/posts"}],"about":[{"href":"https:\/\/blogs.gazetaesportiva.com\/planeta-octogono\/wp-json\/wp\/v2\/types\/post"}],"author":[{"embeddable":true,"href":"https:\/\/blogs.gazetaesportiva.com\/planeta-octogono\/wp-json\/wp\/v2\/users\/33"}],"replies":[{"embeddable":true,"href":"https:\/\/blogs.gazetaesportiva.com\/planeta-octogono\/wp-json\/wp\/v2\/comments?post=11294"}],"version-history":[{"count":0,"href":"https:\/\/blogs.gazetaesportiva.com\/planeta-octogono\/wp-json\/wp\/v2\/posts\/11294\/revisions"}],"wp:featuredmedia":[{"embeddable":true,"href":"https:\/\/blogs.gazetaesportiva.com\/planeta-octogono\/wp-json\/wp\/v2\/media\/11295"}],"wp:attachment":[{"href":"https:\/\/blogs.gazetaesportiva.com\/planeta-octogono\/wp-json\/wp\/v2\/media?parent=11294"}],"wp:term":[{"taxonomy":"category","embeddable":true,"href":"https:\/\/blogs.gazetaesportiva.com\/planeta-octogono\/wp-json\/wp\/v2\/categories?post=11294"},{"taxonomy":"post_tag","embeddable":true,"href":"https:\/\/blogs.gazetaesportiva.com\/planeta-octogono\/wp-json\/wp\/v2\/tags?post=11294"}],"curies":[{"name":"wp","href":"https:\/\/api.w.org\/{rel}","templated":true}]}}