{"id":11290,"date":"2014-03-17T17:12:13","date_gmt":"2014-03-17T20:12:13","guid":{"rendered":"https:\/\/blogs.gazetaesportiva.com\/planeta-octogono\/?p=11290"},"modified":"2014-03-17T17:12:13","modified_gmt":"2014-03-17T20:12:13","slug":"especial-ufc-natal-de-volta-ao-ufc-thiago-bodao-prepara-cartao-de-visitas-para-estreia-nos-meio-medios-em-natal","status":"publish","type":"post","link":"https:\/\/blogs.gazetaesportiva.com\/planeta-octogono\/2014\/03\/17\/especial-ufc-natal-de-volta-ao-ufc-thiago-bodao-prepara-cartao-de-visitas-para-estreia-nos-meio-medios-em-natal\/","title":{"rendered":"Especial UFC Natal: De volta ao UFC, Thiago Bod\u00e3o prepara &#8216;cart\u00e3o de visitas&#8217; para estreia nos meio-m\u00e9dios, em Natal"},"content":{"rendered":"<p>&nbsp;<\/p>\n<figure id=\"attachment_11291\" aria-describedby=\"caption-attachment-11291\" style=\"width: 622px\" class=\"wp-caption aligncenter\"><a href=\"https:\/\/blogs.gazetaesportiva.com\/planeta-octogono\/files\/2014\/03\/bod\u00e3o2.jpg\"><img loading=\"lazy\" decoding=\"async\" class=\" wp-image-11291 \" alt=\"Bod\u00e3o (esquerda) retorna ao UFC em Natal neste pr\u00f3ximo fim de semana - Divulga\u00e7\u00e3o UFC\/Josh Hedges\" src=\"https:\/\/blogs.gazetaesportiva.com\/planeta-octogono\/files\/2014\/03\/bod\u00e3o2.jpg\" width=\"622\" height=\"432\" \/><\/a><figcaption id=\"caption-attachment-11291\" class=\"wp-caption-text\"><strong><em>Bod\u00e3o (esquerda) retorna ao UFC em Natal neste pr\u00f3ximo fim de semana &#8211; Divulga\u00e7\u00e3o UFC\/Josh Hedges<\/em><\/strong><\/figcaption><\/figure>\n<p>&nbsp;<\/p>\n<p>Thiago Bod\u00e3o se prepara para estrear entre os meio-m\u00e9dios (at\u00e9 77kg) do UFC no pr\u00f3ximo dia 23, em Natal. O advers\u00e1rio ser\u00e1 norte-americano Kenny Robertson, que em quatro duelos pelo Ultimate conquistou apenas uma vit\u00f3ria. Vindo de derrota, Bod\u00e3o quer estrear na nova categoria com um nocaute e deixar um belo cart\u00e3o de visitas para os f\u00e3s nordestinos.<\/p>\n<p>&nbsp;<\/p>\n<p>&#8220;Ele (Kenny Robertson) \u00e9 um cara muito explosivo, dif\u00edcil de colocar para baixo e com um bom ch\u00e3o. Mas n\u00e3o tem uma troca\u00e7\u00e3o confi\u00e1vel. N\u00e3o acredito que ele v\u00e1 querer trocar comigo, mas de qualquer forma preparei um cart\u00e3o de visitas para ele. Vou para cima com tudo, botar a m\u00e3o nele e dar um grande show para os f\u00e3s de Natal&#8221;, afirmou o atleta.<\/p>\n<p>&nbsp;<\/p>\n<p>A decis\u00e3o de descer de categoria aconteceu ap\u00f3s o nocaute sofrido diante o russo Omari Akhmedov, em novembro, no UFC Goi\u00e2nia. A desvantagem de tamanho para os demais atletas da categoria foi o principal fator para Bod\u00e3o optar por essa mudan\u00e7a.<\/p>\n<p>&nbsp;<\/p>\n<p>&#8220;N\u00e3o sou um cara alto para 84kg, na verdade sou relativamente baixo. Eu percebi que isso poderia me atrapalhar, e como sab\u00edamos que tinha coisa para queimar aqui, optamos por essa mudan\u00e7a. Estou me sentindo muito bem, muito forte. Tenho certeza que fiz a escolha certa, essa \u00e9 a minha categoria&#8221;, explicou o atleta de 1,82m.<\/p>\n<p>&nbsp;<\/p>\n<p>Aos 27 anos, Bod\u00e3o acumula em seu cartel nove vit\u00f3rias &#8211; sendo sete por nocaute &#8211; duas derrotas e um empate. Em 2012, o atleta ficou nacionalmente conhecido por participar da primeira edi\u00e7\u00e3o do &#8220;TUF Brasil&#8221;. Desde o ano passado..<\/p>\n","protected":false},"excerpt":{"rendered":"<p>&nbsp; &nbsp; Thiago Bod\u00e3o se prepara para estrear entre os meio-m\u00e9dios (at\u00e9 77kg) do UFC no pr\u00f3ximo dia 23, em Natal. O advers\u00e1rio ser\u00e1 norte-americano <a class=\"read-more\" href=\"https:\/\/blogs.gazetaesportiva.com\/planeta-octogono\/2014\/03\/17\/especial-ufc-natal-de-volta-ao-ufc-thiago-bodao-prepara-cartao-de-visitas-para-estreia-nos-meio-medios-em-natal\/\">leia mais<\/a><\/p>\n","protected":false},"author":33,"featured_media":11291,"comment_status":"open","ping_status":"open","sticky":false,"template":"","format":"standard","meta":{"jetpack_post_was_ever_published":false,"_jetpack_newsletter_access":"","_jetpack_dont_email_post_to_subs":false,"_jetpack_newsletter_tier_id":0,"_jetpack_memberships_contains_paywalled_content":false,"_jetpack_memberships_contains_paid_content":false,"footnotes":"","jetpack_publicize_message":"","jetpack_publicize_feature_enabled":true,"jetpack_social_post_already_shared":false,"jetpack_social_options":{"image_generator_settings":{"template":"highway","default_image_id":0,"font":"","enabled":false},"version":2}},"categories":[1],"tags":[],"class_list":["post-11290","post","type-post","status-publish","format-standard","has-post-thumbnail","hentry","category-principal"],"jetpack_publicize_connections":[],"jetpack_featured_media_url":"https:\/\/blogs.gazetaesportiva.com\/planeta-octogono\/files\/2014\/03\/bod\u00e3o2.jpg","jetpack_sharing_enabled":true,"jetpack_shortlink":"https:\/\/wp.me\/p6rqUQ-2W6","_links":{"self":[{"href":"https:\/\/blogs.gazetaesportiva.com\/planeta-octogono\/wp-json\/wp\/v2\/posts\/11290","targetHints":{"allow":["GET"]}}],"collection":[{"href":"https:\/\/blogs.gazetaesportiva.com\/planeta-octogono\/wp-json\/wp\/v2\/posts"}],"about":[{"href":"https:\/\/blogs.gazetaesportiva.com\/planeta-octogono\/wp-json\/wp\/v2\/types\/post"}],"author":[{"embeddable":true,"href":"https:\/\/blogs.gazetaesportiva.com\/planeta-octogono\/wp-json\/wp\/v2\/users\/33"}],"replies":[{"embeddable":true,"href":"https:\/\/blogs.gazetaesportiva.com\/planeta-octogono\/wp-json\/wp\/v2\/comments?post=11290"}],"version-history":[{"count":0,"href":"https:\/\/blogs.gazetaesportiva.com\/planeta-octogono\/wp-json\/wp\/v2\/posts\/11290\/revisions"}],"wp:featuredmedia":[{"embeddable":true,"href":"https:\/\/blogs.gazetaesportiva.com\/planeta-octogono\/wp-json\/wp\/v2\/media\/11291"}],"wp:attachment":[{"href":"https:\/\/blogs.gazetaesportiva.com\/planeta-octogono\/wp-json\/wp\/v2\/media?parent=11290"}],"wp:term":[{"taxonomy":"category","embeddable":true,"href":"https:\/\/blogs.gazetaesportiva.com\/planeta-octogono\/wp-json\/wp\/v2\/categories?post=11290"},{"taxonomy":"post_tag","embeddable":true,"href":"https:\/\/blogs.gazetaesportiva.com\/planeta-octogono\/wp-json\/wp\/v2\/tags?post=11290"}],"curies":[{"name":"wp","href":"https:\/\/api.w.org\/{rel}","templated":true}]}}