{"id":11285,"date":"2014-03-17T16:58:43","date_gmt":"2014-03-17T19:58:43","guid":{"rendered":"https:\/\/blogs.gazetaesportiva.com\/planeta-octogono\/?p=11285"},"modified":"2014-03-17T17:27:52","modified_gmt":"2014-03-17T20:27:52","slug":"segundo-episodio-do-tuf-brasil-classifica-mais-oito-lutadores-e-ameaca-de-wand-em-deixar-o-programa","status":"publish","type":"post","link":"https:\/\/blogs.gazetaesportiva.com\/planeta-octogono\/2014\/03\/17\/segundo-episodio-do-tuf-brasil-classifica-mais-oito-lutadores-e-ameaca-de-wand-em-deixar-o-programa\/","title":{"rendered":"Segundo epis\u00f3dio do TUF Brasil classifica mais oito lutadores e tem amea\u00e7a de Wand em deixar o programa"},"content":{"rendered":"<figure id=\"attachment_11165\" aria-describedby=\"caption-attachment-11165\" style=\"width: 620px\" class=\"wp-caption aligncenter\"><a href=\"https:\/\/blogs.gazetaesportiva.com\/planeta-octogono\/files\/2014\/03\/chaelsonnen_wanderleisilva_twitter_15.jpg\"><img loading=\"lazy\" decoding=\"async\" class=\"size-full wp-image-11165\" alt=\"Sonnen e Wanderlei discutem em escolha de equipes - Divulga\u00e7\u00e3o UFC\" src=\"https:\/\/blogs.gazetaesportiva.com\/planeta-octogono\/files\/2014\/03\/chaelsonnen_wanderleisilva_twitter_15.jpg\" width=\"620\" height=\"390\" \/><\/a><figcaption id=\"caption-attachment-11165\" class=\"wp-caption-text\"><strong><em>Sonnen e Wanderlei discutem em escolha de equipes &#8211; Divulga\u00e7\u00e3o UFC<\/em><\/strong><\/figcaption><\/figure>\n<p>&nbsp;<\/p>\n<p>No epis\u00f3dio exibido nesse domingo, dia 16 de mar\u00e7o, mais oito lutas definiram os \u00faltimos quatro pesos m\u00e9dios e quatro pesos pesados classificados para a casa do\u00a0<em>The Ultimate Fighter<\/em>\u00a0<em>Brasil 3<\/em>. Assim como no primeiro cap\u00edtulo, o alto n\u00edvel das batalhas surpreendeu os t\u00e9cnicos Wanderlei Silva e Chael Sonnen. Este, contudo, pareceu ser o \u00fanico ponto em comum entre os l\u00edderes dos times amarelo e verde, que tiveram seu primeiro grande desentendimento no programa.<\/p>\n<p>&nbsp;<\/p>\n<p>A rivalidade entre os veteranos do esporte j\u00e1 \u00e9 conhecida pelos f\u00e3s. Em diversas ocasi\u00f5es, Chael Sonnen\u00a0fez coment\u00e1rios sobre o Brasil, al\u00e9m de atacar diretamente \u00eddolos nacionais como Anderson Silva, Rog\u00e9rio \u201cMinotouro\u201d e o pr\u00f3prio Wanderlei Silva.\u00a0Mesmo as duas vit\u00f3rias do ex-campe\u00e3o dos pesos m\u00e9dios Anderson Silva sobre o americano n\u00e3o foram suficientes para vingar Wanderlei, que deixou seus sentimentos claros no programa desse domingo.<\/p>\n<p>&nbsp;<\/p>\n<p>Ao final das \u00faltimas oito lutas eliminat\u00f3rias, Wanderlei Silva e Chael Sonnen\u00a0seguiram para os tatames para escolher seus times, mas o \u201cCachorro Louco\u201d surpreendeu ao cobrar do rival um pedido de desculpas, em frente \u00e0s c\u00e2meras, a todos os brasileiros.<\/p>\n<p>&nbsp;<\/p>\n<p>\u201cPara que a gente consiga continuar o programa e voc\u00ea tenha a honra de ser t\u00e9cnico destes lutadores, eu pe\u00e7o que voc\u00ea vire para essa c\u00e2mera e pe\u00e7a desculpas pelo que voc\u00ea falou do nosso pa\u00eds. Se voc\u00ea n\u00e3o pedir desculpas, o show para por aqui\u201d, exigiu Wanderlei.<\/p>\n<p>&nbsp;<\/p>\n<p>\u201cEu n\u00e3o tenho problemas nenhum com os brasileiros. Meu problema \u00e9 com voc\u00ea\u201d, defendeu-se Sonnen.<\/p>\n<p>&nbsp;<\/p>\n<p>Wanderlei enfatizou que n\u00e3o continuaria no programa caso n\u00e3o ouvisse um pedido de desculpa. Declarando aceitar a sa\u00edda do oponente, Sonnen perguntou ainda se forneceriam um substituto para o brasileiro. Wanderlei, irritado,\u00a0retirou-se para os vesti\u00e1rios, seguido por sua equipe e a t\u00e9cnica assistente Isabel, que tentou convenc\u00ea-lo a retornar. Em uma conversa a s\u00f3s entre os t\u00e9cnicos, Sonnen declarou que n\u00e3o pediria desculpas \u201cnem em um milh\u00e3o de anos\u201d. Embora o epis\u00f3dio tenha terminado com o impasse, uma pr\u00e9via do cap\u00edtulo seguinte mostra os dois de volta \u00e0 escolha de times e Wanderlei declarando que Sonnen se desculpar\u00e1 da pior maneira: \u201cno dia da luta dos dois\u201d.<\/p>\n<p>&nbsp;<\/p>\n<p>Entenda como foram as lutas do segundo epis\u00f3dio:<\/p>\n<p>&nbsp;<\/p>\n<p><strong>Rick \u201cMonstro\u201d nocauteou Alexandre \u201cBebez\u00e3o\u201d \u2013 Peso Pesado<\/strong><\/p>\n<p>&nbsp;<\/p>\n<p>Engenheiro em uma multinacional alem\u00e3, Richardson Moreira vira\u00a0Rick \u201cMonstro\u201d quando entra para lutar. Sem conseguir esconder sua paix\u00e3o pelas artes marciais, o jovem de 29 anos conseguiu, com muito custo, convencer os pais a apoiar seu sonho de se tornar um lutador profissional. Rick j\u00e1 participou das lutas eliminat\u00f3rias de outra edi\u00e7\u00e3o do\u00a0<em>The Ultimate Fighter<\/em>\u00a0<em>Brasil,\u00a0<\/em>mas na \u00e9poca n\u00e3o garantiu a vit\u00f3ria para conquistar a sonhada chance de se tornar um atleta do UFC. Desta vez, por\u00e9m, foi diferente. Com sede de vit\u00f3ria, Rick n\u00e3o deu abertura ao atleta da Baixada Alexandre \u201cBebez\u00e3o\u201d e o nocauteou com apenas 20 segundos de combate.<\/p>\n<p>&nbsp;<\/p>\n<p><strong>Guilherme \u201cBomba\u201d finalizou Markus Perez \u201cMaluko\u201d- Peso M\u00e9dio<\/strong><\/p>\n<p>Ex-campe\u00e3o mundial de jiu-jitsu e ex-modelo, Guilherme \u201cBomba\u201d encontrou no MMA a realiza\u00e7\u00e3o profissional. O atleta mineiro n\u00e3o esconde que tem medo de lutar, mas afirma que, quando entra no oct\u00f3gono, s\u00f3 enxerga o seu desejo de ser campe\u00e3o. Como esperado, o faixa-preta buscou levar a luta para o ch\u00e3o logo no in\u00edcio, mas Markus \u201cMaluko\u201d defendeu bem, conseguindo encurralar o advers\u00e1rio e mant\u00ea-lo com as costas na grade, buscando uma guilhotina. Guilherme defendeu, conseguiu uma queda e, ap\u00f3s atingir Markus com alguns golpes no ch\u00e3o, encaixou um mata-le\u00e3o, arrancando os \u201ctr\u00eas tapinhas\u201d do oponente e garantindo sua vaga na casa do\u00a0<em>The Ultimate Fighter<\/em><strong><sup>\u00ae<\/sup><\/strong>\u00a0<em>Brasil 3.<\/em><\/p>\n<p><strong>Marcos \u201cPez\u00e3o\u201d finalizou Thiago \u201cBig Monster\u201d \u2013 Peso Pesado<\/strong><\/p>\n<p>Ap\u00f3s uma adolesc\u00eancia dif\u00edcil, que envolveu problemas com drogas, Marcos \u201cPez\u00e3o teve dentro de casa o exemplo para dar a volta por cima: o irm\u00e3o, atleta de jud\u00f4, foi sua inspira\u00e7\u00e3o para buscar novos caminhos. Apesar do tamanho intimidador de \u201cBig Monster\u201d, \u201cPez\u00e3o\u201d n\u00e3o demorou para acabar a luta. Aproveitando uma tentativa de queda do advers\u00e1rio, Marcos puxou-o para a guarda, encaixando uma guilhotina bem justa. Thiago acabou \u201capagado\u201d e \u201cPez\u00e3o\u201d foi mais um peso pesado classificado para a casa do\u00a0<em>The Ultimate Fighter<\/em>\u00a0<em>Brasil 3.<\/em><\/p>\n<p><strong>Ismael de Jesus \u201cMarmota\u201d venceu Pedro Paulino \u201cVinagre\u201d por nocaute t\u00e9cnico \u2013 Peso M\u00e9dio<\/strong><\/p>\n<p>O goiano Ismael \u201cMarmota\u201d treina com os dois campe\u00f5es brasileiros do UFC Jos\u00e9 Aldo e Renan Bar\u00e3o, mas, nesta eliminat\u00f3ria, sequer precisou mostrar as t\u00e9cnicas que pratica com os \u00eddolos do esporte. Isso porque, com apenas 40 segundos de luta, seu advers\u00e1rio percebeu ter quebrado o dedo ap\u00f3s uma queda. Os m\u00e9dicos prontamente atenderam \u201cVinagre\u201d, que n\u00e3o pode continuar no embate. Ismael foi considerado vencedor por nocaute t\u00e9cnico e garantiu sua vaga na casa.<\/p>\n<p><strong>Antonio Branj\u00e3o \u201cMontanha\u201d venceu Fernando Camol\u00eas por nocaute t\u00e9cnico \u2013 Peso Pesado<\/strong><\/p>\n<p>Antonio \u201cMontanha\u201d sofre o preconceito de ter escolhido as artes marciais mistas como profiss\u00e3o. O atleta da Team Nogueira, uma das maiores equipes do pa\u00eds, sofre com a falta de apoio de uma figura importante em sua vida: o pr\u00f3prio pai. Neste impasse, contudo, o peso pesado v\u00ea o est\u00edmulo para vencer. Na fase eliminat\u00f3ria da terceira temporada brasileira do reality show, \u201cMontanha\u201d enfrentou o amigo Fernando Camol\u00eas. Ap\u00f3s algum tempo medindo a dist\u00e2ncia, Camol\u00eas tomou a iniciativa e derrubou o advers\u00e1rio, atacando o p\u00e9 de \u201cMontanha\u201d em busca de uma finaliza\u00e7\u00e3o. O paulista ficou por cima durante a maior parte do primeiro round, mas os minutos seguintes foram diferentes; \u201cMontanha\u201d partiu para o double leg, derrubou Camol\u00eas e, no ground and pound, terminou o combate por nocaute t\u00e9cnico.<\/p>\n<p><strong>Warlley Alves venceu Wendell \u201cWar Machine Neg\u00e3o\u201d por decis\u00e3o dividida dos jurados \u2013 Peso M\u00e9dio<\/strong><\/p>\n<p>Apesar da experi\u00eancia de Wendell \u201cNeg\u00e3o\u201d, foi o mineiro de 23 anos Warlley Alves que conquistou mais uma vaga entre os pesos m\u00e9dios do\u00a0<em>The Ultimate Fighter<\/em><strong><\/strong><em>\u00a0Brasil 3<\/em>. Ciente das habilidades de Warlley na luta de p\u00e9, Wendell buscou uma luta mais agarrada, mas, quando conseguia levar o combate para o ch\u00e3o, tinha problemas para desenvolver seu jogo. Enquanto Wendell sofria com o desgaste f\u00edsico, seu advers\u00e1rio continuava desferindo golpes. O f\u00f4lego a mais fez a diferen\u00e7a no terceiro round, e Warlley foi mais um minero a conquistar uma vaga na casa do reality show.<\/p>\n<p><strong>Marcio \u201cLyoto\u201d finalizou Giuliano \u201cAlem\u00e3o\u201d \u2013 Peso M\u00e9dio<\/strong><\/p>\n<p>Marcio ganhou seu apelido pelo estilo de luta parecido com o ex-campe\u00e3o dos meio-pesados do UFC Lyoto Machida. Com muitos chutes altos, o catarinense foi minando o jogo de Giuliano, que, no meio do primeiro round, decidiu partir para cima do advers\u00e1rio. Apesar dos diretos potentes de \u201cAlem\u00e3o\u201d, \u201cLyoto\u201d usava seu kickboxing de alto n\u00edvel para esquivar. Em desvantagem, Giuliano partiu para a luta agarrada, mas M\u00e1rcio se desvencilhou, levando o advers\u00e1rio para o ch\u00e3o e desferindo diversos chutes fortes contra sua coxa.\u00a0No segundo round, \u201cLyoto\u201d voltou decidido a finalizar o combate, aproveitando o pesco\u00e7o exposto de Giuliano para pux\u00e1-lo para sua guarda e aplicar a guilhotina que lhe garantiu a \u00faltima vaga dos m\u00e9dios na casa do\u00a0<em>The Ultimate Fighter\u00a0<\/em><strong><\/strong><em>Brasil 3.<\/em><\/p>\n<p><strong>Vitor Miranda \u201cLex Luthor\u201d nocauteou Bruno Silva \u201cBlindado\u201d\u2013 Peso Pesado<\/strong><\/p>\n<p>O apelido \u00e9 de vil\u00e3o, mas Vitor Miranda mostra que a semelhan\u00e7a com o personagem s\u00f3 est\u00e1 no f\u00edsico. O atleta de 34 anos viveu um dos maiores dramas j\u00e1 contados na hist\u00f3ria do\u00a0<em>The Ultimate Fighter<\/em><strong><\/strong><em>\u00a0Brasil.\u00a0<\/em>Ele e a esposa perderam um filho de 4 anos, afogado na piscina da pr\u00f3pria casa, nos Estados Unidos. Ap\u00f3s esta trag\u00e9dia, o peso pesado pensou em desistir do seu sonho de lutar, mas a chegada de um novo beb\u00ea e o apoio de sua esposa lhe deram for\u00e7as para continuar. O atleta experiente comprovou suas caracter\u00edsticas da luta em p\u00e9 com um muay thai t\u00e9cnico e eficiente, mas tamb\u00e9m derrubou o advers\u00e1rio e foi superior no ch\u00e3o. Bruno provou o porqu\u00ea do apelido de \u201cBlindado\u201d, impressionando os t\u00e9cnicos com sua capacidade de absorver os golpes sem desistir. No segundo round, Vitor se manteve no mesmo ritmo, mas \u201cBlindado\u201d apostou no boxe, fazendo o advers\u00e1rio sentir o peso de suas m\u00e3os. Decidido a vencer, \u201cLex Luthor\u201d inverteu a posi\u00e7\u00e3o, manteve Bruno na grade e o nocauteou com um certeiro chute alto, encerrando com chave de ouro as batalhas eliminat\u00f3rias.<\/p>\n<p>Confira os 16 atletas classificados para a casa do\u00a0<em>The Ultimate Fighter<\/em><strong><\/strong><em>\u00a0Brasil 3:<\/em><\/p>\n<p>&nbsp;<\/p>\n<p><strong>Pesados:<\/strong><\/p>\n<p><strong>Antonio Carlos Junior \u201cCara de Sapato\u201d<\/strong>\u00a0(3-0-0), 23, Jo\u00e3o Pessoa, PB<\/p>\n<p><strong>Antonio Paulo Branj\u00e3o \u201cMontanha\u201d<\/strong>\u00a0(3-0-0), 25, Ub\u00e1, MG<\/p>\n<p><strong>Edgar Castaldelli Filho \u201cMagr\u00e3o\u201d<\/strong>\u00a0(12-4-0), 34, Rio de Janeiro, RJ<\/p>\n<p><strong>Job Kleber Melo \u201cCabo Job\u201d<\/strong>\u00a0(3-1-0), 34, Rio de Janeiro, RJ<\/p>\n<p><strong>Jollyson Francisco Sosaleta<\/strong>\u00a0(2-0-2), 30, Recife, PE<\/p>\n<p><strong>Marcos Rog\u00e9rio de Lima \u201cPez\u00e3o\u201d<\/strong>\u00a0(11-2-1), 28, S\u00e3o Paulo, SP<\/p>\n<p><strong>Richardson Moreira<\/strong>\u00a0(7-1-0), 29, Campinas, SP<\/p>\n<p><strong>Vitor Miranda \u201cLex Luthor\u201d<\/strong>\u00a0(9-3-0), 34, Joinville, SC<\/p>\n<p>&nbsp;<\/p>\n<p><strong>M\u00e9dios:<\/strong><\/p>\n<p><strong>Guilherme Vasconcelos \u201cBomba\u201d<\/strong>\u00a0(3-1-0), 27, Belo Horizonte, MG<\/p>\n<p><strong>Ismael de Jesus \u201cMarmota\u201d<\/strong>\u00a0(9-4-1), 33, Goi\u00e2nia, GO<\/p>\n<p><strong>Joilton Santos \u201cThe Peregrino\u201d<\/strong>\u00a0(9-2-1), 21, Campina Grande, PB<\/p>\n<p><strong>Marcio Alexandre Junior \u201cLyoto\u201d<\/strong>\u00a0(12-0-0), 24, Florian\u00f3polis, SC<\/p>\n<p><strong>Paulo Henrique Costa \u201cBorrachinha\u201d<\/strong>\u00a0(3-0-0), 22, Belo Horizonte, MG<\/p>\n<p><strong>Ricardo Abreu \u201cDemente\u201d<\/strong>\u00a0(4-0-0), 29, S\u00e3o Paulo, SP<\/p>\n<p><strong>Wagner Silva Gomes \u201cWagn\u00e3o\u201d<\/strong>\u00a0(3-0-0), 26, Vi\u00e7osa, MG<\/p>\n<p><strong>Warlley Alves de Andrade<\/strong>\u00a0(6-0-0), 22, Governador Valadares, MG<\/p>\n<p>&nbsp;<\/p>\n<p>** O\u00a0<em>The Ultimate Fighter<\/em><strong><\/strong><em>\u00a0Brasil 3\u00a0<\/em>vai ao ar todos os domingos na Rede Globo, ap\u00f3s o Big Brother Brasil. O programa tamb\u00e9m \u00e9 exibido \u00e0s quartas-feiras, no Canal Combate, \u00e0s 22h.<\/p>\n<p>A partir do pr\u00f3ximo epis\u00f3dio, os atletas de cada categoria ir\u00e3o se enfrentar semanalmente no oct\u00f3gono e determinar quem avan\u00e7a na competi\u00e7\u00e3o. Os dois finalistas de cada divis\u00e3o ir\u00e3o lutar em um evento ao vivo do UFC no Brasil, dia 31 de maio, que trar\u00e1 tamb\u00e9m a aguardada batalha entre Sonnen e Wanderlei.<\/p>\n","protected":false},"excerpt":{"rendered":"<p>&nbsp; No epis\u00f3dio exibido nesse domingo, dia 16 de mar\u00e7o, mais oito lutas definiram os \u00faltimos quatro pesos m\u00e9dios e quatro pesos pesados classificados para <a class=\"read-more\" href=\"https:\/\/blogs.gazetaesportiva.com\/planeta-octogono\/2014\/03\/17\/segundo-episodio-do-tuf-brasil-classifica-mais-oito-lutadores-e-ameaca-de-wand-em-deixar-o-programa\/\">leia mais<\/a><\/p>\n","protected":false},"author":33,"featured_media":0,"comment_status":"open","ping_status":"open","sticky":false,"template":"","format":"standard","meta":{"jetpack_post_was_ever_published":false,"_jetpack_newsletter_access":"","_jetpack_dont_email_post_to_subs":false,"_jetpack_newsletter_tier_id":0,"_jetpack_memberships_contains_paywalled_content":false,"_jetpack_memberships_contains_paid_content":false,"footnotes":"","jetpack_publicize_message":"","jetpack_publicize_feature_enabled":true,"jetpack_social_post_already_shared":false,"jetpack_social_options":{"image_generator_settings":{"template":"highway","default_image_id":0,"font":"","enabled":false},"version":2}},"categories":[1],"tags":[],"class_list":["post-11285","post","type-post","status-publish","format-standard","hentry","category-principal"],"jetpack_publicize_connections":[],"jetpack_featured_media_url":"","jetpack_sharing_enabled":true,"jetpack_shortlink":"https:\/\/wp.me\/p6rqUQ-2W1","_links":{"self":[{"href":"https:\/\/blogs.gazetaesportiva.com\/planeta-octogono\/wp-json\/wp\/v2\/posts\/11285","targetHints":{"allow":["GET"]}}],"collection":[{"href":"https:\/\/blogs.gazetaesportiva.com\/planeta-octogono\/wp-json\/wp\/v2\/posts"}],"about":[{"href":"https:\/\/blogs.gazetaesportiva.com\/planeta-octogono\/wp-json\/wp\/v2\/types\/post"}],"author":[{"embeddable":true,"href":"https:\/\/blogs.gazetaesportiva.com\/planeta-octogono\/wp-json\/wp\/v2\/users\/33"}],"replies":[{"embeddable":true,"href":"https:\/\/blogs.gazetaesportiva.com\/planeta-octogono\/wp-json\/wp\/v2\/comments?post=11285"}],"version-history":[{"count":0,"href":"https:\/\/blogs.gazetaesportiva.com\/planeta-octogono\/wp-json\/wp\/v2\/posts\/11285\/revisions"}],"wp:attachment":[{"href":"https:\/\/blogs.gazetaesportiva.com\/planeta-octogono\/wp-json\/wp\/v2\/media?parent=11285"}],"wp:term":[{"taxonomy":"category","embeddable":true,"href":"https:\/\/blogs.gazetaesportiva.com\/planeta-octogono\/wp-json\/wp\/v2\/categories?post=11285"},{"taxonomy":"post_tag","embeddable":true,"href":"https:\/\/blogs.gazetaesportiva.com\/planeta-octogono\/wp-json\/wp\/v2\/tags?post=11285"}],"curies":[{"name":"wp","href":"https:\/\/api.w.org\/{rel}","templated":true}]}}