{"id":11261,"date":"2014-03-15T14:00:18","date_gmt":"2014-03-15T17:00:18","guid":{"rendered":"https:\/\/blogs.gazetaesportiva.com\/planeta-octogono\/?p=11261"},"modified":"2014-03-15T14:00:18","modified_gmt":"2014-03-15T17:00:18","slug":"com-show-de-diego-sanchez-lutadores-passam-sufoco-para-bater-peso-em-pesagem-oficial-do-ufc-171-em-dallas","status":"publish","type":"post","link":"https:\/\/blogs.gazetaesportiva.com\/planeta-octogono\/2014\/03\/15\/com-show-de-diego-sanchez-lutadores-passam-sufoco-para-bater-peso-em-pesagem-oficial-do-ufc-171-em-dallas\/","title":{"rendered":"Com show de Diego Sanchez, lutadores passam sufoco para bater peso em pesagem oficial do UFC 171 em Dallas"},"content":{"rendered":"<figure id=\"attachment_11262\" aria-describedby=\"caption-attachment-11262\" style=\"width: 622px\" class=\"wp-caption aligncenter\"><a href=\"https:\/\/blogs.gazetaesportiva.com\/planeta-octogono\/files\/2014\/03\/1947590_10152267091276276_396342001_n.jpg\"><img loading=\"lazy\" decoding=\"async\" class=\" wp-image-11262 \" alt=\"Johny Hendricks precisou de duas horas para bater os 77 kg - Divulga\u00e7\u00e3o UFC\/Josh Hedges\" src=\"https:\/\/blogs.gazetaesportiva.com\/planeta-octogono\/files\/2014\/03\/1947590_10152267091276276_396342001_n.jpg\" width=\"622\" height=\"432\" \/><\/a><figcaption id=\"caption-attachment-11262\" class=\"wp-caption-text\"><em><strong>Johny Hendricks precisou de duas horas para bater os 77 kg &#8211; Divulga\u00e7\u00e3o UFC\/Josh Hedges<\/strong><\/em><\/figcaption><\/figure>\n<p>&nbsp;<\/p>\n<p>O UFC realizou nesta sexta feira a Pesagem Oficial da edi\u00e7\u00e3o 171 que acontece em Dallas neste s\u00e1bado.<\/p>\n<p>Contando com a disputa de cintur\u00e3o vago peso meio m\u00e9dio\u00a0ap\u00f3s Georges St.Pierre anunciar afastamento indefinido, o combate ser\u00e1 entre os americanos, Johny Hendricks e Robbie Lawler.<\/p>\n<p>Os lutadores nesta pesagem tiveram muitos problemas com a balan\u00e7a.<\/p>\n<p>Hendricks que n\u00e3o conseguiu bater o peso na primeira tentativa, precisou de duas horas para alcan\u00e7ar a marca e assim acabar com o risco do combate em n\u00e3o valer o cintur\u00e3o.<\/p>\n<p>Outros lutadores que tamb\u00e9m tiveram problemas foram Kelvin Gastelum e o brasileiro Renee Forte, por\u00e9m apenas Renee n\u00e3o atingiu seu objetivo e foi multado em 20% de sua bolsa.<\/p>\n<p>&nbsp;<\/p>\n<figure id=\"attachment_11263\" aria-describedby=\"caption-attachment-11263\" style=\"width: 622px\" class=\"wp-caption aligncenter\"><a href=\"https:\/\/blogs.gazetaesportiva.com\/planeta-octogono\/files\/2014\/03\/47394_10152267091211276_1952455192_n.jpg\"><img loading=\"lazy\" decoding=\"async\" class=\" wp-image-11263 \" alt=\"Hendricks e Lawler se encaram antes de evento - Divulga\u00e7\u00e3o UFC\/Josh Hedges\" src=\"https:\/\/blogs.gazetaesportiva.com\/planeta-octogono\/files\/2014\/03\/47394_10152267091211276_1952455192_n.jpg\" width=\"622\" height=\"432\" \/><\/a><figcaption id=\"caption-attachment-11263\" class=\"wp-caption-text\"><em><strong>Hendricks e Lawler se encaram antes de evento &#8211; Divulga\u00e7\u00e3o UFC\/Josh Hedges<\/strong><\/em><\/figcaption><\/figure>\n<p>&nbsp;<\/p>\n<p style=\"text-align: center\"><strong><em>[yframe url=&#8217;http:\/\/www.youtube.com\/watch?v=UaOee6Yh8fg&#8217;]<\/em><\/strong><\/p>\n<p style=\"text-align: center\">\n<figure id=\"attachment_11264\" aria-describedby=\"caption-attachment-11264\" style=\"width: 622px\" class=\"wp-caption aligncenter\"><a href=\"https:\/\/blogs.gazetaesportiva.com\/planeta-octogono\/files\/2014\/03\/1982356_10152267090901276_1478717403_n.jpg\"><img loading=\"lazy\" decoding=\"async\" class=\" wp-image-11264 \" alt=\"Carlos Condit enfrenta Tyron Woodley para definir futuro desafiante - Divulga\u00e7\u00e3o UFC\/Josh Hedges\" src=\"https:\/\/blogs.gazetaesportiva.com\/planeta-octogono\/files\/2014\/03\/1982356_10152267090901276_1478717403_n.jpg\" width=\"622\" height=\"432\" \/><\/a><figcaption id=\"caption-attachment-11264\" class=\"wp-caption-text\"><strong><em>Carlos Condit enfrenta Tyron Woodley para definir futuro desafiante &#8211; Divulga\u00e7\u00e3o UFC\/Josh Hedges<\/em><\/strong><\/figcaption><\/figure>\n<p>&nbsp;<\/p>\n<p>Os americanos Carlos Condit e Tyron Woodley se enfrentam na Co-Luta Principal do evento, para disputar quem ser\u00e1 o futuro desafiante dos meio m\u00e9dios.<\/p>\n<p>Condit que chegou a lutar pelo cintur\u00e3o mas foi derrotado por Georges St.Pierre, quer provar que merece uma nova chance mas Woodley quer estragar os planos do lutador.<\/p>\n<p>&nbsp;<\/p>\n<p style=\"text-align: center\"><strong><em>[yframe url=&#8217;http:\/\/www.youtube.com\/watch?v=xD9wP8Wmb0U&#8217;]<\/em><\/strong><\/p>\n<p style=\"text-align: center\">\n<figure id=\"attachment_11265\" aria-describedby=\"caption-attachment-11265\" style=\"width: 622px\" class=\"wp-caption aligncenter\"><a href=\"https:\/\/blogs.gazetaesportiva.com\/planeta-octogono\/files\/2014\/03\/1509676_10152267093111276_1816393157_n.jpg\"><img loading=\"lazy\" decoding=\"async\" class=\" wp-image-11265 \" alt=\"Diego Sanchez d\u00e1 show de simpatia e agita p\u00fablico em Dallas - Divulga\u00e7\u00e3o UFC\" src=\"https:\/\/blogs.gazetaesportiva.com\/planeta-octogono\/files\/2014\/03\/1509676_10152267093111276_1816393157_n.jpg\" width=\"622\" height=\"432\" \/><\/a><figcaption id=\"caption-attachment-11265\" class=\"wp-caption-text\"><strong><em>Diego Sanchez d\u00e1 show de carisma e agita p\u00fablico em Dallas &#8211; Divulga\u00e7\u00e3o UFC<\/em><\/strong><\/figcaption><\/figure>\n<p>&nbsp;<\/p>\n<p>O americano Diego Sanchez \u00e9 realmente um \u00eddolo em Dallas.<\/p>\n<p>Levantando o p\u00fablico com sua atitude intensa, o lutador deixou a torcida agitada em sua pesagem oficial em encarada contra Myles Jury.<\/p>\n<p>O lutador que em sua \u00faltima luta fez um dos maiores combates na hist\u00f3ria do MMA nos \u00faltimos anos contra Gilbert Melendez, testou sua popularidade e obteve um grande sucesso.<\/p>\n<p>&nbsp;<\/p>\n<p style=\"text-align: center\"><strong><em>[yframe url=&#8217;http:\/\/www.youtube.com\/watch?v=LpUV_uT2_KI&#8217;]<\/em><\/strong><\/p>\n<p style=\"text-align: center\">\n<figure id=\"attachment_11266\" aria-describedby=\"caption-attachment-11266\" style=\"width: 622px\" class=\"wp-caption aligncenter\"><a href=\"https:\/\/blogs.gazetaesportiva.com\/planeta-octogono\/files\/2014\/03\/1794755_10152267090316276_979103148_n.jpg\"><img loading=\"lazy\" decoding=\"async\" class=\" wp-image-11266 \" alt=\"J\u00e9ssica Andrade (direita) enfrenta Raquel Pennington - Divulga\u00e7\u00e3o UFC\/Josh Hegdes\" src=\"https:\/\/blogs.gazetaesportiva.com\/planeta-octogono\/files\/2014\/03\/1794755_10152267090316276_979103148_n.jpg\" width=\"622\" height=\"432\" \/><\/a><figcaption id=\"caption-attachment-11266\" class=\"wp-caption-text\"><strong><em>J\u00e9ssica Andrade (direita) enfrenta Raquel Pennington &#8211; Divulga\u00e7\u00e3o UFC\/Josh Hedges<\/em><\/strong><\/figcaption><\/figure>\n<p>&nbsp;<\/p>\n<p>Al\u00e9m de Renee Forte, o Brasil vai estar sendo representado pela lutadora J\u00e9ssica Andrade que n\u00e3o teve problemas com o peso e enfrenta a americana Raquel Pennington.<\/p>\n<p>&nbsp;<\/p>\n<p style=\"text-align: center\"><strong><em>Veja o Card do evento:<\/em><\/strong><\/p>\n<p style=\"text-align: center\">\n<p style=\"text-align: center\"><strong><em>UFC 171 &#8211; Hendricks vs Lawler<\/em><\/strong><\/p>\n<p style=\"text-align: center\"><strong><em>American Airlines Events Center &#8211; Dallas &#8211; Estados Unidos<\/em><\/strong><\/p>\n<p style=\"text-align: center\"><strong><em>15 de mar\u00e7o de 2014<\/em><\/strong><\/p>\n<p style=\"text-align: center\">\n<p style=\"text-align: center\"><strong><em>Card principal<\/em><\/strong><\/p>\n<p style=\"text-align: center\"><strong><em>Johny Hendricks x Robbie Lawler<\/em><\/strong><br \/>\n<strong><em>Carlos Condit x Tyron Woodley<\/em><\/strong><br \/>\n<strong><em>Diego Sanchez x Myles Jury<\/em><\/strong><br \/>\n<strong><em>Jake Shields x Hector Lombard<\/em><\/strong><br \/>\n<strong><em>Ovince St. Preux x Nikita Krylov<\/em><\/strong><\/p>\n<p style=\"text-align: center\"><strong><em>Card preliminar<\/em><\/strong><\/p>\n<p style=\"text-align: center\"><strong><em>Kelvin Gastelum x Rick Story<\/em><\/strong><br \/>\n<strong><em>Raquel Pennington x Jessica Andrade<\/em><\/strong><br \/>\n<strong><em>Dennis Bermudez x Jimy Hettes<\/em><\/strong><br \/>\n<strong><em>Sean Spencer x Alex Garcia<\/em><\/strong><br \/>\n<strong><em>Ren\u00e9e Forte \u00a0x Frank Trevino<\/em><\/strong><br \/>\n<strong><em>Will Campuzano x Justin Scoggins<\/em><\/strong><br \/>\n<strong><em>Bubba McDaniel x Sean Strickland<\/em><\/strong><\/p>\n<p style=\"text-align: center\">\n<p style=\"text-align: center\"><strong><em>Assista a pesagem na \u00edntegra:<\/em><\/strong><\/p>\n<p style=\"text-align: center\"><strong><em>[yframe url=&#8217;http:\/\/www.youtube.com\/watch?v=J47ncg-biFM&#8217;]<\/em><\/strong><\/p>\n<p style=\"text-align: center\">\n<p style=\"text-align: center\"><strong><em>[yframe url=&#8217;http:\/\/www.youtube.com\/watch?v=9cfA0_4hQJ8&#8242;]<\/em><\/strong><\/p>\n<p style=\"text-align: center\">\n","protected":false},"excerpt":{"rendered":"<p>&nbsp; O UFC realizou nesta sexta feira a Pesagem Oficial da edi\u00e7\u00e3o 171 que acontece em Dallas neste s\u00e1bado. Contando com a disputa de cintur\u00e3o <a class=\"read-more\" href=\"https:\/\/blogs.gazetaesportiva.com\/planeta-octogono\/2014\/03\/15\/com-show-de-diego-sanchez-lutadores-passam-sufoco-para-bater-peso-em-pesagem-oficial-do-ufc-171-em-dallas\/\">leia mais<\/a><\/p>\n","protected":false},"author":33,"featured_media":11266,"comment_status":"open","ping_status":"open","sticky":false,"template":"","format":"standard","meta":{"jetpack_post_was_ever_published":false,"_jetpack_newsletter_access":"","_jetpack_dont_email_post_to_subs":false,"_jetpack_newsletter_tier_id":0,"_jetpack_memberships_contains_paywalled_content":false,"_jetpack_memberships_contains_paid_content":false,"footnotes":"","jetpack_publicize_message":"","jetpack_publicize_feature_enabled":true,"jetpack_social_post_already_shared":false,"jetpack_social_options":{"image_generator_settings":{"template":"highway","default_image_id":0,"font":"","enabled":false},"version":2}},"categories":[1],"tags":[],"class_list":["post-11261","post","type-post","status-publish","format-standard","has-post-thumbnail","hentry","category-principal"],"jetpack_publicize_connections":[],"jetpack_featured_media_url":"https:\/\/blogs.gazetaesportiva.com\/planeta-octogono\/files\/2014\/03\/1794755_10152267090316276_979103148_n.jpg","jetpack_sharing_enabled":true,"jetpack_shortlink":"https:\/\/wp.me\/p6rqUQ-2VD","_links":{"self":[{"href":"https:\/\/blogs.gazetaesportiva.com\/planeta-octogono\/wp-json\/wp\/v2\/posts\/11261","targetHints":{"allow":["GET"]}}],"collection":[{"href":"https:\/\/blogs.gazetaesportiva.com\/planeta-octogono\/wp-json\/wp\/v2\/posts"}],"about":[{"href":"https:\/\/blogs.gazetaesportiva.com\/planeta-octogono\/wp-json\/wp\/v2\/types\/post"}],"author":[{"embeddable":true,"href":"https:\/\/blogs.gazetaesportiva.com\/planeta-octogono\/wp-json\/wp\/v2\/users\/33"}],"replies":[{"embeddable":true,"href":"https:\/\/blogs.gazetaesportiva.com\/planeta-octogono\/wp-json\/wp\/v2\/comments?post=11261"}],"version-history":[{"count":0,"href":"https:\/\/blogs.gazetaesportiva.com\/planeta-octogono\/wp-json\/wp\/v2\/posts\/11261\/revisions"}],"wp:featuredmedia":[{"embeddable":true,"href":"https:\/\/blogs.gazetaesportiva.com\/planeta-octogono\/wp-json\/wp\/v2\/media\/11266"}],"wp:attachment":[{"href":"https:\/\/blogs.gazetaesportiva.com\/planeta-octogono\/wp-json\/wp\/v2\/media?parent=11261"}],"wp:term":[{"taxonomy":"category","embeddable":true,"href":"https:\/\/blogs.gazetaesportiva.com\/planeta-octogono\/wp-json\/wp\/v2\/categories?post=11261"},{"taxonomy":"post_tag","embeddable":true,"href":"https:\/\/blogs.gazetaesportiva.com\/planeta-octogono\/wp-json\/wp\/v2\/tags?post=11261"}],"curies":[{"name":"wp","href":"https:\/\/api.w.org\/{rel}","templated":true}]}}