{"id":11257,"date":"2014-03-15T13:25:34","date_gmt":"2014-03-15T16:25:34","guid":{"rendered":"https:\/\/blogs.gazetaesportiva.com\/planeta-octogono\/?p=11257"},"modified":"2014-03-15T14:13:07","modified_gmt":"2014-03-15T17:13:07","slug":"conheca-os-vencedores-da-segunda-edicao-do-oscar-do-mma-brasileiro-o-premio-osvaldo-paqueta","status":"publish","type":"post","link":"https:\/\/blogs.gazetaesportiva.com\/planeta-octogono\/2014\/03\/15\/conheca-os-vencedores-da-segunda-edicao-do-oscar-do-mma-brasileiro-o-premio-osvaldo-paqueta\/","title":{"rendered":"Conhe\u00e7a os vencedores da segunda edi\u00e7\u00e3o do &#8220;Oscar do MMA Brasileiro&#8221;, o Pr\u00eamio Osvaldo Paquet\u00e1"},"content":{"rendered":"<figure id=\"attachment_11259\" aria-describedby=\"caption-attachment-11259\" style=\"width: 622px\" class=\"wp-caption aligncenter\"><a href=\"https:\/\/blogs.gazetaesportiva.com\/planeta-octogono\/files\/2014\/03\/Premio-Osvaldo-Paquet\u00e1.jpg\"><img loading=\"lazy\" decoding=\"async\" class=\" wp-image-11259 \" alt=\"Saiba quem venceu em elei\u00e7\u00e3o definida por voto popular - Divulga\u00e7\u00e3o\" src=\"https:\/\/blogs.gazetaesportiva.com\/planeta-octogono\/files\/2014\/03\/Premio-Osvaldo-Paquet\u00e1.jpg\" width=\"622\" height=\"432\" \/><\/a><figcaption id=\"caption-attachment-11259\" class=\"wp-caption-text\"><em><strong>Saiba quem venceu em elei\u00e7\u00e3o definida por voto popular &#8211; Divulga\u00e7\u00e3o<\/strong><\/em><\/figcaption><\/figure>\n<p>&nbsp;<\/p>\n<p>A cidade de Macei\u00f3 recebeu a segunda edi\u00e7\u00e3o do Pr\u00eamio Osvaldo Paquet\u00e1, considerado o Oscar do MMA Brasileiro.<\/p>\n<p>Em uma festa de gala e com presen\u00e7a de diversas autoridades e nomes do MMA Nacional, o evento foi apresentado pela jornalista Renata Aymor\u00e9 que foi respons\u00e1vel em anunciar os vencedores deste ano.<\/p>\n<p>Com diversas categorias, a vota\u00e7\u00e3o foi feita via internet e o p\u00fablico decidiu os vencedores de cada categoria que tinha cinco op\u00e7\u00f5es em cada uma delas.<\/p>\n<p>&nbsp;<\/p>\n<p style=\"text-align: center\"><strong><em>Veja os vencedores do Pr\u00eamio Osvaldo Paquet\u00e1:<\/em><\/strong><\/p>\n<p style=\"text-align: center\"><em><strong>Organiza\u00e7\u00e3o do ano<\/strong><\/em><\/p>\n<p style=\"text-align: center\"><em><strong>Coliseu Extreme Fight<\/strong><\/em><\/p>\n<p style=\"text-align: center\"><em><strong>Evento revela\u00e7\u00e3o<\/strong><\/em><\/p>\n<p style=\"text-align: center\"><em><strong>Circuito Talent de MMA<\/strong><\/em><\/p>\n<p style=\"text-align: center\"><em><strong>Edi\u00e7\u00e3o do ano<\/strong><\/em><\/p>\n<p style=\"text-align: center\"><em><strong>Jungle Fight #59<\/strong><\/em><\/p>\n<p style=\"text-align: center\"><em><strong>Equipe do ano<br \/>\n<\/strong><\/em><br \/>\n<em><strong>Nova Uni\u00e3o<\/strong><\/em><\/p>\n<p style=\"text-align: center\"><em><strong>Treinador do ano\u00a0<\/strong><\/em><\/p>\n<p style=\"text-align: center\"><em><strong>Jair Louren\u00e7o<\/strong><\/em><\/p>\n<p style=\"text-align: center\"><em><strong>\u00c1rbitros do ano\u00a0<\/strong><\/em><\/p>\n<p style=\"text-align: center\"><em><strong>Flavio Almendra \u2013 RJ<\/strong><\/em><\/p>\n<p style=\"text-align: center\"><em><strong>Cage Girl do ano<\/strong><\/em><\/p>\n<p style=\"text-align: center\"><em><strong>Thays Pires Le\u00e3o \u2013 RS<\/strong><\/em><\/p>\n<p style=\"text-align: center\"><em><strong>Announcer<\/strong><\/em><\/p>\n<p style=\"text-align: center\"><em><strong>Tarcizio Manzano (Coliseu EF)<\/strong><\/em><\/p>\n<p style=\"text-align: center\"><em><strong>Lutador do ano<\/strong><\/em><\/p>\n<p style=\"text-align: center\"><em><strong>Thomas Almeida (Chute Boxe Diego Lima | Gold Team)<\/strong><\/em><\/p>\n<p style=\"text-align: center\"><em><strong>Lutadora do ano<\/strong><\/em><\/p>\n<p style=\"text-align: center\"><em><strong>Talita Treta (Gracie Fusion)<\/strong><\/em><\/p>\n<p style=\"text-align: center\"><em><strong>Revela\u00e7\u00e3o do ano<\/strong><\/em><\/p>\n<p style=\"text-align: center\"><em><strong>Gabriel Checco (Chute Boxe Diego Lima | Gold Team)<\/strong><\/em><\/p>\n<p style=\"text-align: center\"><em><strong>Luta do ano<\/strong><\/em><\/p>\n<p style=\"text-align: center\"><em><strong>Giovanni Dinniz vs Lucas Bob Espoja (WOCS 32)<br \/>\n<\/strong><\/em><\/p>\n<p style=\"text-align: center\"><em><strong>Nocaute do ano<\/strong><\/em><\/p>\n<p style=\"text-align: center\"><em><strong>Wendell \u201cNeg\u00e3o\u201d Oliveira em Zez\u00e3o \u201cTrator\u201d no (Smash Fight 1)<br \/>\n<\/strong><\/em><\/p>\n<p style=\"text-align: center\"><em><strong>Finaliza\u00e7\u00e3o do ano\u00a0<\/strong><\/em><\/p>\n<p style=\"text-align: center\"><em><strong>Kalindra Faria vs Carina Damm (MMA Super Heroes 1)<br \/>\n<\/strong><\/em><\/p>\n<p style=\"text-align: center\"><em><strong>Virada do ano\u00a0<\/strong><\/em><\/p>\n<p style=\"text-align: center\"><em><strong>Thomas Almeida vs Valdines Silva (Super Heroes 1)<br \/>\n<\/strong><\/em><\/p>\n<p style=\"text-align: center\"><em><strong>Personalidade do MMA de 2013<\/strong><\/em><\/p>\n<p style=\"text-align: center\"><em><strong>Luiz Prota \u2013 Esporte Interativo<\/strong><\/em><\/p>\n","protected":false},"excerpt":{"rendered":"<p>&nbsp; A cidade de Macei\u00f3 recebeu a segunda edi\u00e7\u00e3o do Pr\u00eamio Osvaldo Paquet\u00e1, considerado o Oscar do MMA Brasileiro. Em uma festa de gala e <a class=\"read-more\" href=\"https:\/\/blogs.gazetaesportiva.com\/planeta-octogono\/2014\/03\/15\/conheca-os-vencedores-da-segunda-edicao-do-oscar-do-mma-brasileiro-o-premio-osvaldo-paqueta\/\">leia mais<\/a><\/p>\n","protected":false},"author":33,"featured_media":11259,"comment_status":"open","ping_status":"open","sticky":false,"template":"","format":"standard","meta":{"jetpack_post_was_ever_published":false,"_jetpack_newsletter_access":"","_jetpack_dont_email_post_to_subs":false,"_jetpack_newsletter_tier_id":0,"_jetpack_memberships_contains_paywalled_content":false,"_jetpack_memberships_contains_paid_content":false,"footnotes":"","jetpack_publicize_message":"","jetpack_publicize_feature_enabled":true,"jetpack_social_post_already_shared":false,"jetpack_social_options":{"image_generator_settings":{"template":"highway","default_image_id":0,"font":"","enabled":false},"version":2}},"categories":[1],"tags":[],"class_list":["post-11257","post","type-post","status-publish","format-standard","has-post-thumbnail","hentry","category-principal"],"jetpack_publicize_connections":[],"jetpack_featured_media_url":"https:\/\/blogs.gazetaesportiva.com\/planeta-octogono\/files\/2014\/03\/Premio-Osvaldo-Paquet\u00e1.jpg","jetpack_sharing_enabled":true,"jetpack_shortlink":"https:\/\/wp.me\/p6rqUQ-2Vz","_links":{"self":[{"href":"https:\/\/blogs.gazetaesportiva.com\/planeta-octogono\/wp-json\/wp\/v2\/posts\/11257","targetHints":{"allow":["GET"]}}],"collection":[{"href":"https:\/\/blogs.gazetaesportiva.com\/planeta-octogono\/wp-json\/wp\/v2\/posts"}],"about":[{"href":"https:\/\/blogs.gazetaesportiva.com\/planeta-octogono\/wp-json\/wp\/v2\/types\/post"}],"author":[{"embeddable":true,"href":"https:\/\/blogs.gazetaesportiva.com\/planeta-octogono\/wp-json\/wp\/v2\/users\/33"}],"replies":[{"embeddable":true,"href":"https:\/\/blogs.gazetaesportiva.com\/planeta-octogono\/wp-json\/wp\/v2\/comments?post=11257"}],"version-history":[{"count":0,"href":"https:\/\/blogs.gazetaesportiva.com\/planeta-octogono\/wp-json\/wp\/v2\/posts\/11257\/revisions"}],"wp:featuredmedia":[{"embeddable":true,"href":"https:\/\/blogs.gazetaesportiva.com\/planeta-octogono\/wp-json\/wp\/v2\/media\/11259"}],"wp:attachment":[{"href":"https:\/\/blogs.gazetaesportiva.com\/planeta-octogono\/wp-json\/wp\/v2\/media?parent=11257"}],"wp:term":[{"taxonomy":"category","embeddable":true,"href":"https:\/\/blogs.gazetaesportiva.com\/planeta-octogono\/wp-json\/wp\/v2\/categories?post=11257"},{"taxonomy":"post_tag","embeddable":true,"href":"https:\/\/blogs.gazetaesportiva.com\/planeta-octogono\/wp-json\/wp\/v2\/tags?post=11257"}],"curies":[{"name":"wp","href":"https:\/\/api.w.org\/{rel}","templated":true}]}}