{"id":11250,"date":"2014-03-15T13:07:39","date_gmt":"2014-03-15T16:07:39","guid":{"rendered":"https:\/\/blogs.gazetaesportiva.com\/planeta-octogono\/?p=11250"},"modified":"2014-03-15T13:07:39","modified_gmt":"2014-03-15T16:07:39","slug":"xfc-realiza-segunda-edicao-em-osasco-na-rede-tv-com-flavio-alvaro-e-kalindra-faria-neste-sabado","status":"publish","type":"post","link":"https:\/\/blogs.gazetaesportiva.com\/planeta-octogono\/2014\/03\/15\/xfc-realiza-segunda-edicao-em-osasco-na-rede-tv-com-flavio-alvaro-e-kalindra-faria-neste-sabado\/","title":{"rendered":"XFC realiza segunda edi\u00e7\u00e3o em Osasco na Rede TV com Fl\u00e1vio \u00c1lvaro e Kalindra Faria neste s\u00e1bado"},"content":{"rendered":"<figure id=\"attachment_11251\" aria-describedby=\"caption-attachment-11251\" style=\"width: 622px\" class=\"wp-caption aligncenter\"><a href=\"https:\/\/blogs.gazetaesportiva.com\/planeta-octogono\/files\/2014\/03\/xfcbrasil-2-foto3.jpg\"><img loading=\"lazy\" decoding=\"async\" class=\" wp-image-11251 \" alt=\"Fl\u00e1vio \u00c1lvaro faz estr\u00e9ia no XFC neste s\u00e1bado - DIvulga\u00e7\u00e3o XFC\/ Wayne Camargo\" src=\"https:\/\/blogs.gazetaesportiva.com\/planeta-octogono\/files\/2014\/03\/xfcbrasil-2-foto3.jpg\" width=\"622\" height=\"432\" \/><\/a><figcaption id=\"caption-attachment-11251\" class=\"wp-caption-text\"><em><strong>Fl\u00e1vio \u00c1lvaro (esquerda) faz estr\u00e9ia no XFC neste s\u00e1bado &#8211; Divulga\u00e7\u00e3o XFC\/ Wayne Camargo<\/strong><\/em><\/figcaption><\/figure>\n<p>&nbsp;<\/p>\n<p>O duelo entre\u00a0Adson &#8216;Pregui\u00e7a&#8217;\u00a0e\u00a0Fl\u00e1vio &#8216;The Legendary&#8217;\u00a0\u00e9 o grande destaque da segunda edi\u00e7\u00e3o do\u00a0XFC Brasil, que acontece na madrugada deste s\u00e1bado para domingo, \u00e0 0h30, com transmiss\u00e3o ao vivo pela\u00a0RedeTV!.\u00a0As mulheres tamb\u00e9m marcam presen\u00e7a no hex\u00e1gono e far\u00e3o a co-luta principal: as brasileiras\u00a0Aline Serio\u00a0e\u00a0Kalindra Faria\u00a0se enfrentam na categoria\u00a0Peso Palha.<\/p>\n<p>&nbsp;<\/p>\n<p>Nos outros duelos do card principal, brasileiros enfrentam advers\u00e1rios da Am\u00e9rica Latina. Na primeira luta,\u00a0Luan Gazetta\u00a0tenta vencer o argentino\u00a0Bruno Cannetti.\u00a0J\u00e1 Pedro J\u00fanior ter\u00e1 pela frente o mexicano\u00a0Erick Monta\u00f1o.<\/p>\n<p>&nbsp;<\/p>\n<p>Na pesagem, realizada nesta sexta-feira (14), todos os lutadores conseguiram atingir as metas e bateram o peso requerido nas categorias na pesagem oficial do\u00a0XFC\u00a0(Xtreme Fighting Championships). O evento foi realizado nos est\u00fadios da\u00a0RedeTV!.<\/p>\n<p>&nbsp;<\/p>\n<figure id=\"attachment_11252\" aria-describedby=\"caption-attachment-11252\" style=\"width: 622px\" class=\"wp-caption aligncenter\"><a href=\"https:\/\/blogs.gazetaesportiva.com\/planeta-octogono\/files\/2014\/03\/xfcbrasil2-foto2.jpg\"><img loading=\"lazy\" decoding=\"async\" class=\" wp-image-11252 \" alt=\"Kalindra Faria e Aline S\u00e9rio se enfrentam no evento - Divulga\u00e7\u00e3o XFC\/Wayne Camargo\" src=\"https:\/\/blogs.gazetaesportiva.com\/planeta-octogono\/files\/2014\/03\/xfcbrasil2-foto2.jpg\" width=\"622\" height=\"432\" \/><\/a><figcaption id=\"caption-attachment-11252\" class=\"wp-caption-text\"><em><strong>Kalindra Faria e Aline S\u00e9rio se enfrentam no evento &#8211; Divulga\u00e7\u00e3o XFC\/Wayne Camargo<\/strong><\/em><\/figcaption><\/figure>\n<p>&nbsp;<\/p>\n<p style=\"text-align: center\"><em><strong>Segundo evento no Brasil<\/strong><\/em><\/p>\n<p>&nbsp;<\/p>\n<p>A primeira edi\u00e7\u00e3o do XFC no Brasil foi realizada no dia 8 de fevereiro e mais nove eventos est\u00e3o programados em 2014. Para a segunda edi\u00e7\u00e3o deste s\u00e1bado, o hex\u00e1gono (ringue da modalidade) foi novamente montado nas instala\u00e7\u00f5es da RedeTV!, em um est\u00fadio de 1.500 metros quadrados. A c\u00e2mera no peito do ju\u00edz, exclusiva do XFC, marcar\u00e1 presen\u00e7a mais uma vez com imagens diretas da a\u00e7\u00e3o.<\/p>\n<p>&nbsp;<\/p>\n<p>Lucilene Caetano\u00a0(apresenta\u00e7\u00e3o),\u00a0Fernando Navarro\u00a0(coment\u00e1rios) e\u00a0Marcelo do \u00d3\u00a0(narra\u00e7\u00e3o) comandam a transmiss\u00e3o, ao vivo, a meia noite e meia, \u00a0as quatro lutas do\u00a0card principal.<\/p>\n<p>&nbsp;<\/p>\n<p style=\"text-align: center\"><strong><em>Card Principal do XFC Brasil 2:<\/em><\/strong><\/p>\n<p style=\"text-align: center\"><strong><em>\u00a0<\/em><\/strong><\/p>\n<p style=\"text-align: center\"><strong><em>GP Peso Pena (66 kg)<\/em><\/strong><\/p>\n<p style=\"text-align: center\"><strong><em>Bruno Cannetti (Argentina) X Luan Gazetta (Brasil)\u00a0<\/em><\/strong><\/p>\n<p style=\"text-align: center\"><strong><em>\u00a0<\/em><\/strong><\/p>\n<p style=\"text-align: center\"><strong><em>GP Peso Meio-M\u00e9dio (77 kg)<\/em><\/strong><\/p>\n<p style=\"text-align: center\"><strong><em>Erick Monta\u00f1o (M\u00e9xico) X Pedro Junior (Brasil)\u00a0<\/em><\/strong><\/p>\n<p style=\"text-align: center\"><strong><em>\u00a0<\/em><\/strong><\/p>\n<p style=\"text-align: center\"><strong><em>Co-luta principal: Peso Palha (52.2 kg)<\/em><\/strong><\/p>\n<p style=\"text-align: center\"><strong><em>Aline Serio (Brasil) X Kalindra Faria (Brasil)<\/em><\/strong><\/p>\n<p style=\"text-align: center\"><strong><em>\u00a0<\/em><\/strong><\/p>\n<p style=\"text-align: center\"><strong><em>Luta Principal: Peso Leve (70.3 kg)<\/em><\/strong><\/p>\n<p style=\"text-align: center\"><strong><em>Adson Lira (Brasil) X Flavio Alvaro (Brasil) \u00a0<\/em><\/strong><\/p>\n<p>&nbsp;<\/p>\n<p>&nbsp;<\/p>\n<p>Fundado em 2006, com escrit\u00f3rios localizados na Fl\u00f3rida, Estados Unidos, o XFC (Xtreme Fighting Championships) \u00e9 uma corpora\u00e7\u00e3o que promove lutas de artes marciais mistas pelos Estados Unidos. Atualmente, possui escrit\u00f3rios em S\u00e3o Paulo e em Buenos Aires e, desde a sua funda\u00e7\u00e3o, realizou 27 edi\u00e7\u00f5es, sendo apenas uma organizada fora dos Estados Unidos, no Chipre, em outubro de 2010.<\/p>\n","protected":false},"excerpt":{"rendered":"<p>&nbsp; O duelo entre\u00a0Adson &#8216;Pregui\u00e7a&#8217;\u00a0e\u00a0Fl\u00e1vio &#8216;The Legendary&#8217;\u00a0\u00e9 o grande destaque da segunda edi\u00e7\u00e3o do\u00a0XFC Brasil, que acontece na madrugada deste s\u00e1bado para domingo, \u00e0 0h30, <a class=\"read-more\" href=\"https:\/\/blogs.gazetaesportiva.com\/planeta-octogono\/2014\/03\/15\/xfc-realiza-segunda-edicao-em-osasco-na-rede-tv-com-flavio-alvaro-e-kalindra-faria-neste-sabado\/\">leia mais<\/a><\/p>\n","protected":false},"author":33,"featured_media":11252,"comment_status":"open","ping_status":"open","sticky":false,"template":"","format":"standard","meta":{"jetpack_post_was_ever_published":false,"_jetpack_newsletter_access":"","_jetpack_dont_email_post_to_subs":false,"_jetpack_newsletter_tier_id":0,"_jetpack_memberships_contains_paywalled_content":false,"_jetpack_memberships_contains_paid_content":false,"footnotes":"","jetpack_publicize_message":"","jetpack_publicize_feature_enabled":true,"jetpack_social_post_already_shared":false,"jetpack_social_options":{"image_generator_settings":{"template":"highway","default_image_id":0,"font":"","enabled":false},"version":2}},"categories":[1],"tags":[],"class_list":["post-11250","post","type-post","status-publish","format-standard","has-post-thumbnail","hentry","category-principal"],"jetpack_publicize_connections":[],"jetpack_featured_media_url":"https:\/\/blogs.gazetaesportiva.com\/planeta-octogono\/files\/2014\/03\/xfcbrasil2-foto2.jpg","jetpack_sharing_enabled":true,"jetpack_shortlink":"https:\/\/wp.me\/p6rqUQ-2Vs","_links":{"self":[{"href":"https:\/\/blogs.gazetaesportiva.com\/planeta-octogono\/wp-json\/wp\/v2\/posts\/11250","targetHints":{"allow":["GET"]}}],"collection":[{"href":"https:\/\/blogs.gazetaesportiva.com\/planeta-octogono\/wp-json\/wp\/v2\/posts"}],"about":[{"href":"https:\/\/blogs.gazetaesportiva.com\/planeta-octogono\/wp-json\/wp\/v2\/types\/post"}],"author":[{"embeddable":true,"href":"https:\/\/blogs.gazetaesportiva.com\/planeta-octogono\/wp-json\/wp\/v2\/users\/33"}],"replies":[{"embeddable":true,"href":"https:\/\/blogs.gazetaesportiva.com\/planeta-octogono\/wp-json\/wp\/v2\/comments?post=11250"}],"version-history":[{"count":0,"href":"https:\/\/blogs.gazetaesportiva.com\/planeta-octogono\/wp-json\/wp\/v2\/posts\/11250\/revisions"}],"wp:featuredmedia":[{"embeddable":true,"href":"https:\/\/blogs.gazetaesportiva.com\/planeta-octogono\/wp-json\/wp\/v2\/media\/11252"}],"wp:attachment":[{"href":"https:\/\/blogs.gazetaesportiva.com\/planeta-octogono\/wp-json\/wp\/v2\/media?parent=11250"}],"wp:term":[{"taxonomy":"category","embeddable":true,"href":"https:\/\/blogs.gazetaesportiva.com\/planeta-octogono\/wp-json\/wp\/v2\/categories?post=11250"},{"taxonomy":"post_tag","embeddable":true,"href":"https:\/\/blogs.gazetaesportiva.com\/planeta-octogono\/wp-json\/wp\/v2\/tags?post=11250"}],"curies":[{"name":"wp","href":"https:\/\/api.w.org\/{rel}","templated":true}]}}