{"id":11246,"date":"2014-03-15T12:59:40","date_gmt":"2014-03-15T15:59:40","guid":{"rendered":"https:\/\/blogs.gazetaesportiva.com\/planeta-octogono\/?p=11246"},"modified":"2014-03-15T12:59:56","modified_gmt":"2014-03-15T15:59:56","slug":"lutando-neste-ufc-171-renee-forte-aposta-em-treinamento-pesado-para-vencer-trevino","status":"publish","type":"post","link":"https:\/\/blogs.gazetaesportiva.com\/planeta-octogono\/2014\/03\/15\/lutando-neste-ufc-171-renee-forte-aposta-em-treinamento-pesado-para-vencer-trevino\/","title":{"rendered":"Lutando neste UFC 171, Renee Forte aposta em treinamento pesado para vencer Trevino"},"content":{"rendered":"<figure id=\"attachment_11247\" aria-describedby=\"caption-attachment-11247\" style=\"width: 368px\" class=\"wp-caption aligncenter\"><a href=\"https:\/\/blogs.gazetaesportiva.com\/planeta-octogono\/files\/2014\/03\/Ren\u00e9e-Forte.jpg\"><img loading=\"lazy\" decoding=\"async\" class=\" wp-image-11247 \" alt=\"Lutador retorna ao UFC neste s\u00e1bado - Divulga\u00e7\u00e3o Koral\" src=\"https:\/\/blogs.gazetaesportiva.com\/planeta-octogono\/files\/2014\/03\/Ren\u00e9e-Forte.jpg\" width=\"368\" height=\"560\" \/><\/a><figcaption id=\"caption-attachment-11247\" class=\"wp-caption-text\"><em><strong>Lutador retorna ao UFC neste s\u00e1bado &#8211; Divulga\u00e7\u00e3o Koral<\/strong><\/em><\/figcaption><\/figure>\n<p>&nbsp;<\/p>\n<p>Escalado para enfrentar o mexicano Francisco Trevino no UFC 171, marcado para o pr\u00f3ximo s\u00e1bado (15), em Dallas (EUA), o brasileiro\u00a0Ren\u00e9e\u00a0Forte vai em busca da sua segunda vit\u00f3ria na maior organiza\u00e7\u00e3o de MMA do planeta. Ex-participante da primeira edi\u00e7\u00e3o do reality show The Ultimate Fighter Brasil, o cearense acumula um cartel de oito vit\u00f3rias e tr\u00eas derrotas ao longo de sua carreira.<\/p>\n<p>&nbsp;<\/p>\n<p>O atleta, mostrou-se satisfeito com a prepara\u00e7\u00e3o realizada no nordeste e fez quest\u00e3o de elogiar os lutadores da regi\u00e3o. A caminho de sua primeira luta em 2014, Forte prefere n\u00e3o fazer proje\u00e7\u00f5es para o decorrer da temporada e procura progredir no evento passo a passo.<\/p>\n<p>&nbsp;<\/p>\n<p>\u201cFiz meus treinamentos em Macei\u00f3 e Fortaleza. Foram quatro semanas em cada cidade, estou muito bem preparado para essa luta. Vou para vencer. Sempre achei e ainda acho que os futuros campe\u00f5es do UFC est\u00e3o no nordeste do Brasil. J\u00e1 estou habituado com o UFC e minha meta por enquanto \u00e9 ir crescendo passo a passo, o foco \u00e9 total na pr\u00f3xima luta\u201d, comentou.<\/p>\n<p>&nbsp;<\/p>\n<p>Ciente das dificuldades em enfrentar Trevino, que ainda est\u00e1 invicto na carreira (11 vit\u00f3rias),\u00a0Ren\u00e9e\u00a0aposta em seu \u00e1rduo trabalho de prepara\u00e7\u00e3o para superar as qualidades do seu oponente.<\/p>\n<p>&nbsp;<\/p>\n<p>\u201cSei que \u00e9 um advers\u00e1rio dif\u00edcil. Tem boa base no muay thai, ent\u00e3o \u00e9 preciso ter bastante cuidado com o jogo dele. Acho que o trabalho realizado no meu camp de prepara\u00e7\u00e3o vai ser um grande diferencial para que eu possa sair vitorioso de mais essa batalha\u201d<\/p>\n<p>&nbsp;<\/p>\n<p>Ambientado com os pesos leves (70kg) ap\u00f3s duas lutas no UFC &#8211; estreou no novo peso com vit\u00f3ria sobre Terry Etim no UFC on Fuel TV 7 em fevereiro de 2013 &#8211; o brasileiro elogiou o alto n\u00edvel da divis\u00e3o e se colocou entre os brasileiros que mais se destacam nesta categoria.<\/p>\n<p>&nbsp;<\/p>\n<p>&nbsp;<\/p>\n<p>\u201cAcredito que a categoria dos leves seja a mais bem disputa de toda a organiza\u00e7\u00e3o. N\u00e3o tem como destacar apenas um como o melhor, j\u00e1 que existem v\u00e1rios lutadores de qualidade. Acho que estou come\u00e7ando bem a trajet\u00f3ria nesse peso e espero me destacar ainda mais. N\u00e3o conhe\u00e7o nenhum lutador brasileiro que tenha competido entre os leves, os meio-m\u00e9dios e os m\u00e9dios, quero fazer hist\u00f3ria&#8221;, concluiu.<\/p>\n<p>&nbsp;<\/p>\n<p>Aos 26 anos,\u00a0Ren\u00e9e\u00a0Forte iniciou no MMA profissional em 2006. Depois de emplacar uma sequ\u00eancia de sete vit\u00f3rias e apenas uma derrota, conquistou o direito de entrar na casa do TUF Brasil 1 ao derrotar na fase eliminat\u00f3ria.Fabio Bolinho. Ap\u00f3s a participa\u00e7\u00e3o do reality show, ganhou a oportunidade de ingressar no UFC contra Serginho Moraes no UFC 153, disputado em outubro de 2012.<\/p>\n","protected":false},"excerpt":{"rendered":"<p>&nbsp; Escalado para enfrentar o mexicano Francisco Trevino no UFC 171, marcado para o pr\u00f3ximo s\u00e1bado (15), em Dallas (EUA), o brasileiro\u00a0Ren\u00e9e\u00a0Forte vai em busca <a class=\"read-more\" href=\"https:\/\/blogs.gazetaesportiva.com\/planeta-octogono\/2014\/03\/15\/lutando-neste-ufc-171-renee-forte-aposta-em-treinamento-pesado-para-vencer-trevino\/\">leia mais<\/a><\/p>\n","protected":false},"author":33,"featured_media":11247,"comment_status":"open","ping_status":"open","sticky":false,"template":"","format":"standard","meta":{"jetpack_post_was_ever_published":false,"_jetpack_newsletter_access":"","_jetpack_dont_email_post_to_subs":false,"_jetpack_newsletter_tier_id":0,"_jetpack_memberships_contains_paywalled_content":false,"_jetpack_memberships_contains_paid_content":false,"footnotes":"","jetpack_publicize_message":"","jetpack_publicize_feature_enabled":true,"jetpack_social_post_already_shared":false,"jetpack_social_options":{"image_generator_settings":{"template":"highway","default_image_id":0,"font":"","enabled":false},"version":2}},"categories":[1],"tags":[591,592],"class_list":["post-11246","post","type-post","status-publish","format-standard","has-post-thumbnail","hentry","category-principal","tag-renee-forte","tag-ufc-171"],"jetpack_publicize_connections":[],"jetpack_featured_media_url":"https:\/\/blogs.gazetaesportiva.com\/planeta-octogono\/files\/2014\/03\/Ren\u00e9e-Forte.jpg","jetpack_sharing_enabled":true,"jetpack_shortlink":"https:\/\/wp.me\/p6rqUQ-2Vo","_links":{"self":[{"href":"https:\/\/blogs.gazetaesportiva.com\/planeta-octogono\/wp-json\/wp\/v2\/posts\/11246","targetHints":{"allow":["GET"]}}],"collection":[{"href":"https:\/\/blogs.gazetaesportiva.com\/planeta-octogono\/wp-json\/wp\/v2\/posts"}],"about":[{"href":"https:\/\/blogs.gazetaesportiva.com\/planeta-octogono\/wp-json\/wp\/v2\/types\/post"}],"author":[{"embeddable":true,"href":"https:\/\/blogs.gazetaesportiva.com\/planeta-octogono\/wp-json\/wp\/v2\/users\/33"}],"replies":[{"embeddable":true,"href":"https:\/\/blogs.gazetaesportiva.com\/planeta-octogono\/wp-json\/wp\/v2\/comments?post=11246"}],"version-history":[{"count":0,"href":"https:\/\/blogs.gazetaesportiva.com\/planeta-octogono\/wp-json\/wp\/v2\/posts\/11246\/revisions"}],"wp:featuredmedia":[{"embeddable":true,"href":"https:\/\/blogs.gazetaesportiva.com\/planeta-octogono\/wp-json\/wp\/v2\/media\/11247"}],"wp:attachment":[{"href":"https:\/\/blogs.gazetaesportiva.com\/planeta-octogono\/wp-json\/wp\/v2\/media?parent=11246"}],"wp:term":[{"taxonomy":"category","embeddable":true,"href":"https:\/\/blogs.gazetaesportiva.com\/planeta-octogono\/wp-json\/wp\/v2\/categories?post=11246"},{"taxonomy":"post_tag","embeddable":true,"href":"https:\/\/blogs.gazetaesportiva.com\/planeta-octogono\/wp-json\/wp\/v2\/tags?post=11246"}],"curies":[{"name":"wp","href":"https:\/\/api.w.org\/{rel}","templated":true}]}}