{"id":11224,"date":"2014-03-14T15:03:53","date_gmt":"2014-03-14T18:03:53","guid":{"rendered":"https:\/\/blogs.gazetaesportiva.com\/planeta-octogono\/?p=11224"},"modified":"2014-03-14T15:04:03","modified_gmt":"2014-03-14T18:04:03","slug":"veja-os-melhores-momentos-do-treino-aberto-na-edicao-171-do-ufc-em-dallas","status":"publish","type":"post","link":"https:\/\/blogs.gazetaesportiva.com\/planeta-octogono\/2014\/03\/14\/veja-os-melhores-momentos-do-treino-aberto-na-edicao-171-do-ufc-em-dallas\/","title":{"rendered":"Veja os melhores momentos do treino aberto na edi\u00e7\u00e3o 171 do UFC em Dallas"},"content":{"rendered":"<figure id=\"attachment_11226\" aria-describedby=\"caption-attachment-11226\" style=\"width: 622px\" class=\"wp-caption aligncenter\"><a href=\"https:\/\/blogs.gazetaesportiva.com\/planeta-octogono\/files\/2014\/03\/1904092_10152262858436276_1706214937_n.jpg\"><img loading=\"lazy\" decoding=\"async\" class=\" wp-image-11226 \" alt=\"Veja os melhores momentos do treino aberto do UFC - Divulga\u00e7\u00e3o UFC\/Josh Hedges\" src=\"https:\/\/blogs.gazetaesportiva.com\/planeta-octogono\/files\/2014\/03\/1904092_10152262858436276_1706214937_n.jpg\" width=\"622\" height=\"432\" \/><\/a><figcaption id=\"caption-attachment-11226\" class=\"wp-caption-text\"><em><strong>Veja os melhores momentos do treino aberto do UFC &#8211; Divulga\u00e7\u00e3o UFC\/Josh Hedges<\/strong><\/em><\/figcaption><\/figure>\n<p>&nbsp;<\/p>\n<p>O UFC realizou nesta quarta feira, o treino aberto com suas estrelas da edi\u00e7\u00e3o 171 que acontece neste s\u00e1bado na cidade de Dallas nos Estados Unidos.<\/p>\n<p>Definindo o novo campe\u00e3o meio m\u00e9dio da organiza\u00e7\u00e3o j\u00e1 que Georges St.Pierre anunciou seu afastamento do MMA por tempo indeterminado, Johny Hendricks e Robbie Lawler se enfrentam pelo t\u00edtulo.<\/p>\n<p>Al\u00e9m da luta principal, o esperado duelo entre Carlos Condit e Tyron Woodley pode definir o primeiro desafiante do novo campe\u00e3o que ser\u00e1 conhecido neste s\u00e1bado.<\/p>\n<p>O treino aberto contou com lutadores conhecidos pelo p\u00fablico como Diego Sanchez, Jake Shields e Hector Lombard.<\/p>\n<p>&nbsp;<\/p>\n<p style=\"text-align: center\"><strong><em>Veja os melhores momentos do treino aberto do UFC 171:<\/em><\/strong><\/p>\n<p style=\"text-align: center\"><strong><em>[yframe url=&#8217;http:\/\/www.youtube.com\/watch?v=e5P3aBNugbk&#8217;]<\/em><\/strong><\/p>\n<p>&nbsp;<\/p>\n","protected":false},"excerpt":{"rendered":"<p>&nbsp; O UFC realizou nesta quarta feira, o treino aberto com suas estrelas da edi\u00e7\u00e3o 171 que acontece neste s\u00e1bado na cidade de Dallas nos <a class=\"read-more\" href=\"https:\/\/blogs.gazetaesportiva.com\/planeta-octogono\/2014\/03\/14\/veja-os-melhores-momentos-do-treino-aberto-na-edicao-171-do-ufc-em-dallas\/\">leia mais<\/a><\/p>\n","protected":false},"author":33,"featured_media":11226,"comment_status":"open","ping_status":"open","sticky":false,"template":"","format":"standard","meta":{"jetpack_post_was_ever_published":false,"_jetpack_newsletter_access":"","_jetpack_dont_email_post_to_subs":false,"_jetpack_newsletter_tier_id":0,"_jetpack_memberships_contains_paywalled_content":false,"_jetpack_memberships_contains_paid_content":false,"footnotes":"","jetpack_publicize_message":"","jetpack_publicize_feature_enabled":true,"jetpack_social_post_already_shared":false,"jetpack_social_options":{"image_generator_settings":{"template":"highway","default_image_id":0,"font":"","enabled":false},"version":2}},"categories":[1],"tags":[],"class_list":["post-11224","post","type-post","status-publish","format-standard","has-post-thumbnail","hentry","category-principal"],"jetpack_publicize_connections":[],"jetpack_featured_media_url":"https:\/\/blogs.gazetaesportiva.com\/planeta-octogono\/files\/2014\/03\/1904092_10152262858436276_1706214937_n.jpg","jetpack_sharing_enabled":true,"jetpack_shortlink":"https:\/\/wp.me\/p6rqUQ-2V2","_links":{"self":[{"href":"https:\/\/blogs.gazetaesportiva.com\/planeta-octogono\/wp-json\/wp\/v2\/posts\/11224","targetHints":{"allow":["GET"]}}],"collection":[{"href":"https:\/\/blogs.gazetaesportiva.com\/planeta-octogono\/wp-json\/wp\/v2\/posts"}],"about":[{"href":"https:\/\/blogs.gazetaesportiva.com\/planeta-octogono\/wp-json\/wp\/v2\/types\/post"}],"author":[{"embeddable":true,"href":"https:\/\/blogs.gazetaesportiva.com\/planeta-octogono\/wp-json\/wp\/v2\/users\/33"}],"replies":[{"embeddable":true,"href":"https:\/\/blogs.gazetaesportiva.com\/planeta-octogono\/wp-json\/wp\/v2\/comments?post=11224"}],"version-history":[{"count":0,"href":"https:\/\/blogs.gazetaesportiva.com\/planeta-octogono\/wp-json\/wp\/v2\/posts\/11224\/revisions"}],"wp:featuredmedia":[{"embeddable":true,"href":"https:\/\/blogs.gazetaesportiva.com\/planeta-octogono\/wp-json\/wp\/v2\/media\/11226"}],"wp:attachment":[{"href":"https:\/\/blogs.gazetaesportiva.com\/planeta-octogono\/wp-json\/wp\/v2\/media?parent=11224"}],"wp:term":[{"taxonomy":"category","embeddable":true,"href":"https:\/\/blogs.gazetaesportiva.com\/planeta-octogono\/wp-json\/wp\/v2\/categories?post=11224"},{"taxonomy":"post_tag","embeddable":true,"href":"https:\/\/blogs.gazetaesportiva.com\/planeta-octogono\/wp-json\/wp\/v2\/tags?post=11224"}],"curies":[{"name":"wp","href":"https:\/\/api.w.org\/{rel}","templated":true}]}}