{"id":10639,"date":"2014-02-12T20:41:54","date_gmt":"2014-02-12T22:41:54","guid":{"rendered":"https:\/\/blogs.gazetaesportiva.com\/planeta-octogono\/?p=10639"},"modified":"2014-02-12T20:41:54","modified_gmt":"2014-02-12T22:41:54","slug":"com-irmao-de-daniel-sarafian-e-promessa-de-team-nogueira-coliseu-recebe-mais-dois-combates-para-evento-em-marco","status":"publish","type":"post","link":"https:\/\/blogs.gazetaesportiva.com\/planeta-octogono\/2014\/02\/12\/com-irmao-de-daniel-sarafian-e-promessa-de-team-nogueira-coliseu-recebe-mais-dois-combates-para-evento-em-marco\/","title":{"rendered":"Com irm\u00e3o de Daniel Sarafian e promessa de Team Nogueira, Coliseu recebe mais dois combates para evento em mar\u00e7o"},"content":{"rendered":"<figure id=\"attachment_10640\" aria-describedby=\"caption-attachment-10640\" style=\"width: 600px\" class=\"wp-caption aligncenter\"><a href=\"https:\/\/blogs.gazetaesportiva.com\/planeta-octogono\/files\/2014\/02\/coliseu-estrutura-8.jpg\"><img loading=\"lazy\" decoding=\"async\" class=\" wp-image-10640 \" alt=\"Evento retorna em mar\u00e7o com grandes combates - Divulga\u00e7\u00e3o Coliseu\" src=\"https:\/\/blogs.gazetaesportiva.com\/planeta-octogono\/files\/2014\/02\/coliseu-estrutura-8.jpg\" width=\"600\" height=\"432\" \/><\/a><figcaption id=\"caption-attachment-10640\" class=\"wp-caption-text\">Evento retorna em mar\u00e7o com grandes combates &#8211; Divulga\u00e7\u00e3o Coliseu<\/figcaption><\/figure>\n<p>&nbsp;<\/p>\n<p>Evento que tem por objetivo levar os melhores para a arena, o Coliseu Extreme Fight, est\u00e1 prestes a finalizar o card da sua 9\u00aa edi\u00e7\u00e3o, que acontecer\u00e1 no dia 13 de mar\u00e7o, apenas um dia antes da cerim\u00f4nia do Pr\u00eamio Osvaldo Paquet\u00e1.<\/p>\n<p>Na categoria peso leve, o irm\u00e3o de Daniel Sarafian, Guilherme \u201cRuiv\u00e3o\u201d, que permanece invicto no MMA com seis vit\u00f3rias e lutou no Coliseu Extreme Fight 2, enfrenta Jo\u00e3o Paulo Moura, o \u201cJP\u201d, que atuou no evento na edi\u00e7\u00e3o 3.<\/p>\n<p><b>Na categoria at\u00e9 61 kg duas feras do peso<\/b><\/p>\n<p>Destaque da Team Nogueira, Francisco de Lima Maciel, mais conhecido como \u201cDe Assis\u201d, enfrentar\u00e1 um alagoano radicado em S\u00e3o Paulo, que hoje ocupa a 4\u00aa posi\u00e7\u00e3o no Ranking Nacional, Jos\u00e9 Alexandre, mais conhecido como \u201cZ\u00e9 Reborn\u201d, que tem 15 lutas na carreira, sendo 10 vit\u00f3rias.<\/p>\n<p>Com o card quase totalmente definido, o matchmaker Marcos Paulo ainda promete novidades.<\/p>\n<p>\u201cAinda falta definirmos uma luta e tenho certeza que agradar\u00e1 muito, essa \u00e9 a m\u00e1xima do Coliseu, quando tudo parece muito bom ainda temos espa\u00e7o para melhorar\u201d.<\/p>\n<p style=\"text-align: center\">\n<p style=\"text-align: center\"><em><strong>Coliseu Extreme Fight 9<\/strong><\/em><\/p>\n<p style=\"text-align: center\"><em><strong>Quinta-feira, 13 de mar\u00e7o de 2014, \u00e0s 20h<\/strong><\/em><\/p>\n<p style=\"text-align: center\"><em><strong>Gin\u00e1sio do Sesi, Macei\u00f3 \u2013 AL<\/strong><\/em><\/p>\n<p style=\"text-align: center\"><em><strong>&#8212;<\/strong><\/em><\/p>\n<p style=\"text-align: center\"><em><strong>Card Oficial (at\u00e9 o momento)<\/strong><\/em><\/p>\n<p style=\"text-align: center\"><em><strong>70 kg &#8211;\u00a0Julio Cesar Field (RFT) vs Jorge Rodrigues (Kimura|Nova Uni\u00e3o)<\/strong><\/em><\/p>\n<p style=\"text-align: center\"><em><strong>70 kg &#8211;\u00a0Felipe Nilo\u00a0(Team Nogueira) vs\u00a0Ciro \u201cBadBoy\u201d Rodrigues\u00a0(Kimura|Nova Uni\u00e3o)<\/strong><\/em><\/p>\n<p style=\"text-align: center\"><em><strong>GP At\u00e9 93 kg<\/strong><\/em><\/p>\n<p style=\"text-align: center\"><em><strong>Matheus Wendel \u201cBuffa\u201d Scheffel\u00a0(Cm System) vs Tiago \u201cBahia\u201d Varej\u00e3o (Nald\u00e3o Team)<\/strong><\/em><\/p>\n<p style=\"text-align: center\"><em><strong>Jackson \u201cNaco\u201d Gon\u00e7alves\u00a0(GF Team)vs\u00a0Kleber \u201cOrgulho\u201d (Champion Team)<\/strong><\/em><\/p>\n<p style=\"text-align: center\"><em><strong>63 kg-\u00a0\u00a0Jose Ant\u00f4nio \u201cToni Belo\u201d da Silva (Ricardo Feitosa | Tit\u00e3s) vs Ot\u00e1vio \u201cBesouro\u201d (Shock Fight)<\/strong><\/em><\/p>\n<p style=\"text-align: center\"><em><strong>57 kg &#8211;\u00a0KarlMarkx Mazoni (Adois Fight) vs\u00a0Carlos \u201cChapolin\u201d Andr\u00e9 (Hikari)<\/strong><\/em><\/p>\n<p style=\"text-align: center\"><em><strong>70 kg &#8211;\u00a0Guilherme \u201cRuiv\u00e3o\u201d Sarafian (Needs Fight Team) vs Jo\u00e3o Paulo \u201cJP\u201d Moura (Chute Fight)<\/strong><\/em><\/p>\n<p style=\"text-align: center\"><em><strong>61 kg &#8211;\u00a0Francisco \u201cDe Asssis\u201d Maciel (Team Nogueira) vs Jos\u00e9 \u201cZ\u00e9 Reborn\u201d Alexandre (Reborn Team)<\/strong><\/em><\/p>\n<p style=\"text-align: center\">\n","protected":false},"excerpt":{"rendered":"<p>&nbsp; Evento que tem por objetivo levar os melhores para a arena, o Coliseu Extreme Fight, est\u00e1 prestes a finalizar o card da sua 9\u00aa <a class=\"read-more\" href=\"https:\/\/blogs.gazetaesportiva.com\/planeta-octogono\/2014\/02\/12\/com-irmao-de-daniel-sarafian-e-promessa-de-team-nogueira-coliseu-recebe-mais-dois-combates-para-evento-em-marco\/\">leia mais<\/a><\/p>\n","protected":false},"author":33,"featured_media":10640,"comment_status":"open","ping_status":"open","sticky":false,"template":"","format":"standard","meta":{"jetpack_post_was_ever_published":false,"_jetpack_newsletter_access":"","_jetpack_dont_email_post_to_subs":false,"_jetpack_newsletter_tier_id":0,"_jetpack_memberships_contains_paywalled_content":false,"_jetpack_memberships_contains_paid_content":false,"footnotes":"","jetpack_publicize_message":"","jetpack_publicize_feature_enabled":true,"jetpack_social_post_already_shared":false,"jetpack_social_options":{"image_generator_settings":{"template":"highway","default_image_id":0,"font":"","enabled":false},"version":2}},"categories":[1],"tags":[],"class_list":["post-10639","post","type-post","status-publish","format-standard","has-post-thumbnail","hentry","category-principal"],"jetpack_publicize_connections":[],"jetpack_featured_media_url":"https:\/\/blogs.gazetaesportiva.com\/planeta-octogono\/files\/2014\/02\/coliseu-estrutura-8.jpg","jetpack_sharing_enabled":true,"jetpack_shortlink":"https:\/\/wp.me\/p6rqUQ-2LB","_links":{"self":[{"href":"https:\/\/blogs.gazetaesportiva.com\/planeta-octogono\/wp-json\/wp\/v2\/posts\/10639","targetHints":{"allow":["GET"]}}],"collection":[{"href":"https:\/\/blogs.gazetaesportiva.com\/planeta-octogono\/wp-json\/wp\/v2\/posts"}],"about":[{"href":"https:\/\/blogs.gazetaesportiva.com\/planeta-octogono\/wp-json\/wp\/v2\/types\/post"}],"author":[{"embeddable":true,"href":"https:\/\/blogs.gazetaesportiva.com\/planeta-octogono\/wp-json\/wp\/v2\/users\/33"}],"replies":[{"embeddable":true,"href":"https:\/\/blogs.gazetaesportiva.com\/planeta-octogono\/wp-json\/wp\/v2\/comments?post=10639"}],"version-history":[{"count":0,"href":"https:\/\/blogs.gazetaesportiva.com\/planeta-octogono\/wp-json\/wp\/v2\/posts\/10639\/revisions"}],"wp:featuredmedia":[{"embeddable":true,"href":"https:\/\/blogs.gazetaesportiva.com\/planeta-octogono\/wp-json\/wp\/v2\/media\/10640"}],"wp:attachment":[{"href":"https:\/\/blogs.gazetaesportiva.com\/planeta-octogono\/wp-json\/wp\/v2\/media?parent=10639"}],"wp:term":[{"taxonomy":"category","embeddable":true,"href":"https:\/\/blogs.gazetaesportiva.com\/planeta-octogono\/wp-json\/wp\/v2\/categories?post=10639"},{"taxonomy":"post_tag","embeddable":true,"href":"https:\/\/blogs.gazetaesportiva.com\/planeta-octogono\/wp-json\/wp\/v2\/tags?post=10639"}],"curies":[{"name":"wp","href":"https:\/\/api.w.org\/{rel}","templated":true}]}}