{"id":10628,"date":"2014-02-11T11:23:46","date_gmt":"2014-02-11T13:23:46","guid":{"rendered":"https:\/\/blogs.gazetaesportiva.com\/planeta-octogono\/?p=10628"},"modified":"2014-02-11T11:23:46","modified_gmt":"2014-02-11T13:23:46","slug":"voce-indica-conheca-o-lado-lutador-de-comentarista-do-ufc-o-americano-joe-rogan","status":"publish","type":"post","link":"https:\/\/blogs.gazetaesportiva.com\/planeta-octogono\/2014\/02\/11\/voce-indica-conheca-o-lado-lutador-de-comentarista-do-ufc-o-americano-joe-rogan\/","title":{"rendered":"Voc\u00ea Indica &#8211; Conhe\u00e7a o lado lutador de comentarista do UFC, o americano Joe Rogan"},"content":{"rendered":"<figure id=\"attachment_10629\" aria-describedby=\"caption-attachment-10629\" style=\"width: 300px\" class=\"wp-caption aligncenter\"><a href=\"https:\/\/blogs.gazetaesportiva.com\/planeta-octogono\/files\/2014\/02\/joe_rogan.jpg\"><img loading=\"lazy\" decoding=\"async\" class=\"size-full wp-image-10629\" alt=\"Comentarista do UFC, Joe Rogan (esquerda) \u00e9 praticante de Jiu Jitsu e Taekwondo - Reprodu\u00e7\u00e3o Twitter\" src=\"https:\/\/blogs.gazetaesportiva.com\/planeta-octogono\/files\/2014\/02\/joe_rogan.jpg\" width=\"300\" height=\"230\" \/><\/a><figcaption id=\"caption-attachment-10629\" class=\"wp-caption-text\">Comentarista do UFC, Joe Rogan (esquerda) \u00e9 praticante de Jiu Jitsu e Taekwondo &#8211; Reprodu\u00e7\u00e3o Twitter<\/figcaption><\/figure>\n<p>&nbsp;<\/p>\n<p>O Voc\u00ea Indica est\u00e1 de volta.<\/p>\n<p>Trazendo dois v\u00eddeos especiais mostrando o comentarista oficial das edi\u00e7\u00f5es do UFC, o americano Joe Rogan em a\u00e7\u00e3o.<\/p>\n<p>Rogan que \u00e9 faixa preta de Jiu Jitsu e da arte marcial sul coreana Taekwondo aparece lutando contra um desafiante em um treino e tamb\u00e9m ensinando a chutar.<\/p>\n<p>Com 46 anos de idade, Joe \u00e9 humorista, apresentador, atuando atualmente como rep\u00f3rter e comentarista nas edi\u00e7\u00f5es do UFC.<\/p>\n<p>Sua estr\u00e9ia no Ultimate, foi em 1997 na edi\u00e7\u00e3o 12 do evento, no Alabama.<\/p>\n<p>&nbsp;<\/p>\n<p style=\"text-align: center\"><strong><em>Veja Rogan ensinado chutes de Taekwondo:<\/em><\/strong><\/p>\n<p style=\"text-align: center\"><strong><em>[yframe url=&#8217;http:\/\/www.youtube.com\/watch?v=oWC6x4Qqwe4&#8242;]<\/em><\/strong><\/p>\n<p style=\"text-align: center\">\n<p style=\"text-align: center\"><strong><em>Assista um combate de Jiu Jitsu de Joe Rogan:<\/em><\/strong><\/p>\n<p style=\"text-align: center\"><strong><em>[yframe url=&#8217;http:\/\/www.youtube.com\/watch?v=a556pUcVgO0&#8242;]<\/em><\/strong><\/p>\n<p>&nbsp;<\/p>\n<p>&nbsp;<\/p>\n<p>&nbsp;<\/p>\n<p>&nbsp;<\/p>\n","protected":false},"excerpt":{"rendered":"<p>&nbsp; O Voc\u00ea Indica est\u00e1 de volta. Trazendo dois v\u00eddeos especiais mostrando o comentarista oficial das edi\u00e7\u00f5es do UFC, o americano Joe Rogan em a\u00e7\u00e3o. <a class=\"read-more\" href=\"https:\/\/blogs.gazetaesportiva.com\/planeta-octogono\/2014\/02\/11\/voce-indica-conheca-o-lado-lutador-de-comentarista-do-ufc-o-americano-joe-rogan\/\">leia mais<\/a><\/p>\n","protected":false},"author":33,"featured_media":10629,"comment_status":"open","ping_status":"open","sticky":false,"template":"","format":"standard","meta":{"jetpack_post_was_ever_published":false,"_jetpack_newsletter_access":"","_jetpack_dont_email_post_to_subs":false,"_jetpack_newsletter_tier_id":0,"_jetpack_memberships_contains_paywalled_content":false,"_jetpack_memberships_contains_paid_content":false,"footnotes":"","jetpack_publicize_message":"","jetpack_publicize_feature_enabled":true,"jetpack_social_post_already_shared":false,"jetpack_social_options":{"image_generator_settings":{"template":"highway","default_image_id":0,"font":"","enabled":false},"version":2}},"categories":[1],"tags":[],"class_list":["post-10628","post","type-post","status-publish","format-standard","has-post-thumbnail","hentry","category-principal"],"jetpack_publicize_connections":[],"jetpack_featured_media_url":"https:\/\/blogs.gazetaesportiva.com\/planeta-octogono\/files\/2014\/02\/joe_rogan.jpg","jetpack_sharing_enabled":true,"jetpack_shortlink":"https:\/\/wp.me\/p6rqUQ-2Lq","_links":{"self":[{"href":"https:\/\/blogs.gazetaesportiva.com\/planeta-octogono\/wp-json\/wp\/v2\/posts\/10628","targetHints":{"allow":["GET"]}}],"collection":[{"href":"https:\/\/blogs.gazetaesportiva.com\/planeta-octogono\/wp-json\/wp\/v2\/posts"}],"about":[{"href":"https:\/\/blogs.gazetaesportiva.com\/planeta-octogono\/wp-json\/wp\/v2\/types\/post"}],"author":[{"embeddable":true,"href":"https:\/\/blogs.gazetaesportiva.com\/planeta-octogono\/wp-json\/wp\/v2\/users\/33"}],"replies":[{"embeddable":true,"href":"https:\/\/blogs.gazetaesportiva.com\/planeta-octogono\/wp-json\/wp\/v2\/comments?post=10628"}],"version-history":[{"count":0,"href":"https:\/\/blogs.gazetaesportiva.com\/planeta-octogono\/wp-json\/wp\/v2\/posts\/10628\/revisions"}],"wp:featuredmedia":[{"embeddable":true,"href":"https:\/\/blogs.gazetaesportiva.com\/planeta-octogono\/wp-json\/wp\/v2\/media\/10629"}],"wp:attachment":[{"href":"https:\/\/blogs.gazetaesportiva.com\/planeta-octogono\/wp-json\/wp\/v2\/media?parent=10628"}],"wp:term":[{"taxonomy":"category","embeddable":true,"href":"https:\/\/blogs.gazetaesportiva.com\/planeta-octogono\/wp-json\/wp\/v2\/categories?post=10628"},{"taxonomy":"post_tag","embeddable":true,"href":"https:\/\/blogs.gazetaesportiva.com\/planeta-octogono\/wp-json\/wp\/v2\/tags?post=10628"}],"curies":[{"name":"wp","href":"https:\/\/api.w.org\/{rel}","templated":true}]}}