{"id":10623,"date":"2014-02-11T11:02:50","date_gmt":"2014-02-11T13:02:50","guid":{"rendered":"https:\/\/blogs.gazetaesportiva.com\/planeta-octogono\/?p=10623"},"modified":"2014-02-11T11:03:27","modified_gmt":"2014-02-11T13:03:27","slug":"treinador-de-popo-e-junior-cigano-luiz-dorea-se-junta-a-equipe-de-wanderlei-silva-no-tuf-brasil","status":"publish","type":"post","link":"https:\/\/blogs.gazetaesportiva.com\/planeta-octogono\/2014\/02\/11\/treinador-de-popo-e-junior-cigano-luiz-dorea-se-junta-a-equipe-de-wanderlei-silva-no-tuf-brasil\/","title":{"rendered":"Treinador de Pop\u00f3 e J\u00fanior Cigano, Luiz D\u00f3rea se junta a equipe de Wanderlei Silva no TUF Brasil"},"content":{"rendered":"<figure id=\"attachment_10624\" aria-describedby=\"caption-attachment-10624\" style=\"width: 600px\" class=\"wp-caption aligncenter\"><a href=\"https:\/\/blogs.gazetaesportiva.com\/planeta-octogono\/files\/2014\/02\/wanddorea.png\"><img loading=\"lazy\" decoding=\"async\" class=\" wp-image-10624 \" alt=\"Wanderlei Silva posta foto com treinador de Cigano, Luiz D\u00f3rea - Reprodu\u00e7\u00e3o Facebook\" src=\"https:\/\/blogs.gazetaesportiva.com\/planeta-octogono\/files\/2014\/02\/wanddorea.png\" width=\"600\" height=\"600\" \/><\/a><figcaption id=\"caption-attachment-10624\" class=\"wp-caption-text\"><strong><em>Wanderlei Silva posta foto com treinador de Cigano, Luiz D\u00f3rea &#8211; Reprodu\u00e7\u00e3o Facebook<\/em><\/strong><\/figcaption><\/figure>\n<p>&nbsp;<\/p>\n<p>Wanderlei Silva est\u00e1 contando com um refor\u00e7o de peso para a terceira temporada do reality show de lutas do UFC, The Ultimate Fighter Brasil.<\/p>\n<p>Para ajudar a treinar seus atletas, o lutador est\u00e1 contando com a ajuda do treinador de boxe de J\u00fanior Cigano e tamb\u00e9m ex treinador de Acelino &#8220;Pop\u00f3&#8221; Freitas, Luiz D\u00f3rea.<\/p>\n<p>Com os treinadores Michael Costa (Muay Thai), F\u00e1bio Gurgel (Jiu Jitsu), Daniel Ac\u00e1cio (Muay Thai) al\u00e9m de D\u00f3rea e Andr\u00e9 Dida, Wanderlei enfrenta o americano Chael Sonnen que tamb\u00e9m \u00e9 treinador da edi\u00e7\u00e3o.<\/p>\n<p>O combate de ambos os lutadores acontece no UFC 173 em Las Vegas, no dia 24 de maio.<\/p>\n<p>Por\u00e9m as grava\u00e7\u00f5es do reality est\u00e3o em fase final e o programa deve ser exibido na Rede Globo em meados de mar\u00e7o.<\/p>\n<p>&nbsp;<\/p>\n<p>&nbsp;<\/p>\n<p>&nbsp;<\/p>\n","protected":false},"excerpt":{"rendered":"<p>&nbsp; Wanderlei Silva est\u00e1 contando com um refor\u00e7o de peso para a terceira temporada do reality show de lutas do UFC, The Ultimate Fighter Brasil. <a class=\"read-more\" href=\"https:\/\/blogs.gazetaesportiva.com\/planeta-octogono\/2014\/02\/11\/treinador-de-popo-e-junior-cigano-luiz-dorea-se-junta-a-equipe-de-wanderlei-silva-no-tuf-brasil\/\">leia mais<\/a><\/p>\n","protected":false},"author":33,"featured_media":10624,"comment_status":"open","ping_status":"open","sticky":false,"template":"","format":"standard","meta":{"jetpack_post_was_ever_published":false,"_jetpack_newsletter_access":"","_jetpack_dont_email_post_to_subs":false,"_jetpack_newsletter_tier_id":0,"_jetpack_memberships_contains_paywalled_content":false,"_jetpack_memberships_contains_paid_content":false,"footnotes":"","jetpack_publicize_message":"","jetpack_publicize_feature_enabled":true,"jetpack_social_post_already_shared":false,"jetpack_social_options":{"image_generator_settings":{"template":"highway","default_image_id":0,"font":"","enabled":false},"version":2}},"categories":[1],"tags":[],"class_list":["post-10623","post","type-post","status-publish","format-standard","has-post-thumbnail","hentry","category-principal"],"jetpack_publicize_connections":[],"jetpack_featured_media_url":"https:\/\/blogs.gazetaesportiva.com\/planeta-octogono\/files\/2014\/02\/wanddorea.png","jetpack_sharing_enabled":true,"jetpack_shortlink":"https:\/\/wp.me\/p6rqUQ-2Ll","_links":{"self":[{"href":"https:\/\/blogs.gazetaesportiva.com\/planeta-octogono\/wp-json\/wp\/v2\/posts\/10623","targetHints":{"allow":["GET"]}}],"collection":[{"href":"https:\/\/blogs.gazetaesportiva.com\/planeta-octogono\/wp-json\/wp\/v2\/posts"}],"about":[{"href":"https:\/\/blogs.gazetaesportiva.com\/planeta-octogono\/wp-json\/wp\/v2\/types\/post"}],"author":[{"embeddable":true,"href":"https:\/\/blogs.gazetaesportiva.com\/planeta-octogono\/wp-json\/wp\/v2\/users\/33"}],"replies":[{"embeddable":true,"href":"https:\/\/blogs.gazetaesportiva.com\/planeta-octogono\/wp-json\/wp\/v2\/comments?post=10623"}],"version-history":[{"count":0,"href":"https:\/\/blogs.gazetaesportiva.com\/planeta-octogono\/wp-json\/wp\/v2\/posts\/10623\/revisions"}],"wp:featuredmedia":[{"embeddable":true,"href":"https:\/\/blogs.gazetaesportiva.com\/planeta-octogono\/wp-json\/wp\/v2\/media\/10624"}],"wp:attachment":[{"href":"https:\/\/blogs.gazetaesportiva.com\/planeta-octogono\/wp-json\/wp\/v2\/media?parent=10623"}],"wp:term":[{"taxonomy":"category","embeddable":true,"href":"https:\/\/blogs.gazetaesportiva.com\/planeta-octogono\/wp-json\/wp\/v2\/categories?post=10623"},{"taxonomy":"post_tag","embeddable":true,"href":"https:\/\/blogs.gazetaesportiva.com\/planeta-octogono\/wp-json\/wp\/v2\/tags?post=10623"}],"curies":[{"name":"wp","href":"https:\/\/api.w.org\/{rel}","templated":true}]}}