{"id":10613,"date":"2014-02-11T10:30:09","date_gmt":"2014-02-11T12:30:09","guid":{"rendered":"https:\/\/blogs.gazetaesportiva.com\/planeta-octogono\/?p=10613"},"modified":"2014-02-12T20:28:21","modified_gmt":"2014-02-12T22:28:21","slug":"profissionais-brasileiros-sao-selecionados-por-evento-americano-e-integram-equipe-do-xfc-no-brasil","status":"publish","type":"post","link":"https:\/\/blogs.gazetaesportiva.com\/planeta-octogono\/2014\/02\/11\/profissionais-brasileiros-sao-selecionados-por-evento-americano-e-integram-equipe-do-xfc-no-brasil\/","title":{"rendered":"Profissionais brasileiros s\u00e3o selecionados por evento americano e integram equipe do XFC no Brasil"},"content":{"rendered":"<p>&nbsp;<\/p>\n<figure id=\"attachment_10615\" aria-describedby=\"caption-attachment-10615\" style=\"width: 600px\" class=\"wp-caption aligncenter\"><a href=\"https:\/\/blogs.gazetaesportiva.com\/planeta-octogono\/files\/2014\/02\/renatatakatumucci.jpg\"><img loading=\"lazy\" decoding=\"async\" class=\" wp-image-10615 \" alt=\"Cutwoman, Renata Takatu em a\u00e7\u00e3o no XFC - Cr\u00e9dito: Fernando Mucci\" src=\"https:\/\/blogs.gazetaesportiva.com\/planeta-octogono\/files\/2014\/02\/renatatakatumucci.jpg\" width=\"600\" height=\"432\" \/><\/a><figcaption id=\"caption-attachment-10615\" class=\"wp-caption-text\">Cutwoman, Renata Takatu em a\u00e7\u00e3o no XFC &#8211; Cr\u00e9dito: Fernando Mucci<\/figcaption><\/figure>\n<p><em>Direto de Osasco, por correspondente do blog, Anna Carolina Ribeiro.<\/em><\/p>\n<p>Ap\u00f3s reuni\u00e3o em dezembro de 2013 ficou acordado: equipe brasileira faria parte do XFC Am\u00e9rica Latina Brasil. Com vinte e uma pessoas (\u00e1rbitros, cutwomen, m\u00e9dico, dentista, enfermeira, entre outros) os membros da CBMMA ficaram respons\u00e1veis por toda a parte do Staff. O \u00fanico representante americano presente no Cage foi o \u00e1rbitro Gary Copeland. O evento foi realizado nos est\u00fadios da Redetv no dia 8 de Fevereiro, que transmitiu ao vivo as quatro lutas do Card Principal.<\/p>\n<figure id=\"attachment_10617\" aria-describedby=\"caption-attachment-10617\" style=\"width: 277px\" class=\"wp-caption alignright\"><a href=\"https:\/\/blogs.gazetaesportiva.com\/planeta-octogono\/files\/2014\/02\/Mackennarenataxfc.jpg\"><img loading=\"lazy\" decoding=\"async\" class=\" wp-image-10617    \" alt=\"Profissionais ajudam evento americano em primeira edi\u00e7\u00e3o do XFC no Brasil - Arquivo Pessoal\" src=\"https:\/\/blogs.gazetaesportiva.com\/planeta-octogono\/files\/2014\/02\/Mackennarenataxfc.jpg\" width=\"277\" height=\"277\" \/><\/a><figcaption id=\"caption-attachment-10617\" class=\"wp-caption-text\">Profissionais ajudam evento americano em primeira edi\u00e7\u00e3o do XFC no Brasil &#8211; Arquivo Pessoal<\/figcaption><\/figure>\n<p>Todos se submeteram a uma cl\u00ednica de tr\u00eas horas para seguirem o padr\u00e3o XFC americano e mundial. &#8220;N\u00f3s fizemos tudo desde a pesagem oficial at\u00e9 o final do evento, ficando somente as quatro lutas do Card Principal para o americano e para que pud\u00e9ssemos ver o sistema dele&#8221;, disse em entrevista Jo\u00e3o Roberto Trindade, Vice Presidente Executivo CBMMA.<\/p>\n<p>Os destaques ficaram por conta das cutwomen que integram a primeira equipe feminina especializada em tratar cortes dos atletas, liderada pela dentista Renata Takatu. &#8220;A grande audi\u00eancia da estreia do XFC n\u00e3o foi por acaso. O evento respeitou e valorizou os atletas e todos que trabalharam ali. Tudo isso s\u00f3 poderia resultar em um fant\u00e1stico show. N\u00f3s da equipe Cutwomen Knockdown ficamos honradas de fazer parte de um evento que colabora de uma forma t\u00e3o grandiosa com o crescimento do MMA no Brasil. Foi nosso primeiro evento internacional. Primeiro de muitos.&#8221;, ressaltou Renata.<\/p>\n<figure id=\"attachment_10614\" aria-describedby=\"caption-attachment-10614\" style=\"width: 360px\" class=\"wp-caption alignleft\"><a href=\"https:\/\/blogs.gazetaesportiva.com\/planeta-octogono\/files\/2014\/02\/robertothomaz.jpg\"><img loading=\"lazy\" decoding=\"async\" class=\"wp-image-10614 \" alt=\"Robert\u00e3o \u00e9 conhecido por ser um dos maiores \u00e1rbitros do Pa\u00eds - Arquivo Pessoal\" src=\"https:\/\/blogs.gazetaesportiva.com\/planeta-octogono\/files\/2014\/02\/robertothomaz.jpg\" width=\"360\" height=\"259\" \/><\/a><figcaption id=\"caption-attachment-10614\" class=\"wp-caption-text\">Robert\u00e3o \u00e9 conhecido por ser um dos maiores \u00e1rbitros do Pa\u00eds &#8211; Arquivo Pessoal<\/figcaption><\/figure>\n<p>&nbsp;<\/p>\n<p>O show teve destaque do \u00e1rbitro brasileiro Roberto Thomaz que carregou no peito e na cabe\u00e7a uma c\u00e2mera em 180\u00b0 filmando os duelos bem de perto. &#8220;Robert\u00e3o&#8221;, como \u00e9 chamado, \u00e9 policial de opera\u00e7\u00f5es especiais da pol\u00edcia militar, especializado em negocia\u00e7\u00e3o de ref\u00e9ns, mas ressalta que o trabalho duro \u00e9 maior dentro do Cage que nas ruas de Campinas, onde atua. Conhecido por ficar colado nos duelos, n\u00e3o deixando passar um detalhe, ele concorre ao Pr\u00eamio Oswaldo Paquet\u00e1 como melhor \u00e1rbitro brasileiro em 2013. &#8220;Eles s\u00e3o muito profissionais. Este foi apenas o primeiro no Brasil e o show deve continuar. Se eu estive presente como \u00e1rbitro central \u00e9 porque atesto a seriedade e sucesso deste evento&#8221;, destacou.<\/p>\n<figure id=\"attachment_10616\" aria-describedby=\"caption-attachment-10616\" style=\"width: 269px\" class=\"wp-caption alignright\"><a href=\"https:\/\/blogs.gazetaesportiva.com\/planeta-octogono\/files\/2014\/02\/lucaslutkusmucci.jpg\"><img loading=\"lazy\" decoding=\"async\" class=\" wp-image-10616  \" alt=\"Lucas Lutkus atuou pela CABMMA - Cr\u00e9dito: Fernando Mucci\" src=\"https:\/\/blogs.gazetaesportiva.com\/planeta-octogono\/files\/2014\/02\/lucaslutkusmucci.jpg\" width=\"269\" height=\"403\" \/><\/a><figcaption id=\"caption-attachment-10616\" class=\"wp-caption-text\">Lucas Lutkus atuou como Staff pela CBMMA &#8211; Cr\u00e9dito: Fernando Mucci<\/figcaption><\/figure>\n<p>O jornalista Lucas Lutkus tamb\u00e9m integrou o Staff. &#8220;Acho que o XFC realmente veio pra ficar. Deu pra perceber que toda a equipe \u00e9 muito competente e sabe bem o que faz ali. Sobre os duelos, me surpreendi muito com a qualidade dos estrangeiros, muitos f\u00e3s e at\u00e9 mesmo especialistas j\u00e1 davam as lutas como favas contadas para os brasileiros. Mas os latinos americanos fizeram forte frente aos tupiniquins e vimos duelos equilibrad\u00edssimos, inclusive com vit\u00f3rias de fora em duas das lutas. Bom, rumo \u00e0s pr\u00f3ximas edi\u00e7\u00f5es&#8221;, analisou Lutkus que atuou como um dos \u00e1rbitros laterais.<\/p>\n<p>Com previs\u00e3o para mais nove edi\u00e7\u00f5es em solo brasileiro, o XFC (Xtreme Fighting Championships) poder\u00e1 contar com a equipe conterr\u00e2nea que est\u00e1 dispon\u00edvel e empolgada para as pr\u00f3ximas que, segundo o coordenador esportivo da Redetv, atingir\u00e1 o p\u00fablico presencial lotando as noites de espet\u00e1culo.<\/p>\n<p style=\"text-align: center\"><strong><em>Resultados do evento:<\/em><\/strong><\/p>\n<p style=\"text-align: center\"><strong><em>XFC (Xtreme Fighting Championships) Brasil<\/em><\/strong><\/p>\n<p style=\"text-align: center\"><strong><em>8 de Fevereiro de 2014<\/em><\/strong><\/p>\n<p style=\"text-align: center\"><strong><em>Luta Principal: Peso Leve: Thiago \u201cMinu\u201d Meller (Brasil) venceu Clay French (Estados Unidos) por nocaute no R1.<\/em><\/strong><\/p>\n<p style=\"text-align: center\"><strong><em>Co-luta principal: Peso Pena: Fernando Vieira (Brasil) venceu Marcelo Rojo (Argentina) por finaliza\u00e7\u00e3o (americana) no R2.<\/em><\/strong><\/p>\n<p style=\"text-align: center\"><strong><em>\u2013 Peso Leve: Gilson Lomanto (Brasil) venceu Daniel Salas (M\u00e9xico) por decis\u00e3o un\u00e2nime.<\/em><\/strong><\/p>\n<p style=\"text-align: center\"><strong><em>\u2013 Peso Mosca Feminino: Silvana Juarez (Argentina) venceu Bianca Daimoni (Brasil) por finaliza\u00e7\u00e3o (arm lock) no R3.<\/em><\/strong><\/p>\n<p style=\"text-align: center\"><strong><em>CARD PRELIMINAR<\/em><\/strong><br \/>\n<strong><em> \u2013 Peso Leve: Glaucio Eliziario (Brasil) venceu Jonathan Ortega (Chile) por decis\u00e3o un\u00e2nime.<\/em><\/strong><\/p>\n<p style=\"text-align: center\"><strong><em>\u2013 Peso Leve: Natan Schulte (Brasil) venceu Giovanni Arroyo (Equador) por TKO no R1.<\/em><\/strong><\/p>\n<p style=\"text-align: center\"><strong><em>\u2013 Peso Leve: Alan dos Santos (Brasil) venceu Cristiano Estela (Peru) por finaliza\u00e7\u00e3o (guilhotina) no R1.<\/em><\/strong><\/p>\n<p style=\"text-align: center\"><strong><em>\u2013 Peso Mosca: Mayelin Rivas (Venezuela) venceu Daiana Torquato (Brasil) por decis\u00e3o un\u00e2nime.<\/em><\/strong><\/p>\n<p style=\"text-align: center\"><strong><em>\u2013 Peso Leve: Alex Franco (Brasil) venceu Marcos Rosa Mariano (Brasil) por finaliza\u00e7\u00e3o (mata-le\u00e3o) no R1.<\/em><\/strong><\/p>\n","protected":false},"excerpt":{"rendered":"<p>&nbsp; Direto de Osasco, por correspondente do blog, Anna Carolina Ribeiro. Ap\u00f3s reuni\u00e3o em dezembro de 2013 ficou acordado: equipe brasileira faria parte do XFC <a class=\"read-more\" href=\"https:\/\/blogs.gazetaesportiva.com\/planeta-octogono\/2014\/02\/11\/profissionais-brasileiros-sao-selecionados-por-evento-americano-e-integram-equipe-do-xfc-no-brasil\/\">leia mais<\/a><\/p>\n","protected":false},"author":33,"featured_media":10617,"comment_status":"open","ping_status":"open","sticky":false,"template":"","format":"standard","meta":{"jetpack_post_was_ever_published":false,"_jetpack_newsletter_access":"","_jetpack_dont_email_post_to_subs":false,"_jetpack_newsletter_tier_id":0,"_jetpack_memberships_contains_paywalled_content":false,"_jetpack_memberships_contains_paid_content":false,"footnotes":"","jetpack_publicize_message":"","jetpack_publicize_feature_enabled":true,"jetpack_social_post_already_shared":false,"jetpack_social_options":{"image_generator_settings":{"template":"highway","default_image_id":0,"font":"","enabled":false},"version":2}},"categories":[1],"tags":[],"class_list":["post-10613","post","type-post","status-publish","format-standard","has-post-thumbnail","hentry","category-principal"],"jetpack_publicize_connections":[],"jetpack_featured_media_url":"https:\/\/blogs.gazetaesportiva.com\/planeta-octogono\/files\/2014\/02\/Mackennarenataxfc.jpg","jetpack_sharing_enabled":true,"jetpack_shortlink":"https:\/\/wp.me\/p6rqUQ-2Lb","_links":{"self":[{"href":"https:\/\/blogs.gazetaesportiva.com\/planeta-octogono\/wp-json\/wp\/v2\/posts\/10613","targetHints":{"allow":["GET"]}}],"collection":[{"href":"https:\/\/blogs.gazetaesportiva.com\/planeta-octogono\/wp-json\/wp\/v2\/posts"}],"about":[{"href":"https:\/\/blogs.gazetaesportiva.com\/planeta-octogono\/wp-json\/wp\/v2\/types\/post"}],"author":[{"embeddable":true,"href":"https:\/\/blogs.gazetaesportiva.com\/planeta-octogono\/wp-json\/wp\/v2\/users\/33"}],"replies":[{"embeddable":true,"href":"https:\/\/blogs.gazetaesportiva.com\/planeta-octogono\/wp-json\/wp\/v2\/comments?post=10613"}],"version-history":[{"count":0,"href":"https:\/\/blogs.gazetaesportiva.com\/planeta-octogono\/wp-json\/wp\/v2\/posts\/10613\/revisions"}],"wp:featuredmedia":[{"embeddable":true,"href":"https:\/\/blogs.gazetaesportiva.com\/planeta-octogono\/wp-json\/wp\/v2\/media\/10617"}],"wp:attachment":[{"href":"https:\/\/blogs.gazetaesportiva.com\/planeta-octogono\/wp-json\/wp\/v2\/media?parent=10613"}],"wp:term":[{"taxonomy":"category","embeddable":true,"href":"https:\/\/blogs.gazetaesportiva.com\/planeta-octogono\/wp-json\/wp\/v2\/categories?post=10613"},{"taxonomy":"post_tag","embeddable":true,"href":"https:\/\/blogs.gazetaesportiva.com\/planeta-octogono\/wp-json\/wp\/v2\/tags?post=10613"}],"curies":[{"name":"wp","href":"https:\/\/api.w.org\/{rel}","templated":true}]}}