{"id":10601,"date":"2014-02-10T11:59:21","date_gmt":"2014-02-10T13:59:21","guid":{"rendered":"https:\/\/blogs.gazetaesportiva.com\/planeta-octogono\/?p=10601"},"modified":"2014-02-10T12:00:27","modified_gmt":"2014-02-10T14:00:27","slug":"com-cinturoes-vagos-glory-muda-sistema-de-rankings-e-adiciona-gohkan-saki-no-segundo-lugar-do-peso-meio-pesado","status":"publish","type":"post","link":"https:\/\/blogs.gazetaesportiva.com\/planeta-octogono\/2014\/02\/10\/com-cinturoes-vagos-glory-muda-sistema-de-rankings-e-adiciona-gohkan-saki-no-segundo-lugar-do-peso-meio-pesado\/","title":{"rendered":"Com cintur\u00f5es vagos, GLORY muda sistema de rankings e adiciona Gohkan Saki no segundo lugar do peso meio pesado"},"content":{"rendered":"<figure id=\"attachment_10602\" aria-describedby=\"caption-attachment-10602\" style=\"width: 600px\" class=\"wp-caption aligncenter\"><a href=\"https:\/\/blogs.gazetaesportiva.com\/planeta-octogono\/files\/2014\/02\/glory6-5.jpg\"><img loading=\"lazy\" decoding=\"async\" class=\" wp-image-10602 \" alt=\"Gohkan Saki se torna segundo do ranking meio pesado - Divulga\u00e7\u00e3o GLORY\" src=\"https:\/\/blogs.gazetaesportiva.com\/planeta-octogono\/files\/2014\/02\/glory6-5.jpg\" width=\"600\" height=\"432\" \/><\/a><figcaption id=\"caption-attachment-10602\" class=\"wp-caption-text\">Gohkan Saki se torna segundo do ranking meio pesado &#8211; Divulga\u00e7\u00e3o GLORY<\/figcaption><\/figure>\n<p>&nbsp;<\/p>\n<p>O GLORY, maior evento de kickboxing do mundo, anunciou uma mudan\u00e7a em seu sistema de rankings.<\/p>\n<p>Buscando familiarizar os f\u00e3s, a organiza\u00e7\u00e3o resolveu deixar os cintur\u00f5es de todos os pesos vagos e manter o sistema de pontos, usado pelo evento para posicionar os seus atletas.<\/p>\n<p>Parecido com o UFC, cada categoria ter\u00e1 seu campe\u00e3o e seus contenders com as disputas de t\u00edtulo ocorrendo durante os pr\u00f3ximos eventos da organiza\u00e7\u00e3o.<\/p>\n<p>O primeiro campe\u00e3o ser\u00e1 conhecido na pr\u00f3xima edi\u00e7\u00e3o de Zagreb, no dia 8 de mar\u00e7o, com o combate de peso leve entre o holand\u00eas Andy Ristie contra o georgiano Davit Kiria.<\/p>\n<p>O evento tamb\u00e9m adicionou o turco Gohkan Saki, ex lutador da categoria peso pesado na categoria at\u00e9 95 kg.<\/p>\n<p>Saki entra como segundo colocado apenas atr\u00e1s do atual campe\u00e3o do GP da categoria, o holand\u00eas Tyrone Spong.<\/p>\n<p>Com isso, o brasileiro Saulo Cavalari que era terceiro do ranking, caiu para a quarta posi\u00e7\u00e3o.<\/p>\n<p>Por\u00e9m Anderson Braddock que era o quinto colocado nos Pesados, subiu para o quarto lugar com a descida de peso de Saki.<\/p>\n<p>&nbsp;<\/p>\n<p style=\"text-align: center\"><strong><em>Veja os 8 primeiros colocados de cada categoria:<\/em><\/strong><\/p>\n<p style=\"text-align: center\"><strong><em>Peso Pena &#8211; at\u00e9 65 kg<\/em><\/strong><\/p>\n<p style=\"text-align: center\"><strong><em>Mosab Amrani &#8211; Marrocos<\/em><\/strong><\/p>\n<p style=\"text-align: center\"><strong><em>Yuta Kubo &#8211; Jap\u00e3o<\/em><\/strong><\/p>\n<p style=\"text-align: center\"><strong><em>Masaaki Noiri &#8211; Jap\u00e3o<\/em><\/strong><\/p>\n<p style=\"text-align: center\"><strong><em>Liam Harrison &#8211; Inglaterra<\/em><\/strong><\/p>\n<p style=\"text-align: center\"><strong><em>Gabriel Varga &#8211; Canad\u00e1<\/em><\/strong><\/p>\n<p style=\"text-align: center\"><strong><em>Chin Bin Lim &#8211; Cor\u00e9ia do Sul<\/em><\/strong><\/p>\n<p style=\"text-align: center\"><strong><em>Yodkhunpon Sitmonchai &#8211; Tail\u00e2ndia<\/em><\/strong><\/p>\n<p style=\"text-align: center\"><strong><em>Marcus Vinicius &#8211; Brasil<\/em><\/strong><\/p>\n<figure id=\"attachment_10603\" aria-describedby=\"caption-attachment-10603\" style=\"width: 600px\" class=\"wp-caption aligncenter\"><a href=\"https:\/\/blogs.gazetaesportiva.com\/planeta-octogono\/files\/2014\/02\/amrani.jpg\"><img loading=\"lazy\" decoding=\"async\" class=\"size-full wp-image-10603\" alt=\"Mosab Amrani \u00e9 o atual numero um dos penas - Bruno Massami \" src=\"https:\/\/blogs.gazetaesportiva.com\/planeta-octogono\/files\/2014\/02\/amrani.jpg\" width=\"600\" height=\"400\" \/><\/a><figcaption id=\"caption-attachment-10603\" class=\"wp-caption-text\"><strong><em>Mosab Amrani \u00e9 o atual numero um dos penas &#8211; Bruno Massami<\/em><\/strong><\/figcaption><\/figure>\n<p style=\"text-align: center\"><strong><em>Peso Leve &#8211; At\u00e9 70 kg<\/em><\/strong><\/p>\n<p style=\"text-align: center\"><strong><em>Andy Ristie &#8211; Suriname\/Holanda<\/em><\/strong><\/p>\n<p style=\"text-align: center\"><strong><em>Robin Van Roosmalen &#8211; Holanda<\/em><\/strong><\/p>\n<p style=\"text-align: center\"><strong><em>Davit Kiria &#8211; Georgia<\/em><\/strong><\/p>\n<p style=\"text-align: center\"><strong><em>Giorgio Petrosiyan &#8211; It\u00e1lia<\/em><\/strong><\/p>\n<p style=\"text-align: center\"><strong><em>Ky Hollenback &#8211; Estados Unidos<\/em><\/strong><\/p>\n<p style=\"text-align: center\"><strong><em>Sun Hinata &#8211; Jap\u00e3o<\/em><\/strong><\/p>\n<p style=\"text-align: center\"><strong><em>Shemsi Beqiri -Sui\u00e7a<\/em><\/strong><\/p>\n<p style=\"text-align: center\"><strong><em>Albert Kraus &#8211; Holanda<\/em><\/strong><\/p>\n<figure id=\"attachment_10604\" aria-describedby=\"caption-attachment-10604\" style=\"width: 600px\" class=\"wp-caption aligncenter\"><a href=\"https:\/\/blogs.gazetaesportiva.com\/planeta-octogono\/files\/2014\/02\/1471960_552330514848320_73289560_n.jpg\"><img loading=\"lazy\" decoding=\"async\" class=\" wp-image-10604 \" alt=\"Andy Ristie venceu \u00faltimo GP de leves - Divulga\u00e7\u00e3o GLORY\/James Law\" src=\"https:\/\/blogs.gazetaesportiva.com\/planeta-octogono\/files\/2014\/02\/1471960_552330514848320_73289560_n.jpg\" width=\"600\" height=\"432\" \/><\/a><figcaption id=\"caption-attachment-10604\" class=\"wp-caption-text\"><strong><em>Andy Ristie venceu \u00faltimo GP de leves &#8211; Divulga\u00e7\u00e3o GLORY\/James Law<\/em><\/strong><\/figcaption><\/figure>\n<p style=\"text-align: center\"><strong><em>Peso Meio M\u00e9dio &#8211; at\u00e9 77 kg<\/em><\/strong><\/p>\n<p style=\"text-align: center\"><strong><em>Nieky Holzken &#8211; Holanda<\/em><\/strong><\/p>\n<p style=\"text-align: center\"><strong><em>Joseph Valtellini &#8211; Canad\u00e1<\/em><\/strong><\/p>\n<p style=\"text-align: center\"><strong><em>Alexandr Stetcurenko &#8211; R\u00fassia<\/em><\/strong><\/p>\n<p style=\"text-align: center\"><strong><em>Karapet Karapetyan &#8211; Arm\u00eania<\/em><\/strong><\/p>\n<p style=\"text-align: center\"><strong><em>Marc de Bonte &#8211; B\u00e9lgica<\/em><\/strong><\/p>\n<p style=\"text-align: center\"><strong><em>Artur Kyschenko &#8211; Ucr\u00e2nia<\/em><\/strong><\/p>\n<p style=\"text-align: center\"><strong><em>Karim Ghajji &#8211; Fran\u00e7a<\/em><\/strong><\/p>\n<p style=\"text-align: center\"><strong><em>Jonathan Oliveira &#8211; Brasil<\/em><\/strong><\/p>\n<figure id=\"attachment_10605\" aria-describedby=\"caption-attachment-10605\" style=\"width: 600px\" class=\"wp-caption aligncenter\"><a href=\"https:\/\/blogs.gazetaesportiva.com\/planeta-octogono\/files\/2014\/02\/holzken.jpg\"><img loading=\"lazy\" decoding=\"async\" class=\"size-full wp-image-10605\" alt=\"Nieky Holzken venceu o \u00faltimo GP de meio m\u00e9dios no Jap\u00e3o - Bruno Massami\" src=\"https:\/\/blogs.gazetaesportiva.com\/planeta-octogono\/files\/2014\/02\/holzken.jpg\" width=\"600\" height=\"400\" \/><\/a><figcaption id=\"caption-attachment-10605\" class=\"wp-caption-text\"><strong><em>Nieky Holzken venceu o \u00faltimo GP de meio m\u00e9dios no Jap\u00e3o &#8211; Bruno Massami<\/em><\/strong><\/figcaption><\/figure>\n<p style=\"text-align: center\"><strong><em>Peso M\u00e9dio &#8211; at\u00e9 85 kg<\/em><\/strong><\/p>\n<p style=\"text-align: center\"><strong><em>Artem Levin -R\u00fassia<\/em><\/strong><\/p>\n<p style=\"text-align: center\"><strong><em>Joe Schilling &#8211; Estados Unidos<\/em><\/strong><\/p>\n<p style=\"text-align: center\"><strong><em>Wayne Barrett &#8211; Estados Unidos<\/em><\/strong><\/p>\n<p style=\"text-align: center\"><strong><em>Sahak Parparyan &#8211; Arm\u00eania<\/em><\/strong><\/p>\n<p style=\"text-align: center\"><strong><em>Jason Wilnis &#8211; Holanda<\/em><\/strong><\/p>\n<p style=\"text-align: center\"><strong><em>Kengo Shimizu &#8211; Jap\u00e3o<\/em><\/strong><\/p>\n<p style=\"text-align: center\"><strong><em>Dustin Jacoby &#8211; Estados Unidos<\/em><\/strong><\/p>\n<p style=\"text-align: center\"><strong><em>Mark Lemaire &#8211; Estados Unidos<\/em><\/strong><\/p>\n<figure id=\"attachment_10606\" aria-describedby=\"caption-attachment-10606\" style=\"width: 600px\" class=\"wp-caption aligncenter\"><a href=\"https:\/\/blogs.gazetaesportiva.com\/planeta-octogono\/files\/2014\/02\/560556_523757477705624_77392567_n.jpg\"><img loading=\"lazy\" decoding=\"async\" class=\" wp-image-10606 \" alt=\"Artem Levin ainda \u00e9 o primeiro colocado mesmo perdendo final de GP para Schilling - Divulga\u00e7\u00e3o GLORY\/James Law\" src=\"https:\/\/blogs.gazetaesportiva.com\/planeta-octogono\/files\/2014\/02\/560556_523757477705624_77392567_n.jpg\" width=\"600\" height=\"432\" \/><\/a><figcaption id=\"caption-attachment-10606\" class=\"wp-caption-text\"><strong><em>Russo Artem Levin ainda \u00e9 o primeiro colocado mesmo perdendo final de GP para Schilling &#8211; Divulga\u00e7\u00e3o GLORY\/James Law<\/em><\/strong><\/figcaption><\/figure>\n<p style=\"text-align: center\"><strong><em>Peso Meio Pesado &#8211; at\u00e9 95 kg<\/em><\/strong><\/p>\n<p style=\"text-align: center\"><strong><em>Tyrone Spong &#8211; Suriname\/Holanda<\/em><\/strong><\/p>\n<p style=\"text-align: center\"><strong><em>Gohkan Saki &#8211; Turquia<\/em><\/strong><\/p>\n<p style=\"text-align: center\"><strong><em>Danyo Ilunga &#8211; Alemanha<\/em><\/strong><\/p>\n<p style=\"text-align: center\"><strong><em>Saulo Cavalari &#8211; Brasil<\/em><\/strong><\/p>\n<p style=\"text-align: center\"><strong><em>Andrei Stoica &#8211; Rom\u00eania<\/em><\/strong><\/p>\n<p style=\"text-align: center\"><strong><em>Filip Verlinden &#8211; Holanda<\/em><\/strong><\/p>\n<p style=\"text-align: center\"><strong><em>Brian Collette &#8211; Estados Unidos<\/em><\/strong><\/p>\n<p style=\"text-align: center\"><strong><em>Nathan Corbett &#8211; Austr\u00e1lia<\/em><\/strong><\/p>\n<figure id=\"attachment_10607\" aria-describedby=\"caption-attachment-10607\" style=\"width: 600px\" class=\"wp-caption aligncenter\"><a href=\"https:\/\/blogs.gazetaesportiva.com\/planeta-octogono\/files\/2014\/02\/1044249_479839538764085_814477320_n.jpg\"><img loading=\"lazy\" decoding=\"async\" class=\" wp-image-10607 \" alt=\"Tyrone Spong venceu Gp de meio pesados em Nova York - DIvulga\u00e7\u00e3o GLORY\/Ben Pontier\" src=\"https:\/\/blogs.gazetaesportiva.com\/planeta-octogono\/files\/2014\/02\/1044249_479839538764085_814477320_n.jpg\" width=\"600\" height=\"432\" \/><\/a><figcaption id=\"caption-attachment-10607\" class=\"wp-caption-text\"><strong><em>Tyrone Spong venceu Gp de meio pesados em Nova York &#8211; DIvulga\u00e7\u00e3o GLORY\/Ben Pontier<\/em><\/strong><\/figcaption><\/figure>\n<p>&nbsp;<\/p>\n<p style=\"text-align: center\"><strong><em>Peso Pesado &#8211; at\u00e9 120 kg<\/em><\/strong><\/p>\n<p style=\"text-align: center\"><strong><em>Daniel Ghita &#8211; Rom\u00eania<\/em><\/strong><\/p>\n<p style=\"text-align: center\"><strong><em>Rico Verhoeven &#8211; Holanda<\/em><\/strong><\/p>\n<p style=\"text-align: center\"><strong><em>Semmy Schilt &#8211; Holanda<\/em><\/strong><\/p>\n<p style=\"text-align: center\"><strong><em>Anderson Braddock &#8211; Brasil<\/em><\/strong><\/p>\n<p style=\"text-align: center\"><strong><em>Ben Edwards &#8211; Austr\u00e1lia<\/em><\/strong><\/p>\n<p style=\"text-align: center\"><strong><em>Sergey Kharitonov &#8211; R\u00fassia<\/em><\/strong><\/p>\n<p style=\"text-align: center\"><strong><em>Errol Zimmerman &#8211; Ilhas Cura\u00e7ao<\/em><\/strong><\/p>\n<p style=\"text-align: center\"><strong><em>Hesdy Gerges &#8211; Egito<\/em><\/strong><\/p>\n<figure id=\"attachment_10608\" aria-describedby=\"caption-attachment-10608\" style=\"width: 600px\" class=\"wp-caption aligncenter\"><a href=\"https:\/\/blogs.gazetaesportiva.com\/planeta-octogono\/files\/2014\/02\/ghita.jpg\"><img loading=\"lazy\" decoding=\"async\" class=\"size-full wp-image-10608\" alt=\"Daniel Ghita \u00e9 o numero um entre os pesados - Bruno Massami\" src=\"https:\/\/blogs.gazetaesportiva.com\/planeta-octogono\/files\/2014\/02\/ghita.jpg\" width=\"600\" height=\"400\" \/><\/a><figcaption id=\"caption-attachment-10608\" class=\"wp-caption-text\"><strong><em>Daniel Ghita \u00e9 o numero um entre os pesados &#8211; Bruno Massami<\/em><\/strong><\/figcaption><\/figure>\n<p>&nbsp;<\/p>\n<p style=\"text-align: center\"><strong><em>Conhe\u00e7a o GLORY:<\/em><\/strong><\/p>\n<p style=\"text-align: center\"><strong><em>[yframe url=&#8217;http:\/\/www.youtube.com\/watch?v=ICXXKusJAzs&#8217;]<\/em><\/strong><\/p>\n<p style=\"text-align: center\"><strong><em>[yframe url=&#8217;http:\/\/www.youtube.com\/watch?v=1fzmdCAztTU&#8217;]<\/em><\/strong><\/p>\n","protected":false},"excerpt":{"rendered":"<p>&nbsp; O GLORY, maior evento de kickboxing do mundo, anunciou uma mudan\u00e7a em seu sistema de rankings. Buscando familiarizar os f\u00e3s, a organiza\u00e7\u00e3o resolveu deixar <a class=\"read-more\" href=\"https:\/\/blogs.gazetaesportiva.com\/planeta-octogono\/2014\/02\/10\/com-cinturoes-vagos-glory-muda-sistema-de-rankings-e-adiciona-gohkan-saki-no-segundo-lugar-do-peso-meio-pesado\/\">leia mais<\/a><\/p>\n","protected":false},"author":33,"featured_media":10608,"comment_status":"open","ping_status":"open","sticky":false,"template":"","format":"standard","meta":{"jetpack_post_was_ever_published":false,"_jetpack_newsletter_access":"","_jetpack_dont_email_post_to_subs":false,"_jetpack_newsletter_tier_id":0,"_jetpack_memberships_contains_paywalled_content":false,"_jetpack_memberships_contains_paid_content":false,"footnotes":"","jetpack_publicize_message":"","jetpack_publicize_feature_enabled":true,"jetpack_social_post_already_shared":false,"jetpack_social_options":{"image_generator_settings":{"template":"highway","default_image_id":0,"font":"","enabled":false},"version":2}},"categories":[1],"tags":[],"class_list":["post-10601","post","type-post","status-publish","format-standard","has-post-thumbnail","hentry","category-principal"],"jetpack_publicize_connections":[],"jetpack_featured_media_url":"https:\/\/blogs.gazetaesportiva.com\/planeta-octogono\/files\/2014\/02\/ghita.jpg","jetpack_sharing_enabled":true,"jetpack_shortlink":"https:\/\/wp.me\/p6rqUQ-2KZ","_links":{"self":[{"href":"https:\/\/blogs.gazetaesportiva.com\/planeta-octogono\/wp-json\/wp\/v2\/posts\/10601","targetHints":{"allow":["GET"]}}],"collection":[{"href":"https:\/\/blogs.gazetaesportiva.com\/planeta-octogono\/wp-json\/wp\/v2\/posts"}],"about":[{"href":"https:\/\/blogs.gazetaesportiva.com\/planeta-octogono\/wp-json\/wp\/v2\/types\/post"}],"author":[{"embeddable":true,"href":"https:\/\/blogs.gazetaesportiva.com\/planeta-octogono\/wp-json\/wp\/v2\/users\/33"}],"replies":[{"embeddable":true,"href":"https:\/\/blogs.gazetaesportiva.com\/planeta-octogono\/wp-json\/wp\/v2\/comments?post=10601"}],"version-history":[{"count":0,"href":"https:\/\/blogs.gazetaesportiva.com\/planeta-octogono\/wp-json\/wp\/v2\/posts\/10601\/revisions"}],"wp:featuredmedia":[{"embeddable":true,"href":"https:\/\/blogs.gazetaesportiva.com\/planeta-octogono\/wp-json\/wp\/v2\/media\/10608"}],"wp:attachment":[{"href":"https:\/\/blogs.gazetaesportiva.com\/planeta-octogono\/wp-json\/wp\/v2\/media?parent=10601"}],"wp:term":[{"taxonomy":"category","embeddable":true,"href":"https:\/\/blogs.gazetaesportiva.com\/planeta-octogono\/wp-json\/wp\/v2\/categories?post=10601"},{"taxonomy":"post_tag","embeddable":true,"href":"https:\/\/blogs.gazetaesportiva.com\/planeta-octogono\/wp-json\/wp\/v2\/tags?post=10601"}],"curies":[{"name":"wp","href":"https:\/\/api.w.org\/{rel}","templated":true}]}}