{"id":10589,"date":"2014-02-10T10:49:56","date_gmt":"2014-02-10T12:49:56","guid":{"rendered":"https:\/\/blogs.gazetaesportiva.com\/planeta-octogono\/?p=10589"},"modified":"2014-02-10T10:49:56","modified_gmt":"2014-02-10T12:49:56","slug":"advogado-de-thiago-silva-revela-sofrimento-de-lutador-em-prisao-americana-esta-humilhado-e-triste","status":"publish","type":"post","link":"https:\/\/blogs.gazetaesportiva.com\/planeta-octogono\/2014\/02\/10\/advogado-de-thiago-silva-revela-sofrimento-de-lutador-em-prisao-americana-esta-humilhado-e-triste\/","title":{"rendered":"Advogado de Thiago Silva revela sofrimento de lutador em pris\u00e3o americana: Est\u00e1 humilhado e triste!"},"content":{"rendered":"<figure id=\"attachment_10522\" aria-describedby=\"caption-attachment-10522\" style=\"width: 600px\" class=\"wp-caption aligncenter\"><a href=\"https:\/\/blogs.gazetaesportiva.com\/planeta-octogono\/files\/2014\/02\/1086_08.27.2013_48500_ef_20131008.jpg\"><img loading=\"lazy\" decoding=\"async\" class=\" wp-image-10522 \" alt=\"Thiago Silva (esquerda) \u00e9 preso nos Estados Unidos - Wander Roberto\/Inovafoto\" src=\"https:\/\/blogs.gazetaesportiva.com\/planeta-octogono\/files\/2014\/02\/1086_08.27.2013_48500_ef_20131008.jpg\" width=\"600\" height=\"432\" \/><\/a><figcaption id=\"caption-attachment-10522\" class=\"wp-caption-text\">Thiago Silva (esquerda) \u00e9 preso nos Estados Unidos &#8211; Wander Roberto\/Inovafoto<\/figcaption><\/figure>\n<p>&nbsp;<\/p>\n<p>Ap\u00f3s ser preso acusado de amea\u00e7ar sua ex-esposa, o lutador brasileiro Thiago Silva est\u00e1 passando por momentos ruins na pris\u00e3o.<\/p>\n<p>Em entrevista ao site Combate.com, o advogado do lutador, Scott Saul, revelou como o lutador reagiu a sua pris\u00e3o ap\u00f3s ser preso nos Estados Unidos.<\/p>\n<p>Scott encontrou o lutador no \u00faltimo domingo e contou como o atleta est\u00e1 reagindo com a situa\u00e7\u00e3o.<\/p>\n<p>&#8220;Eu o vi hoje e enfim, \u00e9 uma cadeia, n\u00e3o \u00e9 um bom lugar para se estar.<\/p>\n<p>Mas ele disse que est\u00e1 sendo bem tratado, algumas pessoas l\u00e1 dentro o reconhecem, sabem quem ele \u00e9 e o est\u00e3o apoiando. Ele est\u00e1 bem.<\/p>\n<p>Mas Thiago n\u00e3o fez nada do que disseram, \u00e9 inocente e, claro, est\u00e1 muito triste de estar preso.<\/p>\n<p>Ele nunca teve um problema com a lei antes, nunca tinha sido preso. Ele est\u00e1 humilhado, muito triste porque tudo isso aconteceu.&#8221; contou Saul.<\/p>\n<figure id=\"attachment_10521\" aria-describedby=\"caption-attachment-10521\" style=\"width: 300px\" class=\"wp-caption alignright\"><a href=\"https:\/\/blogs.gazetaesportiva.com\/planeta-octogono\/files\/2014\/02\/thiagosilvapreso.jpg\"><img loading=\"lazy\" decoding=\"async\" class=\"size-full wp-image-10521\" alt=\"Foto de brasileiro preso \u00e9 publicada pela pol\u00edcia americana - Divulga\u00e7\u00e3o Broward Sheriff's Office\" src=\"https:\/\/blogs.gazetaesportiva.com\/planeta-octogono\/files\/2014\/02\/thiagosilvapreso.jpg\" width=\"300\" height=\"397\" \/><\/a><figcaption id=\"caption-attachment-10521\" class=\"wp-caption-text\">Foto de brasileiro preso \u00e9 publicada pela pol\u00edcia americana &#8211; Divulga\u00e7\u00e3o Broward Sheriff&#8217;s Office<\/figcaption><\/figure>\n<p>O advogado rebateu as acusa\u00e7\u00f5es de Thaysa Silva, ex-esposa do lutador e acredita que o caso est\u00e1 sendo tratado com exagero pela pol\u00edcia e imprensa.<\/p>\n<p>&#8220;O caso \u00e9 que Thiago est\u00e1 tendo problemas com a sua esposa, eles n\u00e3o estavam se entendendo e, como ele \u00e9 um lutador profissional, na minha opini\u00e3o, eu acho que a pol\u00edcia teve uma resposta exagerada \u00e0 situa\u00e7\u00e3o.<\/p>\n<p>Eu acho que o caso n\u00e3o precisava ter tomado essa dimens\u00e3o, pois o Thiago nunca bateu em ningu\u00e9m, nunca ergueu a m\u00e3o para ningu\u00e9m ou apertou o gatilho da arma.<\/p>\n<p>Ele n\u00e3o fez nada violento. Ele n\u00e3o desafiou a pol\u00edcia de forma alguma. A casa dele foi cercada por times da SWAT e carros blindados e eles deram a entender que o Thiago se trancou em casa armado e que uma negocia\u00e7\u00e3o de ref\u00e9ns precisava acontecer.<\/p>\n<p>Mas isso n\u00e3o foi o que aconteceu. Ele n\u00e3o se isolou em casa, n\u00e3o correu da pol\u00edcia e nunca disse \u00e0 pol\u00edcia que iria enfrent\u00e1-los ou lutar contra eles.<\/p>\n<p>Ele n\u00e3o fez nada disso. N\u00e3o havia necessidade de toda essa pol\u00edcia e de tudo o que foi visto pela TV.&#8221; criticou.<\/p>\n<p>Saul est\u00e1 trabalhando no caso e tamb\u00e9m contou os pr\u00f3ximos passos para defender o lutador nos tribunais.<\/p>\n<p>&#8220;\u00c9 imposs\u00edvel dizer o que vai acontecer, pois n\u00f3s estamos apenas no come\u00e7o do caso. O que aconteceu \u00e9 que na quinta-feira \u00e0 noite, a pol\u00edcia o prendeu.<\/p>\n<p>E h\u00e1 uma grande diferen\u00e7a em como a procuradoria o acusou e a forma como ele foi preso.<\/p>\n<p>Thiago foi preso por duas tentativas de agress\u00e3o com risco de morte, mas quando n\u00f3s fomos \u00e0 Corte, o juiz entendeu que n\u00e3o havia evid\u00eancias suficientes para sustentar esse tipo de acusa\u00e7\u00e3o.<\/p>\n<p>Ele foi preso, o caso ainda nem recebeu um n\u00famero e o que precisa realmente acontecer agora \u00e9 que a Procuradoria do Estado precisa rever o caso e decidir quais ser\u00e3o as acusa\u00e7\u00f5es formais.<\/p>\n<p>Como advogado, eu estou tentando investigar a verdade da quest\u00e3o para saber o que aconteceu.<\/p>\n<p>At\u00e9 agora \u00e9 uma alega\u00e7\u00e3o, Thiago n\u00e3o foi culpado de nada. Ele n\u00e3o foi nem oficialmente acusado de nada. A vers\u00e3o que est\u00e1 na m\u00eddia \u00e9 o que a pol\u00edcia colocou no relat\u00f3rio.<\/p>\n<p>Para explicar como funciona no Estado da Fl\u00f3rida, a procuradoria vai levar em torno de 30 dias para apresentar uma decis\u00e3o.<\/p>\n<p>Ent\u00e3o esse \u00e9 o problema agora. Eu preciso fazer o que puder para convencer a procuradoria de que, independente do que a pol\u00edcia registrou no boletim, as coisas n\u00e3o aconteceram daquela forma exata.<\/p>\n<p>Pode ser que o que a esposa do Thiago disse tenha sido tirado de contexto, eu n\u00e3o sei.<\/p>\n<p>Havia muitas pessoas l\u00e1 na hora, muitos policiais, mas eles n\u00e3o testemunharam nada demais.\u201d analisou.<\/p>\n<p>Apesar das declara\u00e7\u00f5es do advogado, Thiago acabou sendo demitido do UFC e banido da organiza\u00e7\u00e3o segundo o Presidente, Dana White.<\/p>\n<p>O lutador ainda permanece preso nos Estados Unidos enquanto seu advogado cuida de seu caso.<\/p>\n<p>&nbsp;<\/p>\n","protected":false},"excerpt":{"rendered":"<p>&nbsp; Ap\u00f3s ser preso acusado de amea\u00e7ar sua ex-esposa, o lutador brasileiro Thiago Silva est\u00e1 passando por momentos ruins na pris\u00e3o. Em entrevista ao site <a class=\"read-more\" href=\"https:\/\/blogs.gazetaesportiva.com\/planeta-octogono\/2014\/02\/10\/advogado-de-thiago-silva-revela-sofrimento-de-lutador-em-prisao-americana-esta-humilhado-e-triste\/\">leia mais<\/a><\/p>\n","protected":false},"author":33,"featured_media":0,"comment_status":"open","ping_status":"open","sticky":false,"template":"","format":"standard","meta":{"jetpack_post_was_ever_published":false,"_jetpack_newsletter_access":"","_jetpack_dont_email_post_to_subs":false,"_jetpack_newsletter_tier_id":0,"_jetpack_memberships_contains_paywalled_content":false,"_jetpack_memberships_contains_paid_content":false,"footnotes":"","jetpack_publicize_message":"","jetpack_publicize_feature_enabled":true,"jetpack_social_post_already_shared":false,"jetpack_social_options":{"image_generator_settings":{"template":"highway","default_image_id":0,"font":"","enabled":false},"version":2}},"categories":[1],"tags":[],"class_list":["post-10589","post","type-post","status-publish","format-standard","hentry","category-principal"],"jetpack_publicize_connections":[],"jetpack_featured_media_url":"","jetpack_sharing_enabled":true,"jetpack_shortlink":"https:\/\/wp.me\/p6rqUQ-2KN","_links":{"self":[{"href":"https:\/\/blogs.gazetaesportiva.com\/planeta-octogono\/wp-json\/wp\/v2\/posts\/10589","targetHints":{"allow":["GET"]}}],"collection":[{"href":"https:\/\/blogs.gazetaesportiva.com\/planeta-octogono\/wp-json\/wp\/v2\/posts"}],"about":[{"href":"https:\/\/blogs.gazetaesportiva.com\/planeta-octogono\/wp-json\/wp\/v2\/types\/post"}],"author":[{"embeddable":true,"href":"https:\/\/blogs.gazetaesportiva.com\/planeta-octogono\/wp-json\/wp\/v2\/users\/33"}],"replies":[{"embeddable":true,"href":"https:\/\/blogs.gazetaesportiva.com\/planeta-octogono\/wp-json\/wp\/v2\/comments?post=10589"}],"version-history":[{"count":0,"href":"https:\/\/blogs.gazetaesportiva.com\/planeta-octogono\/wp-json\/wp\/v2\/posts\/10589\/revisions"}],"wp:attachment":[{"href":"https:\/\/blogs.gazetaesportiva.com\/planeta-octogono\/wp-json\/wp\/v2\/media?parent=10589"}],"wp:term":[{"taxonomy":"category","embeddable":true,"href":"https:\/\/blogs.gazetaesportiva.com\/planeta-octogono\/wp-json\/wp\/v2\/categories?post=10589"},{"taxonomy":"post_tag","embeddable":true,"href":"https:\/\/blogs.gazetaesportiva.com\/planeta-octogono\/wp-json\/wp\/v2\/tags?post=10589"}],"curies":[{"name":"wp","href":"https:\/\/api.w.org\/{rel}","templated":true}]}}