{"id":10583,"date":"2014-02-09T18:57:23","date_gmt":"2014-02-09T20:57:23","guid":{"rendered":"https:\/\/blogs.gazetaesportiva.com\/planeta-octogono\/?p=10583"},"modified":"2014-02-09T18:57:23","modified_gmt":"2014-02-09T20:57:23","slug":"lenda-do-kickboxing-ernesto-hoost-diz-que-ficou-triste-com-grave-lesao-de-anderson-silva","status":"publish","type":"post","link":"https:\/\/blogs.gazetaesportiva.com\/planeta-octogono\/2014\/02\/09\/lenda-do-kickboxing-ernesto-hoost-diz-que-ficou-triste-com-grave-lesao-de-anderson-silva\/","title":{"rendered":"Lenda do Kickboxing, Ernesto Hoost diz que ficou triste com grave les\u00e3o de Anderson Silva"},"content":{"rendered":"<figure id=\"attachment_10584\" aria-describedby=\"caption-attachment-10584\" style=\"width: 600px\" class=\"wp-caption aligncenter\"><a href=\"https:\/\/blogs.gazetaesportiva.com\/planeta-octogono\/files\/2014\/02\/hoost.jpg\"><img loading=\"lazy\" decoding=\"async\" class=\"size-full wp-image-10584\" alt=\"Lenda do kickboxing, holand\u00eas Ernesto Hoost revelou tristeza com grande les\u00e3o de Anderson - Bruno Massami\" src=\"https:\/\/blogs.gazetaesportiva.com\/planeta-octogono\/files\/2014\/02\/hoost.jpg\" width=\"600\" height=\"400\" \/><\/a><figcaption id=\"caption-attachment-10584\" class=\"wp-caption-text\">Lenda do kickboxing, holand\u00eas Ernesto Hoost revelou tristeza com grande les\u00e3o de Anderson &#8211; Bruno Massami<\/figcaption><\/figure>\n<p>&nbsp;<\/p>\n<p>A lenda holandesa de kickboxing,\u00a0Ernesto Hoost,\u00a0quatro vezes campe\u00e3o mundial da modalidade, revelou ter ficado chocado com a les\u00e3o sofrida por Anderson Silva no UFC 168.<\/p>\n<p>Em entrevista exclusiva ao blog, Ernesto lamentou a les\u00e3o e disse que \u00e9 f\u00e3 do brasileiro.<\/p>\n<p>&#8220;Fiquei muito triste quando soube o que aconteceu com o Anderson. Eu sou um f\u00e3 dele. De como ele luta e se movimenta.<\/p>\n<p>Foi realmente uma les\u00e3o bem grave, mas espero que ele consiga se recuperar rapidamente. E que volte a lutar de novo.&#8221; contou Hoost.<\/p>\n<p>O lutador que realizou um semin\u00e1rio, na academia brasileira Brazilian Thai, na cidade de Komaki no Jap\u00e3o, foi convidado pelo lutador brasileiro Danilo Zanolini que participou do semin\u00e1rio.<\/p>\n<p>Hoost deu um semin\u00e1rio de duas horas, ensinando alunos e atletas profissionais, golpes e detalhes para ajudar na evolu\u00e7\u00e3o dos mesmos.<\/p>\n<p>&#8220;Agrade\u00e7o a oportunidade do Danilo. De me trazer aqui. eu adoro o Brasil e os brasileiros e sempre que puder ir ao pa\u00eds, para mim \u00e9 uma honra.&#8221; contou Hoost.<\/p>\n<p>&nbsp;<\/p>\n<figure id=\"attachment_10585\" aria-describedby=\"caption-attachment-10585\" style=\"width: 600px\" class=\"wp-caption aligncenter\"><a href=\"https:\/\/blogs.gazetaesportiva.com\/planeta-octogono\/files\/2014\/02\/hoostdanilo.jpg\"><img loading=\"lazy\" decoding=\"async\" class=\"size-full wp-image-10585\" alt=\"Hoost posa para fotos com lutador brasileiro Danilo Zanolini - Bruno Massami\" src=\"https:\/\/blogs.gazetaesportiva.com\/planeta-octogono\/files\/2014\/02\/hoostdanilo.jpg\" width=\"600\" height=\"400\" \/><\/a><figcaption id=\"caption-attachment-10585\" class=\"wp-caption-text\">Hoost posa para fotos com lutador brasileiro Danilo Zanolini &#8211; Bruno Massami<\/figcaption><\/figure>\n","protected":false},"excerpt":{"rendered":"<p>&nbsp; A lenda holandesa de kickboxing,\u00a0Ernesto Hoost,\u00a0quatro vezes campe\u00e3o mundial da modalidade, revelou ter ficado chocado com a les\u00e3o sofrida por Anderson Silva no UFC <a class=\"read-more\" href=\"https:\/\/blogs.gazetaesportiva.com\/planeta-octogono\/2014\/02\/09\/lenda-do-kickboxing-ernesto-hoost-diz-que-ficou-triste-com-grave-lesao-de-anderson-silva\/\">leia mais<\/a><\/p>\n","protected":false},"author":33,"featured_media":10585,"comment_status":"open","ping_status":"open","sticky":false,"template":"","format":"standard","meta":{"jetpack_post_was_ever_published":false,"_jetpack_newsletter_access":"","_jetpack_dont_email_post_to_subs":false,"_jetpack_newsletter_tier_id":0,"_jetpack_memberships_contains_paywalled_content":false,"_jetpack_memberships_contains_paid_content":false,"footnotes":"","jetpack_publicize_message":"","jetpack_publicize_feature_enabled":true,"jetpack_social_post_already_shared":false,"jetpack_social_options":{"image_generator_settings":{"template":"highway","default_image_id":0,"font":"","enabled":false},"version":2}},"categories":[1],"tags":[],"class_list":["post-10583","post","type-post","status-publish","format-standard","has-post-thumbnail","hentry","category-principal"],"jetpack_publicize_connections":[],"jetpack_featured_media_url":"https:\/\/blogs.gazetaesportiva.com\/planeta-octogono\/files\/2014\/02\/hoostdanilo.jpg","jetpack_sharing_enabled":true,"jetpack_shortlink":"https:\/\/wp.me\/p6rqUQ-2KH","_links":{"self":[{"href":"https:\/\/blogs.gazetaesportiva.com\/planeta-octogono\/wp-json\/wp\/v2\/posts\/10583","targetHints":{"allow":["GET"]}}],"collection":[{"href":"https:\/\/blogs.gazetaesportiva.com\/planeta-octogono\/wp-json\/wp\/v2\/posts"}],"about":[{"href":"https:\/\/blogs.gazetaesportiva.com\/planeta-octogono\/wp-json\/wp\/v2\/types\/post"}],"author":[{"embeddable":true,"href":"https:\/\/blogs.gazetaesportiva.com\/planeta-octogono\/wp-json\/wp\/v2\/users\/33"}],"replies":[{"embeddable":true,"href":"https:\/\/blogs.gazetaesportiva.com\/planeta-octogono\/wp-json\/wp\/v2\/comments?post=10583"}],"version-history":[{"count":0,"href":"https:\/\/blogs.gazetaesportiva.com\/planeta-octogono\/wp-json\/wp\/v2\/posts\/10583\/revisions"}],"wp:featuredmedia":[{"embeddable":true,"href":"https:\/\/blogs.gazetaesportiva.com\/planeta-octogono\/wp-json\/wp\/v2\/media\/10585"}],"wp:attachment":[{"href":"https:\/\/blogs.gazetaesportiva.com\/planeta-octogono\/wp-json\/wp\/v2\/media?parent=10583"}],"wp:term":[{"taxonomy":"category","embeddable":true,"href":"https:\/\/blogs.gazetaesportiva.com\/planeta-octogono\/wp-json\/wp\/v2\/categories?post=10583"},{"taxonomy":"post_tag","embeddable":true,"href":"https:\/\/blogs.gazetaesportiva.com\/planeta-octogono\/wp-json\/wp\/v2\/tags?post=10583"}],"curies":[{"name":"wp","href":"https:\/\/api.w.org\/{rel}","templated":true}]}}