{"id":10575,"date":"2014-02-09T18:26:44","date_gmt":"2014-02-09T20:26:44","guid":{"rendered":"https:\/\/blogs.gazetaesportiva.com\/planeta-octogono\/?p=10575"},"modified":"2014-02-09T18:26:44","modified_gmt":"2014-02-09T20:26:44","slug":"se-encarando-pela-primeira-vez-vitor-belfort-e-chris-weidman-posam-para-foto-de-divulgacao-de-evento-do-ufc","status":"publish","type":"post","link":"https:\/\/blogs.gazetaesportiva.com\/planeta-octogono\/2014\/02\/09\/se-encarando-pela-primeira-vez-vitor-belfort-e-chris-weidman-posam-para-foto-de-divulgacao-de-evento-do-ufc\/","title":{"rendered":"Se encarando pela primeira vez, Vitor Belfort e Chris Weidman posam para foto de divulga\u00e7\u00e3o de evento do UFC"},"content":{"rendered":"<figure id=\"attachment_10576\" aria-describedby=\"caption-attachment-10576\" style=\"width: 640px\" class=\"wp-caption aligncenter\"><a href=\"https:\/\/blogs.gazetaesportiva.com\/planeta-octogono\/files\/2014\/02\/weidmanvitor.jpg\"><img loading=\"lazy\" decoding=\"async\" class=\"size-full wp-image-10576\" alt=\"Lutadores se encaram pela primeira vez - Reprodu\u00e7\u00e3o Instagram\" src=\"https:\/\/blogs.gazetaesportiva.com\/planeta-octogono\/files\/2014\/02\/weidmanvitor.jpg\" width=\"640\" height=\"640\" \/><\/a><figcaption id=\"caption-attachment-10576\" class=\"wp-caption-text\">Lutadores se encaram pela primeira vez &#8211; Reprodu\u00e7\u00e3o Instagram<\/figcaption><\/figure>\n<p>&nbsp;<\/p>\n<p>&nbsp;<\/p>\n<p>Em uma foto postada nas redes sociais, os lutadores Vitor Belfort e Chris Weidman (campe\u00e3o peso m\u00e9dio do UFC) se encararam pela primeira vez.<\/p>\n<p>A imagem divulgada pelo lutador brasileiro traz uma mensagem do lutador aos f\u00e3s, pedindo apoio para seu combate que vai acontecer nos Estados Unidos no dia 24 de maio.<\/p>\n<p>&#8221;\u00a0Eu quero saber quem vai estar l\u00e1 em Vegas, vamos lotar a arena de verde e amarelo. Brasil! Essa luta ser\u00e1 uma final da Copa do Mundo.<\/p>\n<p>N\u00e3o perca essa oportunidade. Conto com a torcida mais contagiante do mundo. No dia seremos 2 contra 1, pois o 3\u00ba homem no oct\u00f3gono ser\u00e1 a voz de voc\u00eas.&#8221; escreveu Belfort.<\/p>\n<p>O combate ser\u00e1 o principal do UFC 173 que acontece me Las Vegas e tem o confronto co principal entre outro brasileiro, Wanderlei Silva que enfrenta o americano Chael Sonnen.<\/p>\n","protected":false},"excerpt":{"rendered":"<p>&nbsp; &nbsp; Em uma foto postada nas redes sociais, os lutadores Vitor Belfort e Chris Weidman (campe\u00e3o peso m\u00e9dio do UFC) se encararam pela primeira <a class=\"read-more\" href=\"https:\/\/blogs.gazetaesportiva.com\/planeta-octogono\/2014\/02\/09\/se-encarando-pela-primeira-vez-vitor-belfort-e-chris-weidman-posam-para-foto-de-divulgacao-de-evento-do-ufc\/\">leia mais<\/a><\/p>\n","protected":false},"author":33,"featured_media":10576,"comment_status":"open","ping_status":"open","sticky":false,"template":"","format":"standard","meta":{"jetpack_post_was_ever_published":false,"_jetpack_newsletter_access":"","_jetpack_dont_email_post_to_subs":false,"_jetpack_newsletter_tier_id":0,"_jetpack_memberships_contains_paywalled_content":false,"_jetpack_memberships_contains_paid_content":false,"footnotes":"","jetpack_publicize_message":"","jetpack_publicize_feature_enabled":true,"jetpack_social_post_already_shared":false,"jetpack_social_options":{"image_generator_settings":{"template":"highway","default_image_id":0,"font":"","enabled":false},"version":2}},"categories":[1],"tags":[],"class_list":["post-10575","post","type-post","status-publish","format-standard","has-post-thumbnail","hentry","category-principal"],"jetpack_publicize_connections":[],"jetpack_featured_media_url":"https:\/\/blogs.gazetaesportiva.com\/planeta-octogono\/files\/2014\/02\/weidmanvitor.jpg","jetpack_sharing_enabled":true,"jetpack_shortlink":"https:\/\/wp.me\/p6rqUQ-2Kz","_links":{"self":[{"href":"https:\/\/blogs.gazetaesportiva.com\/planeta-octogono\/wp-json\/wp\/v2\/posts\/10575","targetHints":{"allow":["GET"]}}],"collection":[{"href":"https:\/\/blogs.gazetaesportiva.com\/planeta-octogono\/wp-json\/wp\/v2\/posts"}],"about":[{"href":"https:\/\/blogs.gazetaesportiva.com\/planeta-octogono\/wp-json\/wp\/v2\/types\/post"}],"author":[{"embeddable":true,"href":"https:\/\/blogs.gazetaesportiva.com\/planeta-octogono\/wp-json\/wp\/v2\/users\/33"}],"replies":[{"embeddable":true,"href":"https:\/\/blogs.gazetaesportiva.com\/planeta-octogono\/wp-json\/wp\/v2\/comments?post=10575"}],"version-history":[{"count":0,"href":"https:\/\/blogs.gazetaesportiva.com\/planeta-octogono\/wp-json\/wp\/v2\/posts\/10575\/revisions"}],"wp:featuredmedia":[{"embeddable":true,"href":"https:\/\/blogs.gazetaesportiva.com\/planeta-octogono\/wp-json\/wp\/v2\/media\/10576"}],"wp:attachment":[{"href":"https:\/\/blogs.gazetaesportiva.com\/planeta-octogono\/wp-json\/wp\/v2\/media?parent=10575"}],"wp:term":[{"taxonomy":"category","embeddable":true,"href":"https:\/\/blogs.gazetaesportiva.com\/planeta-octogono\/wp-json\/wp\/v2\/categories?post=10575"},{"taxonomy":"post_tag","embeddable":true,"href":"https:\/\/blogs.gazetaesportiva.com\/planeta-octogono\/wp-json\/wp\/v2\/tags?post=10575"}],"curies":[{"name":"wp","href":"https:\/\/api.w.org\/{rel}","templated":true}]}}