{"id":10572,"date":"2014-02-09T18:20:17","date_gmt":"2014-02-09T20:20:17","guid":{"rendered":"https:\/\/blogs.gazetaesportiva.com\/planeta-octogono\/?p=10572"},"modified":"2014-02-09T18:20:17","modified_gmt":"2014-02-09T20:20:17","slug":"evento-feminino-invicta-fc-contrata-campea-do-ksw-polonesa-karolina-kowalkiewicz","status":"publish","type":"post","link":"https:\/\/blogs.gazetaesportiva.com\/planeta-octogono\/2014\/02\/09\/evento-feminino-invicta-fc-contrata-campea-do-ksw-polonesa-karolina-kowalkiewicz\/","title":{"rendered":"Evento feminino Invicta FC contrata campe\u00e3 do KSW, polonesa Karolina Kowalkiewicz"},"content":{"rendered":"<figure id=\"attachment_10573\" aria-describedby=\"caption-attachment-10573\" style=\"width: 600px\" class=\"wp-caption aligncenter\"><a href=\"https:\/\/blogs.gazetaesportiva.com\/planeta-octogono\/files\/2014\/02\/942632_495938123795018_910448855_n.jpg\"><img loading=\"lazy\" decoding=\"async\" class=\" wp-image-10573 \" alt=\"Musa assina com evento americano - Divulga\u00e7\u00e3o KSW\" src=\"https:\/\/blogs.gazetaesportiva.com\/planeta-octogono\/files\/2014\/02\/942632_495938123795018_910448855_n.jpg\" width=\"600\" height=\"432\" \/><\/a><figcaption id=\"caption-attachment-10573\" class=\"wp-caption-text\">Musa assina com evento americano &#8211; Divulga\u00e7\u00e3o KSW<\/figcaption><\/figure>\n<p>&nbsp;<\/p>\n<p>&nbsp;<\/p>\n<p>O maior evento de MMA feminino do mundo, o Invicta FC fez um grande an\u00fancio neste s\u00e1bado.<\/p>\n<p>O evento anunciou a contrata\u00e7\u00e3o da primeira campe\u00e3 feminina do evento polon\u00eas KSW, um dos maiores da Europa, Karolina Kowalkiewicz.<\/p>\n<p>Invicta com 4 vit\u00f3rias na carreira, Karolina posuui 28 anos de idade e conquistou o cintur\u00e3o inaugural feminino do KSW ap\u00f3s finalizar a compatriota Marta Chonojska em junho de 2013.<\/p>\n<p>Karolina voltou a lutar na edi\u00e7\u00e3o 24 em setembro do mesmo ano e venceu Simona Soukupova por decis\u00e3o.<\/p>\n<p>&nbsp;<\/p>\n<p style=\"text-align: center\"><strong><em>Conhe\u00e7a a nova contratada do Invicta, Karolina Kowakiewicz:<\/em><\/strong><\/p>\n<p style=\"text-align: center\">\n<p style=\"text-align: center\"><strong><em>[yframe url=&#8217;http:\/\/www.youtube.com\/watch?v=UGDJZ45Qs_4&#8242;]<\/em><\/strong><\/p>\n<p style=\"text-align: center\">\n<p style=\"text-align: center\"><strong><em>[yframe url=&#8217;http:\/\/www.youtube.com\/watch?v=S9IiC7RE12E&#8217;]<\/em><\/strong><\/p>\n","protected":false},"excerpt":{"rendered":"<p>&nbsp; &nbsp; O maior evento de MMA feminino do mundo, o Invicta FC fez um grande an\u00fancio neste s\u00e1bado. O evento anunciou a contrata\u00e7\u00e3o da <a class=\"read-more\" href=\"https:\/\/blogs.gazetaesportiva.com\/planeta-octogono\/2014\/02\/09\/evento-feminino-invicta-fc-contrata-campea-do-ksw-polonesa-karolina-kowalkiewicz\/\">leia mais<\/a><\/p>\n","protected":false},"author":33,"featured_media":10573,"comment_status":"open","ping_status":"open","sticky":false,"template":"","format":"standard","meta":{"jetpack_post_was_ever_published":false,"_jetpack_newsletter_access":"","_jetpack_dont_email_post_to_subs":false,"_jetpack_newsletter_tier_id":0,"_jetpack_memberships_contains_paywalled_content":false,"_jetpack_memberships_contains_paid_content":false,"footnotes":"","jetpack_publicize_message":"","jetpack_publicize_feature_enabled":true,"jetpack_social_post_already_shared":false,"jetpack_social_options":{"image_generator_settings":{"template":"highway","default_image_id":0,"font":"","enabled":false},"version":2}},"categories":[1],"tags":[],"class_list":["post-10572","post","type-post","status-publish","format-standard","has-post-thumbnail","hentry","category-principal"],"jetpack_publicize_connections":[],"jetpack_featured_media_url":"https:\/\/blogs.gazetaesportiva.com\/planeta-octogono\/files\/2014\/02\/942632_495938123795018_910448855_n.jpg","jetpack_sharing_enabled":true,"jetpack_shortlink":"https:\/\/wp.me\/p6rqUQ-2Kw","_links":{"self":[{"href":"https:\/\/blogs.gazetaesportiva.com\/planeta-octogono\/wp-json\/wp\/v2\/posts\/10572","targetHints":{"allow":["GET"]}}],"collection":[{"href":"https:\/\/blogs.gazetaesportiva.com\/planeta-octogono\/wp-json\/wp\/v2\/posts"}],"about":[{"href":"https:\/\/blogs.gazetaesportiva.com\/planeta-octogono\/wp-json\/wp\/v2\/types\/post"}],"author":[{"embeddable":true,"href":"https:\/\/blogs.gazetaesportiva.com\/planeta-octogono\/wp-json\/wp\/v2\/users\/33"}],"replies":[{"embeddable":true,"href":"https:\/\/blogs.gazetaesportiva.com\/planeta-octogono\/wp-json\/wp\/v2\/comments?post=10572"}],"version-history":[{"count":0,"href":"https:\/\/blogs.gazetaesportiva.com\/planeta-octogono\/wp-json\/wp\/v2\/posts\/10572\/revisions"}],"wp:featuredmedia":[{"embeddable":true,"href":"https:\/\/blogs.gazetaesportiva.com\/planeta-octogono\/wp-json\/wp\/v2\/media\/10573"}],"wp:attachment":[{"href":"https:\/\/blogs.gazetaesportiva.com\/planeta-octogono\/wp-json\/wp\/v2\/media?parent=10572"}],"wp:term":[{"taxonomy":"category","embeddable":true,"href":"https:\/\/blogs.gazetaesportiva.com\/planeta-octogono\/wp-json\/wp\/v2\/categories?post=10572"},{"taxonomy":"post_tag","embeddable":true,"href":"https:\/\/blogs.gazetaesportiva.com\/planeta-octogono\/wp-json\/wp\/v2\/tags?post=10572"}],"curies":[{"name":"wp","href":"https:\/\/api.w.org\/{rel}","templated":true}]}}