{"id":10440,"date":"2014-01-31T12:58:48","date_gmt":"2014-01-31T14:58:48","guid":{"rendered":"https:\/\/blogs.gazetaesportiva.com\/planeta-octogono\/?p=10440"},"modified":"2014-01-31T12:58:48","modified_gmt":"2014-01-31T14:58:48","slug":"visando-mercado-polones-ufc-contrata-campeao-do-ksw-jan-blachowicz","status":"publish","type":"post","link":"https:\/\/blogs.gazetaesportiva.com\/planeta-octogono\/2014\/01\/31\/visando-mercado-polones-ufc-contrata-campeao-do-ksw-jan-blachowicz\/","title":{"rendered":"Visando mercado polon\u00eas, UFC contrata campe\u00e3o do KSW, Jan Blachowicz"},"content":{"rendered":"<figure id=\"attachment_10441\" aria-describedby=\"caption-attachment-10441\" style=\"width: 599px\" class=\"wp-caption aligncenter\"><a href=\"https:\/\/blogs.gazetaesportiva.com\/planeta-octogono\/files\/2014\/01\/janblachovicz.jpg\"><img loading=\"lazy\" decoding=\"async\" class=\"size-full wp-image-10441\" alt=\"Jan Blachovicz assina com evento americano  e posta foto com contrato em redes sociais - Reprodu\u00e7\u00e3o Facebook\" src=\"https:\/\/blogs.gazetaesportiva.com\/planeta-octogono\/files\/2014\/01\/janblachovicz.jpg\" width=\"599\" height=\"329\" \/><\/a><figcaption id=\"caption-attachment-10441\" class=\"wp-caption-text\">Jan Blachowicz assina com evento americano e posta foto com contrato em redes sociais &#8211; Reprodu\u00e7\u00e3o Facebook<\/figcaption><\/figure>\n<p>&nbsp;<\/p>\n<p>Uma grande not\u00edcia para os f\u00e3s poloneses aconteceu nesta semana.<\/p>\n<p>Jan Blachowicz que \u00e9 campe\u00e3o meio pesado do maior evento do pa\u00eds, o KSW, divulgou uma foto aonde o lutador comemora o t\u00e3o esperado acerto com o UFC.<\/p>\n<p>&#8220;Eu assinei com o UFC. Eu acho que j\u00e1 posso dizer.&#8221; postou o lutador.<\/p>\n<p>O UFC que j\u00e1 tinha revelado interesse em realizar um evento na Pol\u00f4nia, pode ter em Blachowicz, o lutador ideal para promover seu evento.<\/p>\n<p>Ap\u00f3s rumores de negocia\u00e7\u00f5es passadas que n\u00e3o teriam dado certo, o lutador \u00e9 contratado pela organiza\u00e7\u00e3o e ainda n\u00e3o tem uma data para estrear j\u00e1 que est\u00e1 se recuperando de uma les\u00e3o no joelho.<\/p>\n<p>Blachowicz lutaria na edi\u00e7\u00e3o 25 em dezembro do ano passado mas acabou deixando a edi\u00e7\u00e3o devido a les\u00e3o.<\/p>\n<p>Invicto a 6 lutas, o lutador tem 30 anos de idade, 17 vit\u00f3rias e apenas 3 derrotas, seu \u00faltimo combate aconteceu na edi\u00e7\u00e3o 22 do KSW aonde venceu o croata Goran Reljic em mar\u00e7o do ano passado.<\/p>\n<p>&nbsp;<\/p>\n<figure id=\"attachment_10442\" aria-describedby=\"caption-attachment-10442\" style=\"width: 600px\" class=\"wp-caption aligncenter\"><a href=\"https:\/\/blogs.gazetaesportiva.com\/planeta-octogono\/files\/2014\/01\/ksw22pesagem11.jpg\"><img loading=\"lazy\" decoding=\"async\" class=\" wp-image-10442 \" alt=\"Blachovicz (direita) fez \u00faltimo combate no KSW em mar\u00e7o de 2013 - Divulga\u00e7\u00e3o KSW\" src=\"https:\/\/blogs.gazetaesportiva.com\/planeta-octogono\/files\/2014\/01\/ksw22pesagem11.jpg\" width=\"600\" height=\"432\" \/><\/a><figcaption id=\"caption-attachment-10442\" class=\"wp-caption-text\">Blachowicz (direita) fez \u00faltimo combate no KSW em mar\u00e7o de 2013 &#8211; Divulga\u00e7\u00e3o KSW<\/figcaption><\/figure>\n<p>&nbsp;<\/p>\n<p style=\"text-align: center\"><em><strong>Conhe\u00e7a o novo contratado do UFC, o polon\u00eas Jan Blachowicz:<\/strong><\/em><\/p>\n<p style=\"text-align: center\"><em><strong>[yframe url=&#8217;http:\/\/www.youtube.com\/watch?v=he44YHhwmg0&#8242;]<\/strong><\/em><\/p>\n<p>&nbsp;<\/p>\n","protected":false},"excerpt":{"rendered":"<p>&nbsp; Uma grande not\u00edcia para os f\u00e3s poloneses aconteceu nesta semana. Jan Blachowicz que \u00e9 campe\u00e3o meio pesado do maior evento do pa\u00eds, o KSW, <a class=\"read-more\" href=\"https:\/\/blogs.gazetaesportiva.com\/planeta-octogono\/2014\/01\/31\/visando-mercado-polones-ufc-contrata-campeao-do-ksw-jan-blachowicz\/\">leia mais<\/a><\/p>\n","protected":false},"author":33,"featured_media":10442,"comment_status":"open","ping_status":"open","sticky":false,"template":"","format":"standard","meta":{"jetpack_post_was_ever_published":false,"_jetpack_newsletter_access":"","_jetpack_dont_email_post_to_subs":false,"_jetpack_newsletter_tier_id":0,"_jetpack_memberships_contains_paywalled_content":false,"_jetpack_memberships_contains_paid_content":false,"footnotes":"","jetpack_publicize_message":"","jetpack_publicize_feature_enabled":true,"jetpack_social_post_already_shared":false,"jetpack_social_options":{"image_generator_settings":{"template":"highway","default_image_id":0,"font":"","enabled":false},"version":2}},"categories":[1],"tags":[],"class_list":["post-10440","post","type-post","status-publish","format-standard","has-post-thumbnail","hentry","category-principal"],"jetpack_publicize_connections":[],"jetpack_featured_media_url":"https:\/\/blogs.gazetaesportiva.com\/planeta-octogono\/files\/2014\/01\/ksw22pesagem11.jpg","jetpack_sharing_enabled":true,"jetpack_shortlink":"https:\/\/wp.me\/p6rqUQ-2Io","_links":{"self":[{"href":"https:\/\/blogs.gazetaesportiva.com\/planeta-octogono\/wp-json\/wp\/v2\/posts\/10440","targetHints":{"allow":["GET"]}}],"collection":[{"href":"https:\/\/blogs.gazetaesportiva.com\/planeta-octogono\/wp-json\/wp\/v2\/posts"}],"about":[{"href":"https:\/\/blogs.gazetaesportiva.com\/planeta-octogono\/wp-json\/wp\/v2\/types\/post"}],"author":[{"embeddable":true,"href":"https:\/\/blogs.gazetaesportiva.com\/planeta-octogono\/wp-json\/wp\/v2\/users\/33"}],"replies":[{"embeddable":true,"href":"https:\/\/blogs.gazetaesportiva.com\/planeta-octogono\/wp-json\/wp\/v2\/comments?post=10440"}],"version-history":[{"count":0,"href":"https:\/\/blogs.gazetaesportiva.com\/planeta-octogono\/wp-json\/wp\/v2\/posts\/10440\/revisions"}],"wp:featuredmedia":[{"embeddable":true,"href":"https:\/\/blogs.gazetaesportiva.com\/planeta-octogono\/wp-json\/wp\/v2\/media\/10442"}],"wp:attachment":[{"href":"https:\/\/blogs.gazetaesportiva.com\/planeta-octogono\/wp-json\/wp\/v2\/media?parent=10440"}],"wp:term":[{"taxonomy":"category","embeddable":true,"href":"https:\/\/blogs.gazetaesportiva.com\/planeta-octogono\/wp-json\/wp\/v2\/categories?post=10440"},{"taxonomy":"post_tag","embeddable":true,"href":"https:\/\/blogs.gazetaesportiva.com\/planeta-octogono\/wp-json\/wp\/v2\/tags?post=10440"}],"curies":[{"name":"wp","href":"https:\/\/api.w.org\/{rel}","templated":true}]}}