{"id":10435,"date":"2014-01-31T12:45:46","date_gmt":"2014-01-31T14:45:46","guid":{"rendered":"https:\/\/blogs.gazetaesportiva.com\/planeta-octogono\/?p=10435"},"modified":"2014-01-31T12:45:46","modified_gmt":"2014-01-31T14:45:46","slug":"com-tensao-entre-barao-e-faber-veja-as-encaradas-no-dia-de-imprensa-do-ufc-169","status":"publish","type":"post","link":"https:\/\/blogs.gazetaesportiva.com\/planeta-octogono\/2014\/01\/31\/com-tensao-entre-barao-e-faber-veja-as-encaradas-no-dia-de-imprensa-do-ufc-169\/","title":{"rendered":"Com tens\u00e3o entre Bar\u00e3o e Faber, veja as encaradas no dia de imprensa do UFC 169"},"content":{"rendered":"<figure id=\"attachment_10436\" aria-describedby=\"caption-attachment-10436\" style=\"width: 600px\" class=\"wp-caption aligncenter\"><a href=\"https:\/\/blogs.gazetaesportiva.com\/planeta-octogono\/files\/2014\/01\/1015931_10152177309946276_2010381515_o.jpg\"><img loading=\"lazy\" decoding=\"async\" class=\" wp-image-10436 \" alt=\"Renan Bar\u00e3o e Urijah Faber protagonizam encarada tensa em evento para imprensa - Divulga\u00e7\u00e3o UFC\/Josh Hedges\" src=\"https:\/\/blogs.gazetaesportiva.com\/planeta-octogono\/files\/2014\/01\/1015931_10152177309946276_2010381515_o.jpg\" width=\"600\" height=\"432\" \/><\/a><figcaption id=\"caption-attachment-10436\" class=\"wp-caption-text\">Renan Bar\u00e3o e Urijah Faber protagonizam encarada tensa em evento para imprensa &#8211; Divulga\u00e7\u00e3o UFC\/Josh Hedges<\/figcaption><\/figure>\n<p>&nbsp;<\/p>\n<p>O UFC realizou nesta quinta feira nos Estados Unidos, o dia de imprensa com os principais atletas da edi\u00e7\u00e3o que acontece neste s\u00e1bado,.<\/p>\n<p>Com Renan Bar\u00e3o que defende pela primeira vez o cintur\u00e3o peso galo do evento contra o americano Urijah Faber, os atletas protagonizaram a encarada mais tensa do evento.<\/p>\n<p>Faber que substitui outro americano, Dominick Cruz que se lesionou novamente e perdeu o cintur\u00e3o para Bar\u00e3o, enfrenta o brasileiro em uma revanche que foi vencida por Renan.<\/p>\n<p>&nbsp;<\/p>\n<figure id=\"attachment_10437\" aria-describedby=\"caption-attachment-10437\" style=\"width: 600px\" class=\"wp-caption aligncenter\"><a href=\"https:\/\/blogs.gazetaesportiva.com\/planeta-octogono\/files\/2014\/01\/1015931_10152177309966276_1370757032_o.jpg\"><img loading=\"lazy\" decoding=\"async\" class=\" wp-image-10437 \" alt=\"Jos\u00e9 Aldo encara Ricardo Lamas pela primeira vez - Divulga\u00e7\u00e3o UFC\/Josh Hedges\" src=\"https:\/\/blogs.gazetaesportiva.com\/planeta-octogono\/files\/2014\/01\/1015931_10152177309966276_1370757032_o.jpg\" width=\"600\" height=\"432\" \/><\/a><figcaption id=\"caption-attachment-10437\" class=\"wp-caption-text\">Jos\u00e9 Aldo encara Ricardo Lamas pela primeira vez &#8211; Divulga\u00e7\u00e3o UFC\/Josh Hedges<\/figcaption><\/figure>\n<p>&nbsp;<\/p>\n<p>Outro grande combate \u00e9 outra disputa de cintur\u00e3o.<\/p>\n<p>Jos\u00e9 Aldo, campe\u00e3o peso pena do evento enfrenta o americano Ricardo Lamas na edi\u00e7\u00e3o.<\/p>\n<p>Ambos tamb\u00e9m se encararam pela primeira vez no evento que tamb\u00e9m contou com a presen\u00e7a do holand\u00eas Alistair Overeem e do americano Frank Mir.<\/p>\n<p>Os lutadores aderiram e entraram no clima da final do Superbowl (futebol americano) e com camisas dos dois times que disputam a final posaram para fotos.<\/p>\n<p>&nbsp;<\/p>\n<figure id=\"attachment_10438\" aria-describedby=\"caption-attachment-10438\" style=\"width: 600px\" class=\"wp-caption aligncenter\"><a href=\"https:\/\/blogs.gazetaesportiva.com\/planeta-octogono\/files\/2014\/01\/1602167_10152177306871276_1916640409_o.jpg\"><img loading=\"lazy\" decoding=\"async\" class=\" wp-image-10438 \" alt=\"Lutadores posam com camisas dos finalistas da final do futebol americano - Divulga\u00e7\u00e3o UFC\/Josh Hedges\" src=\"https:\/\/blogs.gazetaesportiva.com\/planeta-octogono\/files\/2014\/01\/1602167_10152177306871276_1916640409_o.jpg\" width=\"600\" height=\"432\" \/><\/a><figcaption id=\"caption-attachment-10438\" class=\"wp-caption-text\">Lutadores posam com camisas dos finalistas da final do futebol americano &#8211; Divulga\u00e7\u00e3o UFC\/Josh Hedges<\/figcaption><\/figure>\n<p>&nbsp;<\/p>\n<p>O evento tamb\u00e9m conta com outros brasileiros na edi\u00e7\u00e3o.<\/p>\n<p>Alan Nuguette encara o americano John Makdessi e John Lineker tem um duro desafio pela frente contra o russo Ali Bagautinov.<\/p>\n<p>Nesta sexta feira acontece a pesagem oficial do evento que acontece neste s\u00e1bado no Prudential Center em Newark nos Estados Unidos.<\/p>\n<p>&nbsp;<\/p>\n<p style=\"text-align: center\"><strong><em>Veja as encaradas no dia de imprensa do UFC 169:<\/em><\/strong><\/p>\n<p style=\"text-align: center\"><strong><em>[yframe url=&#8217;http:\/\/www.youtube.com\/watch?v=fvzrJ2G6T2o&#8217;]<\/em><\/strong><\/p>\n","protected":false},"excerpt":{"rendered":"<p>&nbsp; O UFC realizou nesta quinta feira nos Estados Unidos, o dia de imprensa com os principais atletas da edi\u00e7\u00e3o que acontece neste s\u00e1bado,. Com <a class=\"read-more\" href=\"https:\/\/blogs.gazetaesportiva.com\/planeta-octogono\/2014\/01\/31\/com-tensao-entre-barao-e-faber-veja-as-encaradas-no-dia-de-imprensa-do-ufc-169\/\">leia mais<\/a><\/p>\n","protected":false},"author":33,"featured_media":10438,"comment_status":"open","ping_status":"open","sticky":false,"template":"","format":"standard","meta":{"jetpack_post_was_ever_published":false,"_jetpack_newsletter_access":"","_jetpack_dont_email_post_to_subs":false,"_jetpack_newsletter_tier_id":0,"_jetpack_memberships_contains_paywalled_content":false,"_jetpack_memberships_contains_paid_content":false,"footnotes":"","jetpack_publicize_message":"","jetpack_publicize_feature_enabled":true,"jetpack_social_post_already_shared":false,"jetpack_social_options":{"image_generator_settings":{"template":"highway","default_image_id":0,"font":"","enabled":false},"version":2}},"categories":[1],"tags":[],"class_list":["post-10435","post","type-post","status-publish","format-standard","has-post-thumbnail","hentry","category-principal"],"jetpack_publicize_connections":[],"jetpack_featured_media_url":"https:\/\/blogs.gazetaesportiva.com\/planeta-octogono\/files\/2014\/01\/1602167_10152177306871276_1916640409_o.jpg","jetpack_sharing_enabled":true,"jetpack_shortlink":"https:\/\/wp.me\/p6rqUQ-2Ij","_links":{"self":[{"href":"https:\/\/blogs.gazetaesportiva.com\/planeta-octogono\/wp-json\/wp\/v2\/posts\/10435","targetHints":{"allow":["GET"]}}],"collection":[{"href":"https:\/\/blogs.gazetaesportiva.com\/planeta-octogono\/wp-json\/wp\/v2\/posts"}],"about":[{"href":"https:\/\/blogs.gazetaesportiva.com\/planeta-octogono\/wp-json\/wp\/v2\/types\/post"}],"author":[{"embeddable":true,"href":"https:\/\/blogs.gazetaesportiva.com\/planeta-octogono\/wp-json\/wp\/v2\/users\/33"}],"replies":[{"embeddable":true,"href":"https:\/\/blogs.gazetaesportiva.com\/planeta-octogono\/wp-json\/wp\/v2\/comments?post=10435"}],"version-history":[{"count":0,"href":"https:\/\/blogs.gazetaesportiva.com\/planeta-octogono\/wp-json\/wp\/v2\/posts\/10435\/revisions"}],"wp:featuredmedia":[{"embeddable":true,"href":"https:\/\/blogs.gazetaesportiva.com\/planeta-octogono\/wp-json\/wp\/v2\/media\/10438"}],"wp:attachment":[{"href":"https:\/\/blogs.gazetaesportiva.com\/planeta-octogono\/wp-json\/wp\/v2\/media?parent=10435"}],"wp:term":[{"taxonomy":"category","embeddable":true,"href":"https:\/\/blogs.gazetaesportiva.com\/planeta-octogono\/wp-json\/wp\/v2\/categories?post=10435"},{"taxonomy":"post_tag","embeddable":true,"href":"https:\/\/blogs.gazetaesportiva.com\/planeta-octogono\/wp-json\/wp\/v2\/tags?post=10435"}],"curies":[{"name":"wp","href":"https:\/\/api.w.org\/{rel}","templated":true}]}}