{"id":10430,"date":"2014-01-31T12:28:37","date_gmt":"2014-01-31T14:28:37","guid":{"rendered":"https:\/\/blogs.gazetaesportiva.com\/planeta-octogono\/?p=10430"},"modified":"2014-01-31T12:28:55","modified_gmt":"2014-01-31T14:28:55","slug":"combate-da-semana-especial-glory-zagreb-assista-o-primeiro-combate-de-mirko-crocop-e-remy-bonjasky","status":"publish","type":"post","link":"https:\/\/blogs.gazetaesportiva.com\/planeta-octogono\/2014\/01\/31\/combate-da-semana-especial-glory-zagreb-assista-o-primeiro-combate-de-mirko-crocop-e-remy-bonjasky\/","title":{"rendered":"Combate da Semana Especial GLORY Zagreb: Assista o primeiro combate de Mirko Crocop e Remy Bonjasky"},"content":{"rendered":"<figure id=\"attachment_10431\" aria-describedby=\"caption-attachment-10431\" style=\"width: 600px\" class=\"wp-caption aligncenter\"><a href=\"https:\/\/blogs.gazetaesportiva.com\/planeta-octogono\/files\/2014\/01\/glory14-1.jpg\"><img loading=\"lazy\" decoding=\"async\" class=\" wp-image-10431  \" alt=\"Mirko Crocop e Remy Bonjasky v\u00e3o se enfrentar ap\u00f3s 12 anos - Divulga\u00e7\u00e3o GLORY\" src=\"https:\/\/blogs.gazetaesportiva.com\/planeta-octogono\/files\/2014\/01\/glory14-1.jpg\" width=\"600\" height=\"255\" \/><\/a><figcaption id=\"caption-attachment-10431\" class=\"wp-caption-text\">Mirko Crocop e Remy Bonjasky v\u00e3o se enfrentar ap\u00f3s 12 anos &#8211; Divulga\u00e7\u00e3o GLORY<\/figcaption><\/figure>\n<p>&nbsp;<\/p>\n<p>Foi a 12 anos atr\u00e1s&#8230;<\/p>\n<p>Mas ainda est\u00e1 na mem\u00f3ria de ambos os lutadores, o croata Mirko Crocop e o holand\u00eas Remy Bonjasky.<\/p>\n<p>Em uma luta muito disputada em 2002 na cidade de Fukuoka no Jap\u00e3o, Mirko e Remy se enfrentaram pela primeira vez.<\/p>\n<p>E no dia 8 de mar\u00e7o em Zagreb na Cro\u00e1cia teremos o segundo reencontro.<\/p>\n<p>Ambos consagrados e mais experientes, Mirko e Remy prometem fazer da estr\u00e9ia do GLORY, maior evento de kickboxing do mundo, um combate espetacular.<\/p>\n<p>Neste post especial, assista o primeiro combate entre ambos aonde ouve muita a\u00e7\u00e3o e o combate n\u00e3o foi at\u00e9 o final.<\/p>\n<p>&nbsp;<\/p>\n<p style=\"text-align: center\"><em><strong>Veja o combate entre Mirko Crocop e Remy Bonjasky:<\/strong><\/em><\/p>\n<p style=\"text-align: center\"><em><strong>[yframe url=&#8217;http:\/\/www.youtube.com\/watch?v=IpIA36_6C9c&#8217;]<\/strong><\/em><\/p>\n<p style=\"text-align: center\"><em><strong>Veja o trailer do GLORY Zagreb:<\/strong><\/em><\/p>\n<p style=\"text-align: center\"><em><strong>[yframe url=&#8217;http:\/\/www.youtube.com\/watch?v=TgUSkCp_91I&#8217;]<\/strong><\/em><\/p>\n<p>&nbsp;<\/p>\n<p>&nbsp;<\/p>\n","protected":false},"excerpt":{"rendered":"<p>&nbsp; Foi a 12 anos atr\u00e1s&#8230; Mas ainda est\u00e1 na mem\u00f3ria de ambos os lutadores, o croata Mirko Crocop e o holand\u00eas Remy Bonjasky. Em <a class=\"read-more\" href=\"https:\/\/blogs.gazetaesportiva.com\/planeta-octogono\/2014\/01\/31\/combate-da-semana-especial-glory-zagreb-assista-o-primeiro-combate-de-mirko-crocop-e-remy-bonjasky\/\">leia mais<\/a><\/p>\n","protected":false},"author":33,"featured_media":10431,"comment_status":"open","ping_status":"open","sticky":false,"template":"","format":"standard","meta":{"jetpack_post_was_ever_published":false,"_jetpack_newsletter_access":"","_jetpack_dont_email_post_to_subs":false,"_jetpack_newsletter_tier_id":0,"_jetpack_memberships_contains_paywalled_content":false,"_jetpack_memberships_contains_paid_content":false,"footnotes":"","jetpack_publicize_message":"","jetpack_publicize_feature_enabled":true,"jetpack_social_post_already_shared":false,"jetpack_social_options":{"image_generator_settings":{"template":"highway","default_image_id":0,"font":"","enabled":false},"version":2}},"categories":[7,1],"tags":[],"class_list":["post-10430","post","type-post","status-publish","format-standard","has-post-thumbnail","hentry","category-combate-da-semana","category-principal"],"jetpack_publicize_connections":[],"jetpack_featured_media_url":"https:\/\/blogs.gazetaesportiva.com\/planeta-octogono\/files\/2014\/01\/glory14-1.jpg","jetpack_sharing_enabled":true,"jetpack_shortlink":"https:\/\/wp.me\/p6rqUQ-2Ie","_links":{"self":[{"href":"https:\/\/blogs.gazetaesportiva.com\/planeta-octogono\/wp-json\/wp\/v2\/posts\/10430","targetHints":{"allow":["GET"]}}],"collection":[{"href":"https:\/\/blogs.gazetaesportiva.com\/planeta-octogono\/wp-json\/wp\/v2\/posts"}],"about":[{"href":"https:\/\/blogs.gazetaesportiva.com\/planeta-octogono\/wp-json\/wp\/v2\/types\/post"}],"author":[{"embeddable":true,"href":"https:\/\/blogs.gazetaesportiva.com\/planeta-octogono\/wp-json\/wp\/v2\/users\/33"}],"replies":[{"embeddable":true,"href":"https:\/\/blogs.gazetaesportiva.com\/planeta-octogono\/wp-json\/wp\/v2\/comments?post=10430"}],"version-history":[{"count":0,"href":"https:\/\/blogs.gazetaesportiva.com\/planeta-octogono\/wp-json\/wp\/v2\/posts\/10430\/revisions"}],"wp:featuredmedia":[{"embeddable":true,"href":"https:\/\/blogs.gazetaesportiva.com\/planeta-octogono\/wp-json\/wp\/v2\/media\/10431"}],"wp:attachment":[{"href":"https:\/\/blogs.gazetaesportiva.com\/planeta-octogono\/wp-json\/wp\/v2\/media?parent=10430"}],"wp:term":[{"taxonomy":"category","embeddable":true,"href":"https:\/\/blogs.gazetaesportiva.com\/planeta-octogono\/wp-json\/wp\/v2\/categories?post=10430"},{"taxonomy":"post_tag","embeddable":true,"href":"https:\/\/blogs.gazetaesportiva.com\/planeta-octogono\/wp-json\/wp\/v2\/tags?post=10430"}],"curies":[{"name":"wp","href":"https:\/\/api.w.org\/{rel}","templated":true}]}}