{"id":10281,"date":"2014-01-23T14:08:42","date_gmt":"2014-01-23T16:08:42","guid":{"rendered":"https:\/\/blogs.gazetaesportiva.com\/planeta-octogono\/?p=10281"},"modified":"2014-01-23T14:08:42","modified_gmt":"2014-01-23T16:08:42","slug":"campeao-do-bellator-dudu-dantas-promete-vitoria-por-honra-em-nova-defesa-de-cinturao","status":"publish","type":"post","link":"https:\/\/blogs.gazetaesportiva.com\/planeta-octogono\/2014\/01\/23\/campeao-do-bellator-dudu-dantas-promete-vitoria-por-honra-em-nova-defesa-de-cinturao\/","title":{"rendered":"Campe\u00e3o do Bellator, Dudu Dantas promete vit\u00f3ria por &#8216;honra&#8217; em nova defesa de cintur\u00e3o"},"content":{"rendered":"<figure id=\"attachment_10282\" aria-describedby=\"caption-attachment-10282\" style=\"width: 600px\" class=\"wp-caption aligncenter\"><a href=\"https:\/\/blogs.gazetaesportiva.com\/planeta-octogono\/files\/2014\/01\/dududantas1.jpg\"><img loading=\"lazy\" decoding=\"async\" class=\" wp-image-10282 \" alt=\"Lutador retorna ap\u00f3s bom tempo sem lutar - Divulga\u00e7\u00e3o MKS Combat Gear\" src=\"https:\/\/blogs.gazetaesportiva.com\/planeta-octogono\/files\/2014\/01\/dududantas1.jpg\" width=\"600\" height=\"432\" \/><\/a><figcaption id=\"caption-attachment-10282\" class=\"wp-caption-text\">Lutador retorna ap\u00f3s bom tempo sem lutar &#8211; Divulga\u00e7\u00e3o MKS Combat Gear<\/figcaption><\/figure>\n<p>&nbsp;<\/p>\n<p>Sem lutar desde fevereiro de 2013, quando nocauteou Marcos Loro, Dudu Dantas estava ansioso para defender novamente o t\u00edtulo dos pesos-galos (at\u00e9 61kg) do Bellator. Essa espera, finalmente, tem data marcada para terminar. No dia 7 de mar\u00e7o, na edi\u00e7\u00e3o 111 do evento, em Oklahoma, nos Estados Unidos, o atleta \u00a0faz duelo brasileiro contra Rafael Silva &#8220;Morcego&#8221;.<\/p>\n<p>Aos 24 anos, Dudu \u00e9 o \u00fanico brasileiro campe\u00e3o do Bellator e est\u00e1 invicto em cinco combates pela organiza\u00e7\u00e3o. A espera pelo an\u00fancio de sua segunda defesa de t\u00edtulo o estava deixando angustiado. &#8220;Estava louco para saber o dia eu lutaria, j\u00e1 n\u00e3o aguentava mais esperar, estava muito ansioso para saber a data certa que subiria naquele cage novamente. L\u00e1 me sinto em casa. Dia 7 de mar\u00e7o, ficarei mais feliz novamente, vou fazer o que amo, que \u00e9 lutar e defender meu cintur\u00e3o&#8221;, afirma.<\/p>\n<p>Dudu Dantas \u00e9 mais uma prova viva de um atleta que superou adversidades impostas pela vida e chegou ao topo de sua profiss\u00e3o. De fam\u00edlia humilde, o jovem, nascido e criado na comunidade do Santo Amaro, na Zona Sul do Rio de Janeiro, n\u00e3o esquece suas ra\u00edzes, nem quem sempre esteve ao seu lado, e promete lutar por todos quando subir ao cage.<\/p>\n<p>&#8220;Quando voc\u00ea entra numa luta, voc\u00ea defende sua hist\u00f3ria, o quanto voc\u00ea ralou para chegar at\u00e9 l\u00e1, defende seus f\u00e3s, amigos e fam\u00edlia. Voc\u00ea defende a sua honra. Isso tudo me motiva ainda mais a vencer. Ser\u00e1 a segunda vez que vou defender meu t\u00edtulo, e quero fazer isso para sempre&#8221;, ressalta o atleta, que faturou o cintur\u00e3o do evento em abril de 2012, quando venceu Zach Makovsky.<\/p>\n<p>H\u00e1 nove anos no MMA, Rafael Silva &#8220;Morcego&#8221; est\u00e1 h\u00e1 13 combates invicto, sendo dois deles pelo Bellator. Com atua\u00e7\u00f5es convincentes, se credenciou a brigar pelo t\u00edtulo, mas ver\u00e1 um Dudu mais motivado do que nunca. &#8220;O Rafael \u00e9 um lutador muito perigoso, tem uma boa base de luta e \u00e9 muito bem treinado pelo Marcelo Brigadeiro. Tenho muito respeito por eles, mas temos que lutar. Estou me preparando a cada dia melhor para lutar, e esse tem sido o melhor camp da minha carreira&#8221;, garante o campe\u00e3o dos galos.<\/p>\n<p><b>Treinos fora do Brasil e aprendizado com B.J Penn<\/b><\/p>\n<p>Dudu Dantas aproveitou o per\u00edodo sem lutas para se aprimorar. Primeiro, foi \u00e0 Holanda treinar muay thai; depois, viajou para o frio da R\u00fassia, onde, al\u00e9m de aprender t\u00e9cnicas de sambo, arte marcial local, ministrou semin\u00e1rios de jiu-jitsu e MMA. De volta \u00e0 sua academia, a Nova Uni\u00e3o, auxiliou nos treinamentos de Jos\u00e9 Aldo e Renan Bar\u00e3o para o UFC 169 e tem extra\u00eddo o m\u00e1ximo da lenda B.J. Penn, que est\u00e1 passando uma temporada no pa\u00eds tamb\u00e9m ajudando Aldo e Bar\u00e3o e se preparando para a luta contra Frankie Edgar.<\/p>\n<p>&#8220;Depois de vencer o Loro, tive temporadas de treinos de muay thai, na Holanda e sambo, na R\u00fassia, al\u00e9m dos treinos de alt\u00edssimo n\u00edvel que tenho diariamente na Nova Uni\u00e3o, com v\u00e1rios campe\u00f5es. Praticamente todos os atletas da equipe est\u00e3o com luta marcada, ent\u00e3o o treinamento est\u00e1 muito intenso. E agora, para completar, ainda tem o BJ Penn aqui por algumas semanas para passar seus ensinamentos. Ele \u00e9 uma lenda do MMA e est\u00e1 sendo \u00f3timo esse contato&#8221;, comemora.<\/p>\n","protected":false},"excerpt":{"rendered":"<p>&nbsp; Sem lutar desde fevereiro de 2013, quando nocauteou Marcos Loro, Dudu Dantas estava ansioso para defender novamente o t\u00edtulo dos pesos-galos (at\u00e9 61kg) do <a class=\"read-more\" href=\"https:\/\/blogs.gazetaesportiva.com\/planeta-octogono\/2014\/01\/23\/campeao-do-bellator-dudu-dantas-promete-vitoria-por-honra-em-nova-defesa-de-cinturao\/\">leia mais<\/a><\/p>\n","protected":false},"author":33,"featured_media":10282,"comment_status":"open","ping_status":"open","sticky":false,"template":"","format":"standard","meta":{"jetpack_post_was_ever_published":false,"_jetpack_newsletter_access":"","_jetpack_dont_email_post_to_subs":false,"_jetpack_newsletter_tier_id":0,"_jetpack_memberships_contains_paywalled_content":false,"_jetpack_memberships_contains_paid_content":false,"footnotes":"","jetpack_publicize_message":"","jetpack_publicize_feature_enabled":true,"jetpack_social_post_already_shared":false,"jetpack_social_options":{"image_generator_settings":{"template":"highway","default_image_id":0,"font":"","enabled":false},"version":2}},"categories":[1],"tags":[],"class_list":["post-10281","post","type-post","status-publish","format-standard","has-post-thumbnail","hentry","category-principal"],"jetpack_publicize_connections":[],"jetpack_featured_media_url":"https:\/\/blogs.gazetaesportiva.com\/planeta-octogono\/files\/2014\/01\/dududantas1.jpg","jetpack_sharing_enabled":true,"jetpack_shortlink":"https:\/\/wp.me\/p6rqUQ-2FP","_links":{"self":[{"href":"https:\/\/blogs.gazetaesportiva.com\/planeta-octogono\/wp-json\/wp\/v2\/posts\/10281","targetHints":{"allow":["GET"]}}],"collection":[{"href":"https:\/\/blogs.gazetaesportiva.com\/planeta-octogono\/wp-json\/wp\/v2\/posts"}],"about":[{"href":"https:\/\/blogs.gazetaesportiva.com\/planeta-octogono\/wp-json\/wp\/v2\/types\/post"}],"author":[{"embeddable":true,"href":"https:\/\/blogs.gazetaesportiva.com\/planeta-octogono\/wp-json\/wp\/v2\/users\/33"}],"replies":[{"embeddable":true,"href":"https:\/\/blogs.gazetaesportiva.com\/planeta-octogono\/wp-json\/wp\/v2\/comments?post=10281"}],"version-history":[{"count":0,"href":"https:\/\/blogs.gazetaesportiva.com\/planeta-octogono\/wp-json\/wp\/v2\/posts\/10281\/revisions"}],"wp:featuredmedia":[{"embeddable":true,"href":"https:\/\/blogs.gazetaesportiva.com\/planeta-octogono\/wp-json\/wp\/v2\/media\/10282"}],"wp:attachment":[{"href":"https:\/\/blogs.gazetaesportiva.com\/planeta-octogono\/wp-json\/wp\/v2\/media?parent=10281"}],"wp:term":[{"taxonomy":"category","embeddable":true,"href":"https:\/\/blogs.gazetaesportiva.com\/planeta-octogono\/wp-json\/wp\/v2\/categories?post=10281"},{"taxonomy":"post_tag","embeddable":true,"href":"https:\/\/blogs.gazetaesportiva.com\/planeta-octogono\/wp-json\/wp\/v2\/tags?post=10281"}],"curies":[{"name":"wp","href":"https:\/\/api.w.org\/{rel}","templated":true}]}}