{"id":10276,"date":"2014-01-23T14:02:36","date_gmt":"2014-01-23T16:02:36","guid":{"rendered":"https:\/\/blogs.gazetaesportiva.com\/planeta-octogono\/?p=10276"},"modified":"2014-01-23T14:03:44","modified_gmt":"2014-01-23T16:03:44","slug":"jungle-fight-65-e-a-atracao-principal-em-festival-cultural-baiano-madre-de-verao-no-proximo-dia-2-de-fevereiro","status":"publish","type":"post","link":"https:\/\/blogs.gazetaesportiva.com\/planeta-octogono\/2014\/01\/23\/jungle-fight-65-e-a-atracao-principal-em-festival-cultural-baiano-madre-de-verao-no-proximo-dia-2-de-fevereiro\/","title":{"rendered":"Jungle Fight 65 \u00e9 a atra\u00e7\u00e3o principal em festival cultural baiano Madre de Ver\u00e3o, no pr\u00f3ximo dia 2 de fevereiro"},"content":{"rendered":"<figure id=\"attachment_10277\" aria-describedby=\"caption-attachment-10277\" style=\"width: 600px\" class=\"wp-caption aligncenter\"><a href=\"https:\/\/blogs.gazetaesportiva.com\/planeta-octogono\/files\/2014\/01\/jungle-fight-65-TRATOR-X-ARY-SANTOS-1.jpg\"><img loading=\"lazy\" decoding=\"async\" class=\" wp-image-10277 \" alt=\"Thiago Trator e Ary Santos disputam cintur\u00e3o peso leve na Bahia - Divulga\u00e7\u00e3o Jungle Fight\" src=\"https:\/\/blogs.gazetaesportiva.com\/planeta-octogono\/files\/2014\/01\/jungle-fight-65-TRATOR-X-ARY-SANTOS-1.jpg\" width=\"600\" height=\"432\" \/><\/a><figcaption id=\"caption-attachment-10277\" class=\"wp-caption-text\">Thiago Trator e Ary Santos disputam cintur\u00e3o peso leve na Bahia &#8211; Divulga\u00e7\u00e3o Jungle Fight<\/figcaption><\/figure>\n<p>&nbsp;<\/p>\n<p>Depois de agitar a cidade de Campos (RJ), o Jungle Fight 65 se prepara para invadir Madre de Deus, na Bahia. O evento, organizado pelo ex-atleta Wallid Ismail, ser\u00e1 a grande atra\u00e7\u00e3o do dia 2 de fevereiro, no festival Madre de Ver\u00e3o, que esquenta o munic\u00edpio com espet\u00e1culos culturais, esportivos e musicais, entre os dias 10 de janeiro e 15 de fevereiro. As lutas ser\u00e3o realizadas em uma arena m\u00f3vel, na \u00e1rea de lazer, no Centro, com previs\u00e3o de in\u00edcio para as 20h30.<\/p>\n<p>&nbsp;<\/p>\n<p>Essa ser\u00e1 a estreia do Jungle Fight na Bahia. Por isso, a organiza\u00e7\u00e3o do evento preparou um card especial. Na principal luta da noite, o amapaense Thiago Trator defende o cintur\u00e3o dos pesos-leves (70kg) contra Ary Santos, de Campos de Goytacazes. Outros destaques do evento s\u00e3o os irm\u00e3os J\u00fanior Orgulho e Kl\u00e9ber Orgulho, que enfrentam Michel &#8220;Demolidor&#8221; e Wendres &#8220;Godzilla&#8221;, respectivamente. O ex-campe\u00e3o dos pesos-leves L\u00facio Curado, pupilo do ex-campe\u00e3o mundial de Boxe Acelino Pop\u00f3, tamb\u00e9m retorna ao cage, contra Alexandre Cidade, aluno do atleta do UFC Thiago Tavares.<\/p>\n<p>&nbsp;<\/p>\n<p>Considerado um dos grandes incentivadores do crescimento do MMA no Brasil, Wallid Ismail falou sobre a import\u00e2ncia de levar e difundir o &#8220;esporte que mais cresce no mundo&#8221; em Madre de Deus, munic\u00edpio importante da Bahia, a cerca de 60 km de Salvador.<\/p>\n<p>&nbsp;<\/p>\n<p>&#8220;Estamos todos muito felizes de irmos pela primeira vez para Madre de Deus, na Bahia. Espero que a chegada do Jungle Fight incentive ainda mais a pr\u00e1tica do MMA em Madre de Deus e no estado todo. Essa iniciativa \u00e9 muito importante para mostrar a for\u00e7a e a import\u00e2ncia desse esporte e do nosso evento, que \u00e9 o maior da Am\u00e9rica Latina&#8221;, afirmou Wallid Ismail, presidente do Jungle Fight.<\/p>\n<div><\/div>\n<div><\/div>\n<div><\/div>\n<div><\/div>\n<div style=\"text-align: center\"><strong><em>Jungle Fight 65\u00a0<\/em><\/strong><\/div>\n<div style=\"text-align: center\"><strong><em>\u00a0<\/em><\/strong><\/div>\n<div style=\"text-align: center\"><strong><em>Local:\u00a0Madre de Deus\/Bahia<\/em><\/strong><\/div>\n<div style=\"text-align: center\"><strong><em>\u00a0<\/em><\/strong><\/div>\n<div style=\"text-align: center\"><strong><em>Data:\u00a02 de fevereiro de 2014 (Domingo)<\/em><\/strong><\/div>\n<div style=\"text-align: center\"><strong><em>\u00a0<\/em><\/strong><\/div>\n<div style=\"text-align: center\"><strong><em>Hor\u00e1rio:\u00a020h (de Bras\u00edlia)<\/em><\/strong><\/div>\n<div style=\"text-align: center\"><strong><em>\u00a0<\/em><\/strong><\/div>\n<div style=\"text-align: center\"><strong><em>Card Completo (Sujeito a altera\u00e7\u00f5es):<\/em><\/strong><\/div>\n<div style=\"text-align: center\"><strong><em>\u00a0<\/em><\/strong><\/div>\n<div style=\"text-align: center\"><strong><em>\u00a0<\/em><\/strong><\/div>\n<div style=\"text-align: center\"><strong><em>Thiago Trator (Mikito Team) X \u00a0Ary Santos (Arena Champs) &#8211;\u00a0Cintur\u00e3o 70Kg<\/em><\/strong><\/div>\n<div style=\"text-align: center\"><strong><em>\u00a0<\/em><\/strong><\/div>\n<div style=\"text-align: center\"><strong><em>Junior Orgulho (Champion Team\/ Nordeste JJ) X Michel &#8220;Demolidor&#8221; Pereira (Base MMA club) &#8211; 77Kg<\/em><\/strong><\/div>\n<div style=\"text-align: center\"><strong><em>\u00a0<\/em><\/strong><\/div>\n<div style=\"text-align: center\"><strong><em>Renato Velame (Champion Team) X Nildo Katchal (Roxo Strike) &#8211; 57kg<\/em><\/strong><\/div>\n<div style=\"text-align: center\"><strong><em>\u00a0<\/em><\/strong><\/div>\n<div style=\"text-align: center\"><strong><em>Lucio Curado (Pop\u00f3 Fight Team) x Alexandre Cidade (Team Tavares) &#8211; 70Kg<\/em><\/strong><\/div>\n<div style=\"text-align: center\"><strong><em>\u00a0<\/em><\/strong><\/div>\n<div style=\"text-align: center\"><strong><em>Kleber Orgulho (Champion Team) X Wendres \u201cGodzila\u201d da Silva (Pitbull Brothers) &#8211; 84Kg<\/em><\/strong><\/div>\n<div style=\"text-align: center\"><strong><em>\u00a0<\/em><\/strong><\/div>\n<div style=\"text-align: center\"><strong><em>Rodrigo Taigra (Gracie Barra Bahia) X \u00a0Eliseu \u201cCapoeira\u201d (CM System) &#8211; 77Kg<\/em><\/strong><\/div>\n<div style=\"text-align: center\"><strong><em>\u00a0<\/em><\/strong><\/div>\n<div style=\"text-align: center\"><strong><em>Leonardo Laiola \u201cCaveira\u201d (Champion Team) X Luciano Ben\u00edcio (Nova Uni\u00e3o) &#8211; 66Kg<\/em><\/strong><\/div>\n<div style=\"text-align: center\"><strong><em>\u00a0<\/em><\/strong><\/div>\n<div style=\"text-align: center\"><strong><em>Fabricio &#8220;Negao&#8221; Jonas (Nova Uni\u00e3o) X Alex Miudinho (Champion Team\/ Nordeste JJ) &#8211; 66Kg<\/em><\/strong><\/div>\n<div style=\"text-align: center\"><strong><em>\u00a0<\/em><\/strong><\/div>\n<div style=\"text-align: center\"><strong><em>Lantyer Ribeiro \u201cM\u00e3o de Pedra\u201d (Team Madre Fight) X Italo Araujo (Champion Team) &#8211; 66Kg<\/em><\/strong><\/div>\n","protected":false},"excerpt":{"rendered":"<p>&nbsp; Depois de agitar a cidade de Campos (RJ), o Jungle Fight 65 se prepara para invadir Madre de Deus, na Bahia. O evento, organizado <a class=\"read-more\" href=\"https:\/\/blogs.gazetaesportiva.com\/planeta-octogono\/2014\/01\/23\/jungle-fight-65-e-a-atracao-principal-em-festival-cultural-baiano-madre-de-verao-no-proximo-dia-2-de-fevereiro\/\">leia mais<\/a><\/p>\n","protected":false},"author":33,"featured_media":10277,"comment_status":"open","ping_status":"open","sticky":false,"template":"","format":"standard","meta":{"jetpack_post_was_ever_published":false,"_jetpack_newsletter_access":"","_jetpack_dont_email_post_to_subs":false,"_jetpack_newsletter_tier_id":0,"_jetpack_memberships_contains_paywalled_content":false,"_jetpack_memberships_contains_paid_content":false,"footnotes":"","jetpack_publicize_message":"","jetpack_publicize_feature_enabled":true,"jetpack_social_post_already_shared":false,"jetpack_social_options":{"image_generator_settings":{"template":"highway","default_image_id":0,"font":"","enabled":false},"version":2}},"categories":[1],"tags":[],"class_list":["post-10276","post","type-post","status-publish","format-standard","has-post-thumbnail","hentry","category-principal"],"jetpack_publicize_connections":[],"jetpack_featured_media_url":"https:\/\/blogs.gazetaesportiva.com\/planeta-octogono\/files\/2014\/01\/jungle-fight-65-TRATOR-X-ARY-SANTOS-1.jpg","jetpack_sharing_enabled":true,"jetpack_shortlink":"https:\/\/wp.me\/p6rqUQ-2FK","_links":{"self":[{"href":"https:\/\/blogs.gazetaesportiva.com\/planeta-octogono\/wp-json\/wp\/v2\/posts\/10276","targetHints":{"allow":["GET"]}}],"collection":[{"href":"https:\/\/blogs.gazetaesportiva.com\/planeta-octogono\/wp-json\/wp\/v2\/posts"}],"about":[{"href":"https:\/\/blogs.gazetaesportiva.com\/planeta-octogono\/wp-json\/wp\/v2\/types\/post"}],"author":[{"embeddable":true,"href":"https:\/\/blogs.gazetaesportiva.com\/planeta-octogono\/wp-json\/wp\/v2\/users\/33"}],"replies":[{"embeddable":true,"href":"https:\/\/blogs.gazetaesportiva.com\/planeta-octogono\/wp-json\/wp\/v2\/comments?post=10276"}],"version-history":[{"count":0,"href":"https:\/\/blogs.gazetaesportiva.com\/planeta-octogono\/wp-json\/wp\/v2\/posts\/10276\/revisions"}],"wp:featuredmedia":[{"embeddable":true,"href":"https:\/\/blogs.gazetaesportiva.com\/planeta-octogono\/wp-json\/wp\/v2\/media\/10277"}],"wp:attachment":[{"href":"https:\/\/blogs.gazetaesportiva.com\/planeta-octogono\/wp-json\/wp\/v2\/media?parent=10276"}],"wp:term":[{"taxonomy":"category","embeddable":true,"href":"https:\/\/blogs.gazetaesportiva.com\/planeta-octogono\/wp-json\/wp\/v2\/categories?post=10276"},{"taxonomy":"post_tag","embeddable":true,"href":"https:\/\/blogs.gazetaesportiva.com\/planeta-octogono\/wp-json\/wp\/v2\/tags?post=10276"}],"curies":[{"name":"wp","href":"https:\/\/api.w.org\/{rel}","templated":true}]}}