{"id":10272,"date":"2014-01-23T13:57:40","date_gmt":"2014-01-23T15:57:40","guid":{"rendered":"https:\/\/blogs.gazetaesportiva.com\/planeta-octogono\/?p=10272"},"modified":"2014-01-23T13:57:40","modified_gmt":"2014-01-23T15:57:40","slug":"com-irmao-de-lutador-do-ufc-e-disputa-de-cinturao-interino-coliseu-realiza-evento-em-marco","status":"publish","type":"post","link":"https:\/\/blogs.gazetaesportiva.com\/planeta-octogono\/2014\/01\/23\/com-irmao-de-lutador-do-ufc-e-disputa-de-cinturao-interino-coliseu-realiza-evento-em-marco\/","title":{"rendered":"Com irm\u00e3o de lutador do UFC e disputa de cintur\u00e3o interino, Coliseu realiza evento em mar\u00e7o"},"content":{"rendered":"<figure id=\"attachment_10273\" aria-describedby=\"caption-attachment-10273\" style=\"width: 600px\" class=\"wp-caption aligncenter\"><a href=\"https:\/\/blogs.gazetaesportiva.com\/planeta-octogono\/files\/2014\/01\/coliseu-estrutura-81.jpg\"><img loading=\"lazy\" decoding=\"async\" class=\" wp-image-10273 \" alt=\"Coliseu anuncia primeiras lutas de card - Divulga\u00e7\u00e3o Coliseu\" src=\"https:\/\/blogs.gazetaesportiva.com\/planeta-octogono\/files\/2014\/01\/coliseu-estrutura-81.jpg\" width=\"600\" height=\"432\" \/><\/a><figcaption id=\"caption-attachment-10273\" class=\"wp-caption-text\">Coliseu anuncia primeiras lutas de card &#8211; Divulga\u00e7\u00e3o Coliseu<\/figcaption><\/figure>\n<p>&nbsp;<\/p>\n<p>O card da 9\u00aa edi\u00e7\u00e3o do coliseu come\u00e7a a se desenhar e o evento acaba de divulgar duas lutas do mesmo, que ser\u00e1 realizado no dia 13 de mar\u00e7o, no gin\u00e1sio do SESI em Macei\u00f3, Alagoas.<\/p>\n<p>&nbsp;<\/p>\n<p>Uma delas \u00e9 do irm\u00e3o do atleta do UFC, Charles do Bronx\u2019s, Hermison Oliveira que far\u00e1 sua 4\u00aa luta profissional de MMA e enfrentar\u00e1 a promessa do Coliseu com duas vit\u00f3rias no 1\u00ba round, uma por nocaute e outra por finaliza\u00e7\u00e3o, KarlMarkx Mazoni.<\/p>\n<p>&nbsp;<\/p>\n<p>A outra trata-se do Co-luta principal da noite, um combate peso leve entre dois grandes nomes da categoria no Brasil.<\/p>\n<p>O veterano representante do Jiu-jitsu e da Kimura Nova Uni\u00e3o, Jorj\u00e3o Rodrigues, bate de frente com o casca grossa da luta livre e representante da RFT, Julio Cesar Field.<\/p>\n<p>&nbsp;<\/p>\n<p>&nbsp;<\/p>\n<p>O Combate ser\u00e1 valido pelo cintur\u00e3o interino da categoria, onde o dono do linear \u00e9 Paulo \u201cBananada\u201d.<\/p>\n<p>&nbsp;<\/p>\n<p>\u201cA principio tentamos a defesa do cintur\u00e3o do Bananada diante do Field, mas o Bananada tem um compromisso em data pr\u00f3xima, ent\u00e3o pelo fato dele ter ficado tanto tempo sem defender resolvemos fazer uma disputa interina de cintur\u00e3o e com o cartel do Jorj\u00e3o n\u00e3o encontramos algu\u00e9m melhor para enfrentar o Field que \u00e9 um nome de 1\u00aa qualidade e luta pra frente, esperamos uma guerra.\u201d Contou Marcos Paulo, matchmaker do evento.<\/p>\n<p>&nbsp;<\/p>\n<p>Em breve o Coliseu divulgar\u00e1 o restante do card que contar\u00e1 com um GP at\u00e9 93 kg e uma disputa de cintur\u00e3o nos pesos pesados.<\/p>\n<p style=\"text-align: center\">\n<p style=\"text-align: center\"><strong><em>Coliseu Extreme Fight 9<\/em><\/strong><\/p>\n<p style=\"text-align: center\"><strong><em>Gin\u00e1sio do Sesi, Macei\u00f3 \u2013 AL, 20:00 Horas.<\/em><\/strong><\/p>\n<p style=\"text-align: center\"><strong><em>70 kg &#8211;\u00a0Julio Cesar Field (RFT) vs Jorge Rodrigues (Kimura|Nova Uni\u00e3o)<\/em><\/strong><\/p>\n<p style=\"text-align: center\"><strong><em>\u00a0<\/em><\/strong><\/p>\n<p style=\"text-align: center\"><strong><em>57 Kg &#8211;\u00a0KarlMarkx Mazoni (Team JP) vs Hermison Oliveira (Bronx\u2019s Gold Team)<\/em><\/strong><\/p>\n","protected":false},"excerpt":{"rendered":"<p>&nbsp; O card da 9\u00aa edi\u00e7\u00e3o do coliseu come\u00e7a a se desenhar e o evento acaba de divulgar duas lutas do mesmo, que ser\u00e1 realizado <a class=\"read-more\" href=\"https:\/\/blogs.gazetaesportiva.com\/planeta-octogono\/2014\/01\/23\/com-irmao-de-lutador-do-ufc-e-disputa-de-cinturao-interino-coliseu-realiza-evento-em-marco\/\">leia mais<\/a><\/p>\n","protected":false},"author":33,"featured_media":10273,"comment_status":"open","ping_status":"open","sticky":false,"template":"","format":"standard","meta":{"jetpack_post_was_ever_published":false,"_jetpack_newsletter_access":"","_jetpack_dont_email_post_to_subs":false,"_jetpack_newsletter_tier_id":0,"_jetpack_memberships_contains_paywalled_content":false,"_jetpack_memberships_contains_paid_content":false,"footnotes":"","jetpack_publicize_message":"","jetpack_publicize_feature_enabled":true,"jetpack_social_post_already_shared":false,"jetpack_social_options":{"image_generator_settings":{"template":"highway","default_image_id":0,"font":"","enabled":false},"version":2}},"categories":[1],"tags":[],"class_list":["post-10272","post","type-post","status-publish","format-standard","has-post-thumbnail","hentry","category-principal"],"jetpack_publicize_connections":[],"jetpack_featured_media_url":"https:\/\/blogs.gazetaesportiva.com\/planeta-octogono\/files\/2014\/01\/coliseu-estrutura-81.jpg","jetpack_sharing_enabled":true,"jetpack_shortlink":"https:\/\/wp.me\/p6rqUQ-2FG","_links":{"self":[{"href":"https:\/\/blogs.gazetaesportiva.com\/planeta-octogono\/wp-json\/wp\/v2\/posts\/10272","targetHints":{"allow":["GET"]}}],"collection":[{"href":"https:\/\/blogs.gazetaesportiva.com\/planeta-octogono\/wp-json\/wp\/v2\/posts"}],"about":[{"href":"https:\/\/blogs.gazetaesportiva.com\/planeta-octogono\/wp-json\/wp\/v2\/types\/post"}],"author":[{"embeddable":true,"href":"https:\/\/blogs.gazetaesportiva.com\/planeta-octogono\/wp-json\/wp\/v2\/users\/33"}],"replies":[{"embeddable":true,"href":"https:\/\/blogs.gazetaesportiva.com\/planeta-octogono\/wp-json\/wp\/v2\/comments?post=10272"}],"version-history":[{"count":0,"href":"https:\/\/blogs.gazetaesportiva.com\/planeta-octogono\/wp-json\/wp\/v2\/posts\/10272\/revisions"}],"wp:featuredmedia":[{"embeddable":true,"href":"https:\/\/blogs.gazetaesportiva.com\/planeta-octogono\/wp-json\/wp\/v2\/media\/10273"}],"wp:attachment":[{"href":"https:\/\/blogs.gazetaesportiva.com\/planeta-octogono\/wp-json\/wp\/v2\/media?parent=10272"}],"wp:term":[{"taxonomy":"category","embeddable":true,"href":"https:\/\/blogs.gazetaesportiva.com\/planeta-octogono\/wp-json\/wp\/v2\/categories?post=10272"},{"taxonomy":"post_tag","embeddable":true,"href":"https:\/\/blogs.gazetaesportiva.com\/planeta-octogono\/wp-json\/wp\/v2\/tags?post=10272"}],"curies":[{"name":"wp","href":"https:\/\/api.w.org\/{rel}","templated":true}]}}